{"id":9281,"date":"2021-09-12T17:40:52","date_gmt":"2021-09-12T17:40:52","guid":{"rendered":"http:\/\/parafiabesko.pl\/?p=9281"},"modified":"2021-09-12T17:40:52","modified_gmt":"2021-09-12T17:40:52","slug":"ogloszenia-parafialne-12-09-2021-r","status":"publish","type":"post","link":"https:\/\/parafiabesko.pl\/?p=9281","title":{"rendered":"Og\u0142oszenia parafialne 12.09.2021 r."},"content":{"rendered":"<h4 style=\"text-align: center;\"><strong>24 \u00a0Niedziela zwyk\u0142a<\/strong><\/h4>\n<h4 style=\"text-align: center;\"><strong>12.09.2021 roku<\/strong><\/h4>\n<h5>W poniedzia\u0142ek od godz. 16.00 spowied\u017a przed odpustem. O godz. 18.00 modlitwa przy relikwiach \u015bw. Jana Paw\u0142a II.<\/h5>\n<h5><strong>We wtorek<\/strong>\u00a0 &#8211; <strong>14 wrze\u015bnia<\/strong> &#8211; <strong>\u015awi\u0119to Podwy\u017cszenia Krzy\u017ca \u015awi\u0119tego\u00a0 g\u0142\u00f3wny odpust naszej Parafii<\/strong>.<\/h5>\n<h5>Porz\u0105dek Mszy \u015bw. w Besku:<\/h5>\n<h5><strong>&#8211; rano godz. 7.30<\/strong><\/h5>\n<h5><strong>&#8211; uroczysta suma dzi\u0119kczynna w 25 rocznic\u0119 po\u015bwi\u0119cenia nowej \u015bwi\u0105tyni w Besku o godz.11.00<\/strong>. Na t\u0119 uroczysto\u015b\u0107 serdecznie zapraszamy wszystkich Parafian, a moja sugestia, aby rodziny mieszkaj\u0105ce w Besku zaprosi\u0142y swoje dzieci, wnuki \u2013 niech ten dzie\u0144 b\u0119dzie dla naszej wsp\u00f3lnoty parafialnej \u2013 dniem wdzi\u0119czno\u015bci Panu Bogu i dobroczy\u0144com, a tak\u017ce \u015bwi\u0119tem rodzinnym.<\/h5>\n<h5>Uroczystej Mszy \u015bw. odpustowej przewodniczy <strong>ks. Bp Marian Rojek- ordynariusz diecezji Zamojsko-lubaczowskiej,<\/strong> s\u0142owo Bo\u017ce wyg\u0142osi <strong>ks. dr Micha\u0142 Mierzwa<\/strong>, do koncelebry zostali zaproszeni ksi\u0119\u017ca rodacy, ksi\u0119\u017ca wikariusze \u2013 kt\u00f3rzy pos\u0142ugiwali w nowej \u015bwi\u0105tyni w ostatnich 25 latach oraz ksi\u0119\u017ca z naszego dekanatu. Zaproszone zosta\u0142y siostry zakonne pochodz\u0105ce z naszej Parafii oraz siostry felicjanki obecnie pos\u0142uguj\u0105ce w naszej Parafii. Parafia zaprosi\u0142a tak\u017ce w\u0142adze naszej Gminy.<\/h5>\n<h5>Po \u00a0sumie procesja eucharystyczna wok\u00f3\u0142 nowego ko\u015bcio\u0142a na kt\u00f3r\u0105 serdecznie zapraszamy ma\u0142e dzieci do sypania kwiat\u00f3w i dzieci z klasy czwartej w strojach pierwszokomunijnych. Po zako\u0144czeniu procesji eucharystycznej i od\u015bpiewaniu hymnu; Bo\u017ce co\u015b Polsk\u0119, zostan\u0105 po\u015bwi\u0119cone dewocjonalia.<\/h5>\n<h5><strong>&#8211; po po\u0142udniu Msza \u015bw. o godz. 18.00<\/strong><\/h5>\n<h5><strong><em>W tym dniu w naszej Parafii jest obowi\u0105zek uczestniczenia we Mszy \u015bw. i mo\u017cemy zyska\u0107 odpust zupe\u0142ny pod zwyk\u0142ymi warunkami.<\/em><\/strong><\/h5>\n<h5>W \u015brod\u0119 o godz. 18.00 Nowenna do Matki Bo\u017cej Nieustaj\u0105cej Pomocy.<\/h5>\n<h5>Cieszymy si\u0119, \u017ce w Besku zorganizowa\u0142a si\u0119 grupa 12 niewiast, kt\u00f3ra odt\u0105d w strojach ludowych b\u0119dzie nosi\u0142a w czasie procesji trzy wa\u017cne dla naszej Parafii znaki naszej wiary: figur\u0119 Matki Bo\u017cej Fatimskiej, obraz Matki Bo\u017cej Cz\u0119stochowskiej i obraz Jezusa Mi\u0142osiernego. Jak pami\u0119tamy te znaki religijne w ci\u0105gu ostatnich 25 lat nawiedzi\u0142y nasze rodziny, a \u015bwiadectwem tych spotka\u0144 s\u0105 Pami\u0105tkowe ksi\u0119gi pr\u00f3\u015bb i podzi\u0119kowa\u0144 w kancelarii parafialnej.<\/h5>\n<h5>Na cmentarzu parafialnym kontenery na \u015bmieci z cmentarza zosta\u0142y przestawione na drug\u0105 stron\u0119 cmentarza, prosimy Parafian, aby odt\u0105d z cmentarza tam sk\u0142adowa\u0107 \u015bmieci.<\/h5>\n","protected":false},"excerpt":{"rendered":"<p>24 \u00a0Niedziela zwyk\u0142a 12.09.2021 roku W poniedzia\u0142ek od godz. 16.00 spowied\u017a przed odpustem. O godz. 18.00 modlitwa przy relikwiach \u015bw. Jana Paw\u0142a II. We wtorek\u00a0 &#8211; 14 wrze\u015bnia &#8211; \u015awi\u0119to Podwy\u017cszenia Krzy\u017ca \u015awi\u0119tego\u00a0 g\u0142\u00f3wny odpust naszej Parafii. Porz\u0105dek Mszy \u015bw. w Besku: &#8211; rano godz. 7.30 &#8211; uroczysta suma dzi\u0119kczynna<span class=\"more-link\"><a href=\"https:\/\/parafiabesko.pl\/?p=9281\">Czytaj wi\u0119cej<\/a><\/span><\/p>\n","protected":false},"author":1,"featured_media":0,"comment_status":"closed","ping_status":"open","sticky":false,"template":"","format":"standard","meta":{"footnotes":""},"categories":[7],"tags":[],"class_list":["entry","author-adminparafiibesko","post-9281","post","type-post","status-publish","format-standard","category-ogloszenia-parafialne"],"_links":{"self":[{"href":"https:\/\/parafiabesko.pl\/index.php?rest_route=\/wp\/v2\/posts\/9281","targetHints":{"allow":["GET"]}}],"collection":[{"href":"https:\/\/parafiabesko.pl\/index.php?rest_route=\/wp\/v2\/posts"}],"about":[{"href":"https:\/\/parafiabesko.pl\/index.php?rest_route=\/wp\/v2\/types\/post"}],"author":[{"embeddable":true,"href":"https:\/\/parafiabesko.pl\/index.php?rest_route=\/wp\/v2\/users\/1"}],"replies":[{"embeddable":true,"href":"https:\/\/parafiabesko.pl\/index.php?rest_route=%2Fwp%2Fv2%2Fcomments&post=9281"}],"version-history":[{"count":0,"href":"https:\/\/parafiabesko.pl\/index.php?rest_route=\/wp\/v2\/posts\/9281\/revisions"}],"wp:attachment":[{"href":"https:\/\/parafiabesko.pl\/index.php?rest_route=%2Fwp%2Fv2%2Fmedia&parent=9281"}],"wp:term":[{"taxonomy":"category","embeddable":true,"href":"https:\/\/parafiabesko.pl\/index.php?rest_route=%2Fwp%2Fv2%2Fcategories&post=9281"},{"taxonomy":"post_tag","embeddable":true,"href":"https:\/\/parafiabesko.pl\/index.php?rest_route=%2Fwp%2Fv2%2Ftags&post=9281"}],"curies":[{"name":"wp","href":"https:\/\/api.w.org\/{rel}","templated":true}]}}