{"id":9279,"date":"2021-09-12T17:35:50","date_gmt":"2021-09-12T17:35:50","guid":{"rendered":"http:\/\/parafiabesko.pl\/?p=9279"},"modified":"2021-09-12T17:35:50","modified_gmt":"2021-09-12T17:35:50","slug":"intencje-mszalne-13-19-2021-r","status":"publish","type":"post","link":"https:\/\/parafiabesko.pl\/?p=9279","title":{"rendered":"Intencje mszalne 13-19.2021 r."},"content":{"rendered":"<table width=\"101%\">\n<tbody>\n<tr>\n<td colspan=\"3\" width=\"100%\"><strong>\u00a0<\/strong><\/p>\n<p><strong>\u00a0<\/strong><strong>24 Niedziela zwyk\u0142a<\/strong><\/p>\n<p><strong>13 \u2013 19.09.2021r.<\/strong><\/p>\n<p>&nbsp;<\/td>\n<\/tr>\n<tr>\n<td rowspan=\"2\" width=\"32%\"><strong>Poniedzia\u0142ek<\/strong><\/p>\n<p>13.09.2021r.<\/td>\n<td width=\"11%\">7.00<\/td>\n<td width=\"55%\">+ Kazimierz Wr\u00f3bel of. s\u0105siedzi z ul. Sadowej<\/td>\n<\/tr>\n<tr>\n<td width=\"11%\">18.00<\/td>\n<td width=\"55%\">1. + Zofia, J\u00f3zef Trojanowscy Jolanta<\/p>\n<p>2. + Ryszard Szczudlik<\/td>\n<\/tr>\n<tr>\n<td rowspan=\"2\" width=\"32%\"><strong>Wtorek <\/strong><\/p>\n<p><strong>Odpust parafialny<\/strong><\/p>\n<p>14.09.2021<\/td>\n<td width=\"11%\"><strong>7.30<\/strong><\/p>\n<p><strong>\u00a0<\/strong><\/p>\n<p><strong>11.00<\/strong><\/td>\n<td width=\"55%\">1. + Stanis\u0142aw, W\u0142adys\u0142aw i Anastazja Banek<\/p>\n<p>2. + Tomasz Hajduk of. te\u015bciowie<\/p>\n<p><strong>Jubileuszowa Msza \u015bw.<\/strong><\/td>\n<\/tr>\n<tr>\n<td width=\"11%\"><strong>18.00<\/strong><\/td>\n<td width=\"55%\">+ Jan Ja\u015blar \/2 r. \u015bm.\/ i zmarli z rodziny<\/td>\n<\/tr>\n<tr>\n<td rowspan=\"2\" width=\"32%\"><strong>\u015aroda\u00a0 <\/strong><\/p>\n<p>15.09.2021<\/td>\n<td width=\"11%\">7.00<\/td>\n<td width=\"55%\">+ J\u00f3zef Szul of. wnuk Kamil z \u017con\u0105<\/td>\n<\/tr>\n<tr>\n<td width=\"11%\">18.00<\/td>\n<td width=\"55%\">1. + Wanda W\u0142adys\u0142aw W\u0119grzyn \/19 r. \u015bm.\/<\/p>\n<p>2. + Stefani\u0119 i Stanis\u0142aw<\/td>\n<\/tr>\n<tr>\n<td rowspan=\"2\" width=\"32%\"><strong>Czwartek <\/strong><\/p>\n<p>16.09.2021<\/td>\n<td width=\"11%\">7.00<\/td>\n<td width=\"55%\">+ Zofia Pitrus of. syn Darek z \u017con\u0105<\/td>\n<\/tr>\n<tr>\n<td width=\"11%\">18.00<\/td>\n<td width=\"55%\">1. \u2013 dzi\u0119kczynno-b\u0142agalna<\/p>\n<p>2. + Anna, Ludwik Zubik of. rodzina Wac\u0142awskich<\/td>\n<\/tr>\n<tr>\n<td rowspan=\"2\" width=\"32%\"><strong>Pi\u0105tek<\/strong><\/p>\n<p>17.09.2021<\/td>\n<td width=\"11%\">7.00<\/td>\n<td width=\"55%\">+ Kazimierz Wr\u00f3bel of. siostra Helena z m\u0119\u017cem<\/td>\n<\/tr>\n<tr>\n<td width=\"11%\">18.00<\/td>\n<td width=\"55%\">1. + Andrzej, Stanis\u0142aw\u0119 \u015aliwa i zmarli z rodziny<\/p>\n<p>2. + Eugenia. Henryk Szul of.c\u00f3rka Zofia<\/td>\n<\/tr>\n<tr>\n<td rowspan=\"2\" width=\"32%\"><strong>Sobota <\/strong><\/p>\n<p>18.09.2021<\/td>\n<td width=\"11%\">7.00<\/td>\n<td width=\"55%\">+ J\u00f3zef Szul of. syn Marek z \u017con\u0105<\/td>\n<\/tr>\n<tr>\n<td width=\"11%\">\u00a0\u00a0\u00a0 18.00<\/td>\n<td width=\"55%\">1. \u2013 dzi\u0119kczynna za otrzymane \u0142aski zdrowia i opiek\u0119 Bo\u017c\u0105 w rodzinie<\/p>\n<p>2. + Stefania Janowska of. firma Buksan-\u0141yko<\/td>\n<\/tr>\n<tr>\n<td rowspan=\"4\" width=\"32%\"><strong>NIEDZIELA <\/strong><\/p>\n<p><strong>\u00a0<\/strong><\/p>\n<p>19.09.2021<\/td>\n<td width=\"11%\">7.30<\/td>\n<td width=\"55%\">+ Irena W\u0142adys\u0142aw Krupianik<\/td>\n<\/tr>\n<tr>\n<td width=\"11%\">9.15<\/td>\n<td width=\"55%\">+ Franciszek i zm. z rodziny<\/td>\n<\/tr>\n<tr>\n<td width=\"11%\">11.00<\/td>\n<td width=\"55%\"><strong>\u00a0\u00a0 ZA PARAFIAN<\/strong><\/td>\n<\/tr>\n<tr>\n<td width=\"11%\">16.30<\/td>\n<td width=\"55%\">+ Zofia, J\u00f3zef Szul<\/td>\n<\/tr>\n<\/tbody>\n<\/table>\n<p>&nbsp;<\/p>\n","protected":false},"excerpt":{"rendered":"<p>\u00a0 \u00a024 Niedziela zwyk\u0142a 13 \u2013 19.09.2021r. &nbsp; Poniedzia\u0142ek 13.09.2021r. 7.00 + Kazimierz Wr\u00f3bel of. s\u0105siedzi z ul. Sadowej 18.00 1. + Zofia, J\u00f3zef Trojanowscy Jolanta 2. + Ryszard Szczudlik Wtorek Odpust parafialny 14.09.2021 7.30 \u00a0 11.00 1. + Stanis\u0142aw, W\u0142adys\u0142aw i Anastazja Banek 2. + Tomasz Hajduk of. te\u015bciowie<span class=\"more-link\"><a href=\"https:\/\/parafiabesko.pl\/?p=9279\">Czytaj wi\u0119cej<\/a><\/span><\/p>\n","protected":false},"author":1,"featured_media":0,"comment_status":"closed","ping_status":"open","sticky":false,"template":"","format":"standard","meta":{"footnotes":""},"categories":[4],"tags":[],"class_list":["entry","author-adminparafiibesko","post-9279","post","type-post","status-publish","format-standard","category-intencje-mszalne"],"_links":{"self":[{"href":"https:\/\/parafiabesko.pl\/index.php?rest_route=\/wp\/v2\/posts\/9279","targetHints":{"allow":["GET"]}}],"collection":[{"href":"https:\/\/parafiabesko.pl\/index.php?rest_route=\/wp\/v2\/posts"}],"about":[{"href":"https:\/\/parafiabesko.pl\/index.php?rest_route=\/wp\/v2\/types\/post"}],"author":[{"embeddable":true,"href":"https:\/\/parafiabesko.pl\/index.php?rest_route=\/wp\/v2\/users\/1"}],"replies":[{"embeddable":true,"href":"https:\/\/parafiabesko.pl\/index.php?rest_route=%2Fwp%2Fv2%2Fcomments&post=9279"}],"version-history":[{"count":0,"href":"https:\/\/parafiabesko.pl\/index.php?rest_route=\/wp\/v2\/posts\/9279\/revisions"}],"wp:attachment":[{"href":"https:\/\/parafiabesko.pl\/index.php?rest_route=%2Fwp%2Fv2%2Fmedia&parent=9279"}],"wp:term":[{"taxonomy":"category","embeddable":true,"href":"https:\/\/parafiabesko.pl\/index.php?rest_route=%2Fwp%2Fv2%2Fcategories&post=9279"},{"taxonomy":"post_tag","embeddable":true,"href":"https:\/\/parafiabesko.pl\/index.php?rest_route=%2Fwp%2Fv2%2Ftags&post=9279"}],"curies":[{"name":"wp","href":"https:\/\/api.w.org\/{rel}","templated":true}]}}