{"id":9244,"date":"2021-09-05T17:20:24","date_gmt":"2021-09-05T17:20:24","guid":{"rendered":"http:\/\/parafiabesko.pl\/?p=9244"},"modified":"2021-09-05T17:20:24","modified_gmt":"2021-09-05T17:20:24","slug":"ogloszenia-parafialne-5-09-2021r","status":"publish","type":"post","link":"https:\/\/parafiabesko.pl\/?p=9244","title":{"rendered":"Og\u0142oszenia parafialne 5.09.2021r."},"content":{"rendered":"<ul>\n<li style=\"text-align: center;\"><strong>23 Niedziela zwyk\u0142a<\/strong><\/li>\n<li style=\"text-align: center;\"><strong>5.09.2021 roku<\/strong><\/li>\n<\/ul>\n<p><strong>\u00a0<\/strong>1. Dzisiaj przypada Niedziela Adoracyjna, od godziny 12.00 do 16.00 prywatna adoracja rodzin naszej Parafii, o godzinie 16.00 nabo\u017ce\u0144stwo r\u00f3\u017ca\u0144cowe i zmiana tajemnic, adoruje r\u00f3\u017ca Matki Bo\u017cej R\u00f3\u017ca\u0144cowej prze\u0142o\u017cona Beata Hedesz.<\/p>\n<p>2. Dzisiejsza taca przeznaczona jest na Wy\u017csze Seminarium Duchowne w Przemy\u015blu.<\/p>\n<p>3. W poniedzia\u0142ek o godzinie 18.00 modlitwa przy relikwiach \u015bw. Jana Paw\u0142a II.<\/p>\n<p>3. We wtorek\u00a0 godz. 18.00 nabo\u017ce\u0144stwo do Bo\u017cego Mi\u0142osierdzia.<\/p>\n<p>4. W \u015brod\u0119 przypada \u015awi\u0119to Narodzenia NMP \u2013 Matki Bo\u017cej Siewnej o godz. 18.00 Nowenna do Matki Bo\u017cej Nieustaj\u0105cej Pomocy.<\/p>\n<p>5. Dzisiaj po Mszach \u015bw. zbi\u00f3rka do puszki na pomoc dla Afga\u0144czyk\u00f3w przyby\u0142ych do Polski.<\/p>\n<p>6. Po Mszach \u015bw. mo\u017cna naby\u0107 p\u0142yt\u0119 nagran\u0105 przez nasz\u0105 schol\u0119, ofiary przeznaczone s\u0105 na pomoc chrze\u015bcijanom w Libanie.<\/p>\n<ol start=\"7\">\n<li>\u00a0Wsp\u00f3lnota Matki s\u0142owa rozpoczyna nowy rok formacji i zaprasza na wtorek na Msz\u0119 \u015bw. Spotkanie wszystkich ch\u0119tnych.<\/li>\n<li>\u00a0Ks. Pawe\u0142 zaprasza m\u0142odzie\u017c KSM-u na pierwsze spotkanie formacyjne w sobot\u0119 po Mszy \u015bw. wieczorowej.<\/li>\n<li>\u00a0W czwartek po Mszy \u015bw. wieczorowej spotkanie ministrant\u00f3w.<\/li>\n<\/ol>\n","protected":false},"excerpt":{"rendered":"<p>23 Niedziela zwyk\u0142a 5.09.2021 roku \u00a01. Dzisiaj przypada Niedziela Adoracyjna, od godziny 12.00 do 16.00 prywatna adoracja rodzin naszej Parafii, o godzinie 16.00 nabo\u017ce\u0144stwo r\u00f3\u017ca\u0144cowe i zmiana tajemnic, adoruje r\u00f3\u017ca Matki Bo\u017cej R\u00f3\u017ca\u0144cowej prze\u0142o\u017cona Beata Hedesz. 2. Dzisiejsza taca przeznaczona jest na Wy\u017csze Seminarium Duchowne w Przemy\u015blu. 3. W poniedzia\u0142ek<span class=\"more-link\"><a href=\"https:\/\/parafiabesko.pl\/?p=9244\">Czytaj wi\u0119cej<\/a><\/span><\/p>\n","protected":false},"author":1,"featured_media":0,"comment_status":"closed","ping_status":"open","sticky":false,"template":"","format":"standard","meta":{"footnotes":""},"categories":[7],"tags":[],"class_list":["entry","author-adminparafiibesko","post-9244","post","type-post","status-publish","format-standard","category-ogloszenia-parafialne"],"_links":{"self":[{"href":"https:\/\/parafiabesko.pl\/index.php?rest_route=\/wp\/v2\/posts\/9244","targetHints":{"allow":["GET"]}}],"collection":[{"href":"https:\/\/parafiabesko.pl\/index.php?rest_route=\/wp\/v2\/posts"}],"about":[{"href":"https:\/\/parafiabesko.pl\/index.php?rest_route=\/wp\/v2\/types\/post"}],"author":[{"embeddable":true,"href":"https:\/\/parafiabesko.pl\/index.php?rest_route=\/wp\/v2\/users\/1"}],"replies":[{"embeddable":true,"href":"https:\/\/parafiabesko.pl\/index.php?rest_route=%2Fwp%2Fv2%2Fcomments&post=9244"}],"version-history":[{"count":0,"href":"https:\/\/parafiabesko.pl\/index.php?rest_route=\/wp\/v2\/posts\/9244\/revisions"}],"wp:attachment":[{"href":"https:\/\/parafiabesko.pl\/index.php?rest_route=%2Fwp%2Fv2%2Fmedia&parent=9244"}],"wp:term":[{"taxonomy":"category","embeddable":true,"href":"https:\/\/parafiabesko.pl\/index.php?rest_route=%2Fwp%2Fv2%2Fcategories&post=9244"},{"taxonomy":"post_tag","embeddable":true,"href":"https:\/\/parafiabesko.pl\/index.php?rest_route=%2Fwp%2Fv2%2Ftags&post=9244"}],"curies":[{"name":"wp","href":"https:\/\/api.w.org\/{rel}","templated":true}]}}