{"id":9242,"date":"2021-09-05T17:13:21","date_gmt":"2021-09-05T17:13:21","guid":{"rendered":"http:\/\/parafiabesko.pl\/?p=9242"},"modified":"2021-09-05T17:13:21","modified_gmt":"2021-09-05T17:13:21","slug":"intencje-mszalne-6-12-09-2021-r","status":"publish","type":"post","link":"https:\/\/parafiabesko.pl\/?p=9242","title":{"rendered":"Intencje mszalne 6 &#8211; 12.09.2021 r."},"content":{"rendered":"<table width=\"101%\">\n<tbody>\n<tr>\n<td colspan=\"3\" width=\"100%\"><strong>\u00a0<\/strong><\/p>\n<p><strong>23 Niedziela zwyk\u0142a<\/strong><\/p>\n<p><strong>05 \u2013 12.09.2021r.<\/strong><\/td>\n<\/tr>\n<tr>\n<td rowspan=\"2\" width=\"32%\"><strong>Poniedzia\u0142ek<\/strong><\/p>\n<p>6.09.2021r.<\/td>\n<td width=\"11%\">7.00<\/td>\n<td width=\"55%\">+ Kazimierz Wr\u00f3bel of. Tomasz Mroczkowski z rodzin\u0105<\/td>\n<\/tr>\n<tr>\n<td width=\"11%\">18.00<\/td>\n<td width=\"55%\">1.+ Stanis\u0142aw Kr\u0119pulec \/4 r. \u015bm.\/ i zmarli rodzice<\/p>\n<p>2. + Krystyna Florek \/3 r. \u015bm.\/ i zmarli rodzice<\/td>\n<\/tr>\n<tr>\n<td rowspan=\"2\" width=\"32%\"><strong>Wtorek <\/strong><\/p>\n<p>7.09.2021<\/td>\n<td width=\"11%\">7.00<\/td>\n<td width=\"55%\">+ Robert Penar i zmarli z rodziny Penar\u00f3w i Kwiatkowskich<\/td>\n<\/tr>\n<tr>\n<td width=\"11%\">18.00<\/td>\n<td width=\"55%\">1. + Janina, Bronis\u0142aw, Jan<\/p>\n<p>2. + Stanis\u0142aw i Ludwik\u0119 Gospodarczyk<\/td>\n<\/tr>\n<tr>\n<td rowspan=\"2\" width=\"32%\"><strong>\u015aroda\u00a0 <\/strong><\/p>\n<p>8.09.2021<\/td>\n<td width=\"11%\">7.00<\/td>\n<td width=\"55%\">+ W\u0142adys\u0142aw, Magdalena Majdosz<\/td>\n<\/tr>\n<tr>\n<td width=\"11%\">18.00<\/td>\n<td width=\"55%\">1. + Tadeusz Nycz<\/p>\n<p>2. + zmarli z rodziny Skiba<\/td>\n<\/tr>\n<tr>\n<td rowspan=\"2\" width=\"32%\"><strong>Czwartek <\/strong><\/p>\n<p>9.09.2021<\/td>\n<td width=\"11%\">7.00<\/td>\n<td width=\"55%\">+ Jan, Maria Kr\u00f3l<\/td>\n<\/tr>\n<tr>\n<td width=\"11%\">18.00<\/td>\n<td width=\"55%\">1. + Roman Mermer<\/p>\n<p>2. + Kazimiera Czy\u017c<\/td>\n<\/tr>\n<tr>\n<td rowspan=\"2\" width=\"32%\"><strong>Pi\u0105tek<\/strong><\/p>\n<p>10.09.2021<\/td>\n<td width=\"11%\">7.00<\/td>\n<td width=\"55%\">+ Zofia Pitrus of. s\u0105siedzi z ul. Kolejowej<\/td>\n<\/tr>\n<tr>\n<td width=\"11%\">18.00<\/td>\n<td width=\"55%\">1. + Zdzis\u0142aw, Katarzyna, J\u00f3zef<\/p>\n<p>2. + Janina Prugar of. kole\u017canki z PASS-POLSKA<\/td>\n<\/tr>\n<tr>\n<td rowspan=\"2\" width=\"32%\"><strong>Sobota <\/strong><\/p>\n<p>11.09.2021<\/td>\n<td width=\"11%\">7.00<\/td>\n<td width=\"55%\">&#8211; dzi\u0119kczynna w 50 rocznic\u0119 \u015blubu Marii i Eugeniusz<\/td>\n<\/tr>\n<tr>\n<td width=\"11%\">\u00a0\u00a0\u00a0 18.00<\/td>\n<td width=\"55%\">1. + Antonina, Rudolf, Rozalia, Piotr<\/p>\n<p>2. + Maria, J\u00f3zef Wac\u0142awscy of. syn z rodzin\u0105<\/td>\n<\/tr>\n<tr>\n<td rowspan=\"4\" width=\"32%\"><strong>NIEDZIELA <\/strong><\/p>\n<p><strong>\u00a0<\/strong><\/p>\n<p>12.09.2021<\/td>\n<td width=\"11%\">7.30<\/td>\n<td width=\"55%\">&#8211; dzi\u0119kczynna w 30 rocznic\u0119 \u015blubu Krystyny i Stanis\u0142awa z pro\u015bb\u0105 o Bo\u017c\u0105 opiek\u0119<\/td>\n<\/tr>\n<tr>\n<td width=\"11%\">9.15<\/td>\n<td width=\"55%\">+ Janina Prugar of. kole\u017canki z PASS-POLSKA<\/td>\n<\/tr>\n<tr>\n<td width=\"11%\">11.00<\/td>\n<td width=\"55%\"><strong>ZA PARAFIAN<\/strong><\/td>\n<\/tr>\n<tr>\n<td width=\"11%\">16.30<\/td>\n<td width=\"55%\">+ Stanis\u0142aw, Adolf Szafran i zmar\u0142ych rodzic\u00f3w<\/td>\n<\/tr>\n<\/tbody>\n<\/table>\n","protected":false},"excerpt":{"rendered":"<p>\u00a0 23 Niedziela zwyk\u0142a 05 \u2013 12.09.2021r. Poniedzia\u0142ek 6.09.2021r. 7.00 + Kazimierz Wr\u00f3bel of. Tomasz Mroczkowski z rodzin\u0105 18.00 1.+ Stanis\u0142aw Kr\u0119pulec \/4 r. \u015bm.\/ i zmarli rodzice 2. + Krystyna Florek \/3 r. \u015bm.\/ i zmarli rodzice Wtorek 7.09.2021 7.00 + Robert Penar i zmarli z rodziny Penar\u00f3w i<span class=\"more-link\"><a href=\"https:\/\/parafiabesko.pl\/?p=9242\">Czytaj wi\u0119cej<\/a><\/span><\/p>\n","protected":false},"author":1,"featured_media":0,"comment_status":"closed","ping_status":"open","sticky":false,"template":"","format":"standard","meta":{"footnotes":""},"categories":[4],"tags":[],"class_list":["entry","author-adminparafiibesko","post-9242","post","type-post","status-publish","format-standard","category-intencje-mszalne"],"_links":{"self":[{"href":"https:\/\/parafiabesko.pl\/index.php?rest_route=\/wp\/v2\/posts\/9242","targetHints":{"allow":["GET"]}}],"collection":[{"href":"https:\/\/parafiabesko.pl\/index.php?rest_route=\/wp\/v2\/posts"}],"about":[{"href":"https:\/\/parafiabesko.pl\/index.php?rest_route=\/wp\/v2\/types\/post"}],"author":[{"embeddable":true,"href":"https:\/\/parafiabesko.pl\/index.php?rest_route=\/wp\/v2\/users\/1"}],"replies":[{"embeddable":true,"href":"https:\/\/parafiabesko.pl\/index.php?rest_route=%2Fwp%2Fv2%2Fcomments&post=9242"}],"version-history":[{"count":0,"href":"https:\/\/parafiabesko.pl\/index.php?rest_route=\/wp\/v2\/posts\/9242\/revisions"}],"wp:attachment":[{"href":"https:\/\/parafiabesko.pl\/index.php?rest_route=%2Fwp%2Fv2%2Fmedia&parent=9242"}],"wp:term":[{"taxonomy":"category","embeddable":true,"href":"https:\/\/parafiabesko.pl\/index.php?rest_route=%2Fwp%2Fv2%2Fcategories&post=9242"},{"taxonomy":"post_tag","embeddable":true,"href":"https:\/\/parafiabesko.pl\/index.php?rest_route=%2Fwp%2Fv2%2Ftags&post=9242"}],"curies":[{"name":"wp","href":"https:\/\/api.w.org\/{rel}","templated":true}]}}