{"id":9218,"date":"2021-08-29T19:45:22","date_gmt":"2021-08-29T19:45:22","guid":{"rendered":"http:\/\/parafiabesko.pl\/?p=9218"},"modified":"2021-08-29T19:45:22","modified_gmt":"2021-08-29T19:45:22","slug":"ogloszenia-parafialne-29-08-2021-r","status":"publish","type":"post","link":"https:\/\/parafiabesko.pl\/?p=9218","title":{"rendered":"Og\u0142oszenia parafialne 29.08.2021 r."},"content":{"rendered":"<p><strong>22 \u00a0Niedziela zwyk\u0142a<\/strong><\/p>\n<p><strong>29.08.2021 rok<\/strong><\/p>\n<ol>\n<li>Decyzj\u0105 ksi\u0119dza arcybiskupa Metropolity Przemyskiego Adama Szala pos\u0142ug\u0119 duszpastersk\u0105 w naszej Parafii zako\u0144czyli ksi\u0119\u017ca wikariusze: ks. Rados\u0142aw Kowolek i ks. Rafa\u0142 Szyku\u0142a, serdecznie dzi\u0119kujemy za gorliw\u0105 prac\u0119 nad u\u015bwi\u0119ceniem naszych dusz. Pos\u0142ug\u0119 rozpoczynaj\u0105 ksi\u0119\u017ca: ks. Pawe\u0142 Bajger i ks. Artur Ochab. \u017byczymy nowym kap\u0142anom wiele rado\u015bci kap\u0142a\u0144skiej w pracy duszpasterskiej w naszej Parafii. Odchodz\u0105cych i przychodz\u0105cych kap\u0142an\u00f3w polecamy modlitwie parafian.<\/li>\n<li>Od poniedzia\u0142ku spowied\u017a przed pierwszym pi\u0105tkiem miesi\u0105ca rano i wieczorem przed Msz\u0105 \u015bw.<\/li>\n<li>W poniedzia\u0142ek o godzinie 18.00 modlitwa przy relikwiach \u015bw. Jana Paw\u0142a II.<\/li>\n<li>Spowied\u017a na rozpocz\u0119cie nowego roku szkolnego i katechetycznego we wtorek od godziny 16.00. Prosimy rodzic\u00f3w, aby przypomnieli dzieciom o spowiedzi.<\/li>\n<li>We wtorek o godz. 18.00 nabo\u017ce\u0144stwo do Bo\u017cego Mi\u0142osierdzia.<\/li>\n<li>W \u015brod\u0119 w ko\u015bciele w Besku o godz. 8.00 Msza \u015bw. na rozpocz\u0119cie nowego roku szkolnego i katechetycznego. Zapraszamy r\u00f3wnie\u017c rodzic\u00f3w, nauczycieli i wychowawc\u00f3w na wsp\u00f3ln\u0105 modlitw\u0119.<\/li>\n<li>W \u015brod\u0119 w ko\u015bciele w Mymoniu o godz. 10.00 Msza \u015bw. na rozpocz\u0119cie nowego roku szkolnego i katechetycznego. Zapraszamy r\u00f3wnie\u017c rodzic\u00f3w, nauczycieli i wychowawc\u00f3w na wsp\u00f3ln\u0105 modlitw\u0119.<\/li>\n<li>W \u015brod\u0119 o godz. 18.00 Nowenna do Matki Bo\u017cej Nieustaj\u0105cej Pomocy.<\/li>\n<li>Pierwszy czwartek miesi\u0105ca o godzinie 18.00 Godzina \u015bwi\u0119ta.<\/li>\n<li>Pierwszy pi\u0105tek miesi\u0105ca o godzinie 7.00 Msza \u015bwi\u0119ta i adoracja, adoruje r\u00f3\u017ca Matki Bo\u017cej Bolesnej prze\u0142o\u017cona Maria Kornasiewicz, wieczorem o godzinie 18.00 Msza \u015bwi\u0119ta i adoracja. W ko\u015bcio\u0142ach filialnych w Por\u0119bach i Mymoniu o godz. 15.30 adoracja, spowied\u017a i Msza \u015bwi\u0119ta. Chorych w Besku b\u0119dziemy odwiedza od godz. 8.00.<\/li>\n<li>Pierwsza sobota miesi\u0105ca o godz. 7.00 Msza \u015bw. i nabo\u017ce\u0144stwo do Matki Bo\u017cej adoruje r\u00f3\u017ca Matki Bo\u017cej Cz\u0119stochowskiej prze\u0142o\u017cona Helena Folcik. Wieczorem o godz. 20.00 wiecz\u00f3r fatimski.<\/li>\n<li>W przysz\u0142\u0105 niedziel\u0119 przypada Niedziela Adoracyjna, od godziny 12.00 do 16.00 prywatna adoracja rodzin naszej Parafii, o godzinie 16.00 nabo\u017ce\u0144stwo r\u00f3\u017ca\u0144cowe i zmiana tajemnic, adoruje r\u00f3\u017ca Matki Bo\u017cej R\u00f3\u017ca\u0144cowej prze\u0142o\u017cona Beata Hedesz.<\/li>\n<\/ol>\n<p>&nbsp;<\/p>\n<p>Drodzy parafianie. Dzisiaj po Mszy \u015bw. mo\u017cna naby\u0107 p\u0142yt\u0119 kt\u00f3r\u0105 w minionym roku nasza m\u0142odzie\u017cowa schola wraz z\u00a0 dodatkowymi go\u015b\u0107mi pracowali nad wydaniem swojej p\u0142yty. Nagranie odby\u0142o si\u0119 w studio nagraniowym, a sama p\u0142yta zosta\u0142a profesjonalnie wydana. Zwracamy si\u0119 z gor\u0105c\u0105 pro\u015bb\u0105, gdy\u017c m\u0142odzie\u017c zdecydowa\u0142a, \u017ce ofiary ze sprzeda\u017cy przeka\u017ce chrze\u015bcijanom w Libanie, kt\u00f3rzy obecnie do\u015bwiadczaj\u0105 skrajnego ub\u00f3stwa. Zach\u0119camy do nabycia tej cegie\u0142ki dla siebie b\u0105d\u017a na prezent. Ofiara za p\u0142yt\u0119 to min. 20z\u0142. W imieniu chrze\u015bcijan z Libanu dzi\u0119kujemy za wsparcie.<\/p>\n","protected":false},"excerpt":{"rendered":"<p>22 \u00a0Niedziela zwyk\u0142a 29.08.2021 rok Decyzj\u0105 ksi\u0119dza arcybiskupa Metropolity Przemyskiego Adama Szala pos\u0142ug\u0119 duszpastersk\u0105 w naszej Parafii zako\u0144czyli ksi\u0119\u017ca wikariusze: ks. Rados\u0142aw Kowolek i ks. Rafa\u0142 Szyku\u0142a, serdecznie dzi\u0119kujemy za gorliw\u0105 prac\u0119 nad u\u015bwi\u0119ceniem naszych dusz. Pos\u0142ug\u0119 rozpoczynaj\u0105 ksi\u0119\u017ca: ks. Pawe\u0142 Bajger i ks. Artur Ochab. \u017byczymy nowym kap\u0142anom wiele<span class=\"more-link\"><a href=\"https:\/\/parafiabesko.pl\/?p=9218\">Czytaj wi\u0119cej<\/a><\/span><\/p>\n","protected":false},"author":1,"featured_media":0,"comment_status":"closed","ping_status":"open","sticky":false,"template":"","format":"standard","meta":{"footnotes":""},"categories":[7],"tags":[],"class_list":["entry","author-adminparafiibesko","post-9218","post","type-post","status-publish","format-standard","category-ogloszenia-parafialne"],"_links":{"self":[{"href":"https:\/\/parafiabesko.pl\/index.php?rest_route=\/wp\/v2\/posts\/9218","targetHints":{"allow":["GET"]}}],"collection":[{"href":"https:\/\/parafiabesko.pl\/index.php?rest_route=\/wp\/v2\/posts"}],"about":[{"href":"https:\/\/parafiabesko.pl\/index.php?rest_route=\/wp\/v2\/types\/post"}],"author":[{"embeddable":true,"href":"https:\/\/parafiabesko.pl\/index.php?rest_route=\/wp\/v2\/users\/1"}],"replies":[{"embeddable":true,"href":"https:\/\/parafiabesko.pl\/index.php?rest_route=%2Fwp%2Fv2%2Fcomments&post=9218"}],"version-history":[{"count":0,"href":"https:\/\/parafiabesko.pl\/index.php?rest_route=\/wp\/v2\/posts\/9218\/revisions"}],"wp:attachment":[{"href":"https:\/\/parafiabesko.pl\/index.php?rest_route=%2Fwp%2Fv2%2Fmedia&parent=9218"}],"wp:term":[{"taxonomy":"category","embeddable":true,"href":"https:\/\/parafiabesko.pl\/index.php?rest_route=%2Fwp%2Fv2%2Fcategories&post=9218"},{"taxonomy":"post_tag","embeddable":true,"href":"https:\/\/parafiabesko.pl\/index.php?rest_route=%2Fwp%2Fv2%2Ftags&post=9218"}],"curies":[{"name":"wp","href":"https:\/\/api.w.org\/{rel}","templated":true}]}}