{"id":9214,"date":"2021-08-29T18:50:12","date_gmt":"2021-08-29T18:50:12","guid":{"rendered":"http:\/\/parafiabesko.pl\/?p=9214"},"modified":"2021-08-29T18:50:12","modified_gmt":"2021-08-29T18:50:12","slug":"intencje-mszalne-30-08-5-09-2021-r","status":"publish","type":"post","link":"https:\/\/parafiabesko.pl\/?p=9214","title":{"rendered":"Intencje mszalne 30.08. &#8211; 5.09.2021 r."},"content":{"rendered":"<table width=\"101%\">\n<tbody>\n<tr>\n<td colspan=\"3\" width=\"100%\"><strong>\u00a0<\/strong><\/p>\n<p><strong>22 Niedziela zwyk\u0142a<\/strong><\/p>\n<p>30.08-4.09.2021r.<\/p>\n<p>&nbsp;<\/p>\n<p>&nbsp;<\/td>\n<\/tr>\n<tr>\n<td rowspan=\"2\" width=\"32%\"><strong>Poniedzia\u0142ek<\/strong><\/p>\n<p>30.09.2021 r.<\/td>\n<td width=\"11%\">7.00<\/p>\n<p>&nbsp;<\/td>\n<td width=\"55%\">+ Boles\u0142aw, Mieczys\u0142aw, Edward. Kazimierz, Jerzy Czech<\/td>\n<\/tr>\n<tr>\n<td width=\"11%\">18.00<\/td>\n<td width=\"55%\">1. \u2013 o b\u0142ogos\u0142awie\u0144stwo Bo\u017ce w rodzinie<\/p>\n<p>2. + Grzegorz Suwa\u0142a of. rodzice<\/td>\n<\/tr>\n<tr>\n<td rowspan=\"2\" width=\"32%\"><strong>Wtorek <\/strong><\/p>\n<p>31.08.2021 r.<\/td>\n<td width=\"11%\">7.00<\/td>\n<td width=\"55%\">+ Kazimierz Wr\u00f3bel of. Kole\u017canki i koledzy ze Szko\u0142y Podstawowej<\/td>\n<\/tr>\n<tr>\n<td width=\"11%\">18.00<\/td>\n<td width=\"55%\">1. + Krystyna Sza\u0142ankiewicz<\/p>\n<p>2. + Zofia Sza\u0142ankiewicz of. m\u0105\u017c i rodzin\u0105<\/td>\n<\/tr>\n<tr>\n<td rowspan=\"2\" width=\"32%\"><strong>\u015aroda\u00a0 <\/strong><\/p>\n<p>1.09.2021 r.<\/td>\n<td width=\"11%\">7.00<\/td>\n<td width=\"55%\">&#8211; o zdrowie i b\u0142ogos\u0142awie\u0144stwo Bo\u017ce dla rodziny of. Stefania Ja\u015blar<\/td>\n<\/tr>\n<tr>\n<td width=\"11%\">18.00<\/td>\n<td width=\"55%\">1. + Julian Ryba<\/p>\n<p>2. +J\u00f3zef Helena Borkowscy<\/td>\n<\/tr>\n<tr>\n<td rowspan=\"2\" width=\"32%\"><strong>Czwartek <\/strong><\/p>\n<p>2.09.2021 r.<\/p>\n<p>&nbsp;<\/td>\n<td width=\"11%\">7.00<\/td>\n<td width=\"55%\">+ Miko\u0142aj Katarzyna<\/td>\n<\/tr>\n<tr>\n<td width=\"11%\">18.00<\/td>\n<td width=\"55%\">1. + Jadwiga, Tomasz W\u00f3jciccy<\/p>\n<p>2. \u2013 dzi\u0119kczynna w 15 rocznic\u0119 \u015blubu dla Ma\u0142gorzaty i Rafa\u0142a z pro\u015bb\u0105 o opiek\u0119 Bo\u017c\u0105 dla rodziny<\/td>\n<\/tr>\n<tr>\n<td rowspan=\"2\" width=\"32%\"><strong>Pi\u0105tek<\/strong><\/p>\n<p>3.09.2021 r<\/p>\n<p>&nbsp;<\/td>\n<td width=\"11%\">7.00<\/td>\n<td width=\"55%\">&#8211; dzi\u0119kczynna za otrzymane \u0142aski<\/td>\n<\/tr>\n<tr>\n<td width=\"11%\">18.00<\/td>\n<td width=\"55%\">+ Eugenia i Alojzy of. syn Jan z rodzin\u0105<\/td>\n<\/tr>\n<tr>\n<td rowspan=\"2\" width=\"32%\"><strong>Sobota <\/strong><\/p>\n<p>4.09.2021 r.<\/td>\n<td width=\"11%\">7.00<\/td>\n<td width=\"55%\">+ Stanis\u0142aw Mikosz i zmarli z rodziny<\/td>\n<\/tr>\n<tr>\n<td width=\"11%\">20.00<\/td>\n<td width=\"55%\">+ Krzysztof Such of. Hrabe\u0144<\/td>\n<\/tr>\n<tr>\n<td rowspan=\"4\" width=\"32%\"><strong>\u00a0\u00a0 22 NIEDZIELA ZWYK\u0141A<\/strong><\/p>\n<p>5.09.2021 r.<\/p>\n<p>&nbsp;<\/p>\n<p>&nbsp;<\/td>\n<td width=\"11%\">7.30<\/td>\n<td width=\"55%\">+ Piotr \/13 r. \u015bm.\/ Pawe\u0142 Winiarscy<\/td>\n<\/tr>\n<tr>\n<td width=\"11%\">9.15<\/td>\n<td width=\"55%\">+ Bronis\u0142aw, Helena, J\u00f3zef, Jan Mermer<\/td>\n<\/tr>\n<tr>\n<td width=\"11%\">11.00<\/td>\n<td width=\"55%\"><strong>Za Parafian<\/strong><\/td>\n<\/tr>\n<tr>\n<td width=\"11%\">16.30<\/td>\n<td width=\"55%\">&#8211; dzi\u0119kczynna w 5 rocznic\u0119 \u015blubu Emilii i Adama z pro\u015bb\u0105 o opiek\u0119 Bo\u017c\u0105 dla rodziny<\/td>\n<\/tr>\n<\/tbody>\n<\/table>\n","protected":false},"excerpt":{"rendered":"<p>\u00a0 22 Niedziela zwyk\u0142a 30.08-4.09.2021r. &nbsp; &nbsp; Poniedzia\u0142ek 30.09.2021 r. 7.00 &nbsp; + Boles\u0142aw, Mieczys\u0142aw, Edward. Kazimierz, Jerzy Czech 18.00 1. \u2013 o b\u0142ogos\u0142awie\u0144stwo Bo\u017ce w rodzinie 2. + Grzegorz Suwa\u0142a of. rodzice Wtorek 31.08.2021 r. 7.00 + Kazimierz Wr\u00f3bel of. Kole\u017canki i koledzy ze Szko\u0142y Podstawowej 18.00 1. +<span class=\"more-link\"><a href=\"https:\/\/parafiabesko.pl\/?p=9214\">Czytaj wi\u0119cej<\/a><\/span><\/p>\n","protected":false},"author":1,"featured_media":0,"comment_status":"closed","ping_status":"open","sticky":false,"template":"","format":"standard","meta":{"footnotes":""},"categories":[4],"tags":[],"class_list":["entry","author-adminparafiibesko","post-9214","post","type-post","status-publish","format-standard","category-intencje-mszalne"],"_links":{"self":[{"href":"https:\/\/parafiabesko.pl\/index.php?rest_route=\/wp\/v2\/posts\/9214","targetHints":{"allow":["GET"]}}],"collection":[{"href":"https:\/\/parafiabesko.pl\/index.php?rest_route=\/wp\/v2\/posts"}],"about":[{"href":"https:\/\/parafiabesko.pl\/index.php?rest_route=\/wp\/v2\/types\/post"}],"author":[{"embeddable":true,"href":"https:\/\/parafiabesko.pl\/index.php?rest_route=\/wp\/v2\/users\/1"}],"replies":[{"embeddable":true,"href":"https:\/\/parafiabesko.pl\/index.php?rest_route=%2Fwp%2Fv2%2Fcomments&post=9214"}],"version-history":[{"count":0,"href":"https:\/\/parafiabesko.pl\/index.php?rest_route=\/wp\/v2\/posts\/9214\/revisions"}],"wp:attachment":[{"href":"https:\/\/parafiabesko.pl\/index.php?rest_route=%2Fwp%2Fv2%2Fmedia&parent=9214"}],"wp:term":[{"taxonomy":"category","embeddable":true,"href":"https:\/\/parafiabesko.pl\/index.php?rest_route=%2Fwp%2Fv2%2Fcategories&post=9214"},{"taxonomy":"post_tag","embeddable":true,"href":"https:\/\/parafiabesko.pl\/index.php?rest_route=%2Fwp%2Fv2%2Ftags&post=9214"}],"curies":[{"name":"wp","href":"https:\/\/api.w.org\/{rel}","templated":true}]}}