{"id":902,"date":"2013-06-01T11:55:11","date_gmt":"2013-06-01T11:55:11","guid":{"rendered":"http:\/\/parafiabesko.pl\/?p=902"},"modified":"2013-06-01T11:55:11","modified_gmt":"2013-06-01T11:55:11","slug":"parafie","status":"publish","type":"post","link":"https:\/\/parafiabesko.pl\/?p=902","title":{"rendered":"Parafie"},"content":{"rendered":"<p>\n\t<!--more-->\n<\/p>\n<table align=\"center\" border=\"0\" class=\"mceItemTable\">\n<tbody>\n<tr valign=\"top\">\n<td>\n<p>\n\t\t\t\t\t<span data-mce-style=\"font-size: 10pt; color: #000000;\" style=\"font-size: 10pt; color: #000000;\"><strong>Dekanat: BIRCZA<\/strong><\/span>\n\t\t\t\t<\/p>\n<p>\n\t\t\t\t\t<span data-mce-style=\"color: #000000;\" style=\"color: #000000;\"><strong>Bircza<\/strong>, \u015bw. Stanis\u0142awa Kostki<\/span><br \/>\n\t\t\t\t\t<span data-mce-style=\"color: #000000;\" style=\"color: #000000;\"><strong>Borownica<\/strong>, Naj\u015bwi\u0119tszego Serca PJ<\/span><br \/>\n\t\t\t\t\t<span data-mce-style=\"color: #000000;\" style=\"color: #000000;\"><strong>Ku\u017amina<\/strong>, MB Nieustaj\u0105cej Pomocy<\/span><br \/>\n\t\t\t\t\t<span data-mce-style=\"color: #000000;\" style=\"color: #000000;\"><strong>Leszczawa Dolna<\/strong>, \u015bw. Jana Chrzciciela<\/span><br \/>\n\t\t\t\t\t<span data-mce-style=\"color: #000000;\" style=\"color: #000000;\"><strong>Lipa<\/strong>, Wniebowst\u0105pienia Pa\u0144skiego<\/span><br \/>\n\t\t\t\t\t<span data-mce-style=\"color: #000000;\" style=\"color: #000000;\"><strong>Olszany<\/strong>, Narodzenia NMP<\/span><br \/>\n\t\t\t\t\t<span data-mce-style=\"color: #000000;\" style=\"color: #000000;\"><strong>Sufczyna<\/strong>, \u015bw. Jadwigi \u015al\u0105skiej<\/span>\n\t\t\t\t<\/p>\n<p>\n\t\t\t\t\t&nbsp;\n\t\t\t\t<\/p>\n<\/td>\n<td>\n\t\t\t\t<span data-mce-style=\"font-size: 10pt; color: #000000;\" style=\"font-size: 10pt; color: #000000;\"><strong>Dekanat: B\u0141A\u017bOWA<\/strong><\/span><\/p>\n<p>\n\t\t\t\t\t<span data-mce-style=\"color: #000000;\" style=\"color: #000000;\"><strong>B\u0142a\u017cowa<\/strong>, \u015bw. Marcina<\/span><br \/>\n\t\t\t\t\t<span data-mce-style=\"color: #000000;\" style=\"color: #000000;\"><strong>Borek Stary<\/strong>, \u015bw. Piotra i Paw\u0142a<\/span><br \/>\n\t\t\t\t\t<span data-mce-style=\"color: #000000;\" style=\"color: #000000;\"><strong>Dyl\u0105g&oacute;wka<\/strong>, Niepokalanego Serca NMP<\/span><br \/>\n\t\t\t\t\t<span data-mce-style=\"color: #000000;\" style=\"color: #000000;\"><strong>Futoma<\/strong>, \u015bw. Walentego; Leonarda i Micha\u0142a Archanio\u0142a<\/span><br \/>\n\t\t\t\t\t<span data-mce-style=\"color: #000000;\" style=\"color: #000000;\"><strong>Grzegorz&oacute;wka &#8211; W&oacute;lka<\/strong>, MB Bolesnej<\/span><br \/>\n\t\t\t\t\t<span data-mce-style=\"color: #000000;\" style=\"color: #000000;\"><strong>Hy\u017cne<\/strong>, Narodzenia NMP<\/span><br \/>\n\t\t\t\t\t<span data-mce-style=\"color: #000000;\" style=\"color: #000000;\"><strong>K\u0105kol&oacute;wka<\/strong>, MB Szkaplerznej<\/span><br \/>\n\t\t\t\t\t<span data-mce-style=\"color: #000000;\" style=\"color: #000000;\"><strong>Lecka<\/strong>, Naj\u015bwi\u0119tszego Serca Pana Jezusa<\/span><br \/>\n\t\t\t\t\t<span data-mce-style=\"color: #000000;\" style=\"color: #000000;\"><strong>Pi\u0105tkowa<\/strong>, NMP Kr&oacute;lowej Polski<\/span><br \/>\n\t\t\t\t\t<span data-mce-style=\"color: #000000;\" style=\"color: #000000;\"><strong>Ujazdy<\/strong>, MB Kr&oacute;lowej Nieba i Ziemi<\/span>\n\t\t\t\t<\/p>\n<\/td>\n<\/tr>\n<tr valign=\"top\">\n<td>\n\t\t\t\t<span data-mce-style=\"font-size: 10pt; color: #000000;\" style=\"font-size: 10pt; color: #000000;\"><strong>Dekanat: BRZOZ&Oacute;W<\/strong><\/span><\/p>\n<p>\n\t\t\t\t\t<span data-mce-style=\"color: #000000;\" style=\"color: #000000;\"><strong>Brzoz&oacute;w<\/strong>, Przemienienia Pa\u0144skiego<\/span><br \/>\n\t\t\t\t\t<span data-mce-style=\"color: #000000;\" style=\"color: #000000;\"><strong>G&oacute;rki<\/strong>, MB Wspomo\u017cenia Wiernych<\/span><br \/>\n\t\t\t\t\t<span data-mce-style=\"color: #000000;\" style=\"color: #000000;\"><strong>Humniska<\/strong> &#8211; Krzy\u017c&oacute;wka, Niepokalanego Pocz\u0119cia NMP<\/span><br \/>\n\t\t\t\t\t<span data-mce-style=\"color: #000000;\" style=\"color: #000000;\"><strong>Izdebki<\/strong>, Zwiastowania Pa\u0144skiego<\/span><br \/>\n\t\t\t\t\t<span data-mce-style=\"color: #000000;\" style=\"color: #000000;\"><strong>Przysietnica<\/strong>, \u015bw. Marcina<\/span><br \/>\n\t\t\t\t\t<span data-mce-style=\"color: #000000;\" style=\"color: #000000;\"><strong>Stara Wie\u015b<\/strong>, Wniebowzi\u0119cia NMP<\/span><br \/>\n\t\t\t\t\t<span data-mce-style=\"color: #000000;\" style=\"color: #000000;\"><strong>Turze Pole<\/strong>, Mi\u0142osierdzia Bo\u017cego<\/span><br \/>\n\t\t\t\t\t<span data-mce-style=\"color: #000000;\" style=\"color: #000000;\"><strong>Zmiennica<\/strong>, Tr&oacute;jcy Przenaj\u015bwi\u0119tszej<\/span>\n\t\t\t\t<\/p>\n<\/td>\n<td>\n\t\t\t\t<span data-mce-style=\"font-size: 10pt; color: #000000;\" style=\"font-size: 10pt; color: #000000;\"><strong>Dekanat: DOMARADZ<\/strong><\/span><\/p>\n<p>\n\t\t\t\t\t<span data-mce-style=\"color: #000000;\" style=\"color: #000000;\"><strong>Barycz<\/strong>, \u015bw. J&oacute;zefa<\/span><br \/>\n\t\t\t\t\t<span data-mce-style=\"color: #000000;\" style=\"color: #000000;\"><strong>Blizne<\/strong>, Wszystkich \u015awi\u0119tych<\/span><br \/>\n\t\t\t\t\t<span data-mce-style=\"color: #000000;\" style=\"color: #000000;\"><strong>Domaradz<\/strong>, \u015bw. Miko\u0142aja Biskupa<\/span><br \/>\n\t\t\t\t\t<span data-mce-style=\"color: #000000;\" style=\"color: #000000;\"><strong>Golcowa<\/strong>, \u015bw. Barbary<\/span><br \/>\n\t\t\t\t\t<span data-mce-style=\"color: #000000;\" style=\"color: #000000;\"><strong>Jasienica Rosielna<\/strong>, Niepokalanego Pocz\u0119cia NMP<\/span><br \/>\n\t\t\t\t\t<span data-mce-style=\"color: #000000;\" style=\"color: #000000;\"><strong>Orzech&oacute;wka<\/strong>, \u015bw. Rodziny<\/span>\n\t\t\t\t<\/p>\n<\/td>\n<\/tr>\n<tr valign=\"top\">\n<td>\n\t\t\t\t<span data-mce-style=\"color: #000000;\" style=\"color: #000000;\"><strong><span data-mce-style=\"font-size: 10pt;\" style=\"font-size: 10pt;\">Dekanat: DUBIECKO<\/span><\/strong><\/span><\/p>\n<p>\n\t\t\t\t\t<span data-mce-style=\"color: #000000;\" style=\"color: #000000;\"><strong>Babice<\/strong>, Tr&oacute;jcy Przenaj\u015bwi\u0119tszej<\/span><br \/>\n\t\t\t\t\t<span data-mce-style=\"color: #000000;\" style=\"color: #000000;\"><strong>Bach&oacute;rz<\/strong>, \u015bw. Wojciecha<\/span><br \/>\n\t\t\t\t\t<span data-mce-style=\"color: #000000;\" style=\"color: #000000;\"><strong>Bach&oacute;rzec<\/strong>, \u015bw. Katarzyny i b\u0142. J. S. Pelczara bpa<\/span><br \/>\n\t\t\t\t\t<span data-mce-style=\"color: #000000;\" style=\"color: #000000;\"><strong>Drohobyczka<\/strong>, MB Szkaplerznej<\/span><br \/>\n\t\t\t\t\t<span data-mce-style=\"color: #000000;\" style=\"color: #000000;\"><strong>Dubiecko<\/strong>, Niepokalanego Serca NMP<\/span><br \/>\n\t\t\t\t\t<span data-mce-style=\"color: #000000;\" style=\"color: #000000;\"><strong>Krzywcza<\/strong>, Narodzenia NMP<\/span><br \/>\n\t\t\t\t\t<span data-mce-style=\"color: #000000;\" style=\"color: #000000;\"><strong>Nienadowa Dolna,<\/strong> MB Nieustaj\u0105cej Pomocy<\/span><br \/>\n\t\t\t\t\t<span data-mce-style=\"color: #000000;\" style=\"color: #000000;\"><strong>Nienadowa G&oacute;rna<\/strong>, Naj\u015bwi\u0119tszego Serca PJ<\/span><br \/>\n\t\t\t\t\t<span data-mce-style=\"color: #000000;\" style=\"color: #000000;\"><strong>Tarnawka<\/strong>, \u015bw. Jana Kantego<\/span>\n\t\t\t\t<\/p>\n<\/td>\n<td>\n\t\t\t\t<span data-mce-style=\"font-size: 10pt; color: #000000;\" style=\"font-size: 10pt; color: #000000;\"><strong>Dekanat: DUKLA<\/strong><\/span><\/p>\n<p>\n\t\t\t\t\t<span data-mce-style=\"color: #000000;\" style=\"color: #000000;\"><strong>B&oacute;brka<\/strong>, Naj\u015bwi\u0119tszego Serca PJ<\/span><br \/>\n\t\t\t\t\t<span data-mce-style=\"color: #000000;\" style=\"color: #000000;\"><strong>Dukla &#8211; Bernardyni<\/strong>, \u015bw. Jana z Dukli<\/span><br \/>\n\t\t\t\t\t<span data-mce-style=\"color: #000000;\" style=\"color: #000000;\"><strong>Dukla &#8211; Fara<\/strong>, \u015bw. Marii Magdaleny<\/span><br \/>\n\t\t\t\t\t<span data-mce-style=\"color: #000000;\" style=\"color: #000000;\"><strong>Iwla<\/strong>, \u015bw. Jana Chrzciciela<\/span><br \/>\n\t\t\t\t\t<span data-mce-style=\"color: #000000;\" style=\"color: #000000;\"><strong>Jasionka k. Dukli<\/strong>, Wniebowzi\u0119cia NMP<\/span><br \/>\n\t\t\t\t\t<span data-mce-style=\"color: #000000;\" style=\"color: #000000;\"><strong>Kobylany<\/strong>, Narodzenia NMP<\/span><br \/>\n\t\t\t\t\t<span data-mce-style=\"color: #000000;\" style=\"color: #000000;\"><strong>\u0141\u0119ki Dukielskie<\/strong>, Naj\u015bwi\u0119tszego Serca PJ<\/span><br \/>\n\t\t\t\t\t<span data-mce-style=\"color: #000000;\" style=\"color: #000000;\"><strong>Trzciana<\/strong> &#8211; Zawadka, Chrystusa Kr&oacute;la<\/span><br \/>\n\t\t\t\t\t<span data-mce-style=\"color: #000000;\" style=\"color: #000000;\"><strong>Tylawa<\/strong>, Wniebowzi\u0119cia NMP<\/span><br \/>\n\t\t\t\t\t<span data-mce-style=\"color: #000000;\" style=\"color: #000000;\"><strong>Wietrzno<\/strong>, \u015bw. Micha\u0142a Archanio\u0142a<\/span>\n\t\t\t\t<\/p>\n<\/td>\n<\/tr>\n<tr valign=\"top\">\n<td>\n\t\t\t\t<span data-mce-style=\"color: #000000;\" style=\"color: #000000;\"><strong><span data-mce-style=\"font-size: 10pt;\" style=\"font-size: 10pt;\">Dekanat: DYN&Oacute;W<\/span><\/strong><\/span><\/p>\n<p>\n\t\t\t\t\t<span data-mce-style=\"color: #000000;\" style=\"color: #000000;\"><strong>Bartk&oacute;wka<\/strong>, \u015bw. Bart\u0142omieja<\/span><br \/>\n\t\t\t\t\t<span data-mce-style=\"color: #000000;\" style=\"color: #000000;\"><strong>Dyl\u0105gowa<\/strong>, \u015bw. Zofii<\/span><br \/>\n\t\t\t\t\t<span data-mce-style=\"color: #000000;\" style=\"color: #000000;\"><strong>Dyn&oacute;w<\/strong>, \u015bw. Wawrzy\u0144ca<\/span><br \/>\n\t\t\t\t\t<span data-mce-style=\"color: #000000;\" style=\"color: #000000;\"><strong>Harta<\/strong>, \u015bw. Miko\u0142aja Biskupa<\/span><br \/>\n\t\t\t\t\t<span data-mce-style=\"color: #000000;\" style=\"color: #000000;\"><strong>H\u0142udno<\/strong>, \u015bw. Klary<\/span><br \/>\n\t\t\t\t\t<span data-mce-style=\"color: #000000;\" style=\"color: #000000;\"><strong>\u0141ubno<\/strong>, \u015bw. Jana Chrzciciela<\/span><br \/>\n\t\t\t\t\t<span data-mce-style=\"color: #000000;\" style=\"color: #000000;\"><strong>Nozdrzec<\/strong>, \u015bw. Stanis\u0142awa Biskupa<\/span><br \/>\n\t\t\t\t\t<span data-mce-style=\"color: #000000;\" style=\"color: #000000;\"><strong>Siedliska,<\/strong> NMP Kr&oacute;lowej Polski<\/span><br \/>\n\t\t\t\t\t<span data-mce-style=\"color: #000000;\" style=\"color: #000000;\"><strong>Szklary<\/strong>, Nawiedzenia NMP<\/span><br \/>\n\t\t\t\t\t<span data-mce-style=\"color: #000000;\" style=\"color: #000000;\"><strong>Ulanica<\/strong>, \u015bw. J&oacute;zefa Robotnika<\/span><br \/>\n\t\t\t\t\t<span data-mce-style=\"color: #000000;\" style=\"color: #000000;\"><strong>Wara<\/strong>, Podwy\u017cszenia Krzy\u017ca \u015awi\u0119tego<\/span><br \/>\n\t\t\t\t\t<span data-mce-style=\"color: #000000;\" style=\"color: #000000;\"><strong>Weso\u0142a<\/strong>, \u015bw. Katarzyny<\/span>\n\t\t\t\t<\/p>\n<\/td>\n<td>\n\t\t\t\t<span data-mce-style=\"font-size: 10pt; color: #000000;\" style=\"font-size: 10pt; color: #000000;\"><strong>Dekanat: GRABOWNICA<\/strong><\/span><\/p>\n<p>\n\t\t\t\t\t<span data-mce-style=\"color: #000000;\" style=\"color: #000000;\"><strong>Dydnia<\/strong>, \u015bw. Micha\u0142a Archanio\u0142a i \u015bw. Anny<\/span><br \/>\n\t\t\t\t\t<span data-mce-style=\"color: #000000;\" style=\"color: #000000;\"><strong>Falej&oacute;wka<\/strong>, Podwy\u017cszenia Krzy\u017ca \u015awi\u0119tego<\/span><br \/>\n\t\t\t\t\t<span data-mce-style=\"color: #000000;\" style=\"color: #000000;\"><strong>Grabownica<\/strong>, \u015bw. Miko\u0142aja Biskupa i \u015bw. J&oacute;zefa<\/span><br \/>\n\t\t\t\t\t<span data-mce-style=\"color: #000000;\" style=\"color: #000000;\"><strong>Grab&oacute;wka<\/strong>, Nawiedzenia NMP<\/span><br \/>\n\t\t\t\t\t<span data-mce-style=\"color: #000000;\" style=\"color: #000000;\"><strong>Humniska<\/strong>, \u015bw. Stanis\u0142awa Biskupa<\/span><br \/>\n\t\t\t\t\t<span data-mce-style=\"color: #000000;\" style=\"color: #000000;\"><strong>Jab\u0142onka<\/strong>, MB Cz\u0119stochowskiej<\/span><br \/>\n\t\t\t\t\t<span data-mce-style=\"color: #000000;\" style=\"color: #000000;\"><strong>Jurowce<\/strong>, \u015bw. Piotra i Paw\u0142a<\/span><br \/>\n\t\t\t\t\t<span data-mce-style=\"color: #000000;\" style=\"color: #000000;\"><strong>Ko\u0144skie<\/strong>, Przemienienia Pa\u0144skiego<\/span><br \/>\n\t\t\t\t\t<span data-mce-style=\"color: #000000;\" style=\"color: #000000;\"><strong>Niebocko<\/strong>, \u015bw. Jana Kantego<\/span><br \/>\n\t\t\t\t\t<span data-mce-style=\"color: #000000;\" style=\"color: #000000;\"><strong>Pakosz&oacute;wka<\/strong>, \u015bw. Jana Chrzciciela<\/span>\n\t\t\t\t<\/p>\n<\/td>\n<\/tr>\n<tr valign=\"top\">\n<td>\n\t\t\t\t<span data-mce-style=\"color: #000000;\" style=\"color: #000000;\"><strong><span data-mce-style=\"font-size: 10pt;\" style=\"font-size: 10pt;\">Dekanat: JA\u0106MIERZ<\/span><\/strong><\/span><\/p>\n<p>\n\t\t\t\t\t<span data-mce-style=\"color: #000000;\" style=\"color: #000000;\"><strong>Besko<\/strong>, Podwy\u017cszenia Krzy\u017ca \u015awi\u0119tego<\/span><br \/>\n\t\t\t\t\t<span data-mce-style=\"color: #000000;\" style=\"color: #000000;\"><strong>D\u0142ugie<\/strong>, \u015bw. Jadwigi Kr&oacute;lowej<\/span><br \/>\n\t\t\t\t\t<span data-mce-style=\"color: #000000;\" style=\"color: #000000;\"><strong>Ja\u0107mierz<\/strong>, Wniebowzi\u0119cia NMP<\/span><br \/>\n\t\t\t\t\t<span data-mce-style=\"color: #000000;\" style=\"color: #000000;\"><strong>Jasion&oacute;w<\/strong>, \u015bw. Katarzyny<\/span><br \/>\n\t\t\t\t\t<span data-mce-style=\"color: #000000;\" style=\"color: #000000;\"><strong>Milcza<\/strong>, Niepokalanego Serca NMP<\/span><br \/>\n\t\t\t\t\t<span data-mce-style=\"color: #000000;\" style=\"color: #000000;\"><strong>Strachocina<\/strong>, \u015bw. Katarzyny<\/span><br \/>\n\t\t\t\t\t<span data-mce-style=\"color: #000000;\" style=\"color: #000000;\"><strong>Trze\u015bni&oacute;w<\/strong>, \u015bw. Stanis\u0142awa Biskupa<\/span><br \/>\n\t\t\t\t\t<span data-mce-style=\"color: #000000;\" style=\"color: #000000;\"><strong>Wzd&oacute;w<\/strong>, MB R&oacute;\u017ca\u0144cowej<\/span><br \/>\n\t\t\t\t\t<span data-mce-style=\"color: #000000;\" style=\"color: #000000;\"><strong>Zarszyn<\/strong>, \u015bw. Marcina i MB Szkaplerznej<\/span>\n\t\t\t\t<\/p>\n<\/td>\n<td>\n\t\t\t\t<span data-mce-style=\"font-size: 10pt; color: #000000;\" style=\"font-size: 10pt; color: #000000;\"><strong>Dekanat: JAROS\u0141AW I<\/strong><\/span><\/p>\n<p>\n\t\t\t\t\t<span data-mce-style=\"color: #000000;\" style=\"color: #000000;\"><strong>Jaros\u0142aw<\/strong>, \u015bw. Teresy od Dz. Jezus<\/span><br \/>\n\t\t\t\t\t<span data-mce-style=\"color: #000000;\" style=\"color: #000000;\"><strong>Jaros\u0142aw &#8211; Dominikanie<\/strong>, MB Bolesnej<\/span><br \/>\n\t\t\t\t\t<span data-mce-style=\"color: #000000;\" style=\"color: #000000;\"><strong>Jaros\u0142aw &#8211; Kolegiata<\/strong>, Bo\u017cego Cia\u0142a<\/span><br \/>\n\t\t\t\t\t<span data-mce-style=\"color: #000000;\" style=\"color: #000000;\"><strong>Rektorat<\/strong>, Ducha \u015awi\u0119tego<\/span><br \/>\n\t\t\t\t\t<span data-mce-style=\"color: #000000;\" style=\"color: #000000;\"><strong>Rektorat<\/strong>, \u015bw. Miko\u0142aja i \u015bw. Stanis\u0142awa Biskupa<\/span><br \/>\n\t\t\t\t\t<span data-mce-style=\"color: #000000;\" style=\"color: #000000;\"><strong>Jaros\u0142aw <\/strong>&#8211; \u0141azy Kostkowskie, Naj\u015bwi\u0119tszego Serca PJ<\/span><br \/>\n\t\t\t\t\t<span data-mce-style=\"color: #000000;\" style=\"color: #000000;\"><strong>Jaros\u0142aw<\/strong> &#8211; Reformaci, Tr&oacute;jcy Przenaj\u015bwi\u0119tszej<\/span><br \/>\n\t\t\t\t\t<span data-mce-style=\"color: #000000;\" style=\"color: #000000;\"><strong>Paw\u0142osi&oacute;w<\/strong>, Niepokalanego Serca NMP<\/span><br \/>\n\t\t\t\t\t<span data-mce-style=\"color: #000000;\" style=\"color: #000000;\"><strong>Pe\u0142kinie<\/strong>, NMP Kr&oacute;lowej Polski<\/span><br \/>\n\t\t\t\t\t<span data-mce-style=\"color: #000000;\" style=\"color: #000000;\"><strong>Pe\u0142kinie<\/strong> &#8211; Wygarki, MB Nieustaj\u0105cej Pomocy<\/span><br \/>\n\t\t\t\t\t<span data-mce-style=\"color: #000000;\" style=\"color: #000000;\"><strong>Tywonia<\/strong>, \u015bw. Stanis\u0142awa Kostki<\/span><br \/>\n\t\t\t\t\t<span data-mce-style=\"color: #000000;\" style=\"color: #000000;\"><strong>W&oacute;lka Pe\u0142ki\u0144ska<\/strong>, \u015bw. Stanis\u0142awa Biskupa<\/span>\n\t\t\t\t<\/p>\n<\/td>\n<\/tr>\n<tr valign=\"top\">\n<td>\n\t\t\t\t<span data-mce-style=\"font-size: 10pt; color: #000000;\" style=\"font-size: 10pt; color: #000000;\"><strong>Dekanat: JAROS\u0141AW II<\/strong><\/span><\/p>\n<p>\n\t\t\t\t\t<span data-mce-style=\"color: #000000;\" style=\"color: #000000;\"><strong>Ch\u0142opice<\/strong>, Wniebowzi\u0119cia NMP<\/span><br \/>\n\t\t\t\t\t<span data-mce-style=\"color: #000000;\" style=\"color: #000000;\"><strong>Jaros\u0142aw<\/strong>, Chrystusa Kr&oacute;la<\/span><br \/>\n\t\t\t\t\t<span data-mce-style=\"color: #000000;\" style=\"color: #000000;\"><strong>Jaros\u0142aw<\/strong>, Mi\u0142osierdzia Bo\u017cego<\/span><br \/>\n\t\t\t\t\t<span data-mce-style=\"color: #000000;\" style=\"color: #000000;\"><strong>Jaros\u0142aw<\/strong>, NMP Kr&oacute;lowej Polski<\/span><br \/>\n\t\t\t\t\t<span data-mce-style=\"color: #000000;\" style=\"color: #000000;\"><strong>Morawsko<\/strong>, Niepokalanego Serca NMP<\/span><br \/>\n\t\t\t\t\t<span data-mce-style=\"color: #000000;\" style=\"color: #000000;\"><strong>Munina<\/strong>, \u015bw. J&oacute;zefa<\/span><br \/>\n\t\t\t\t\t<span data-mce-style=\"color: #000000;\" style=\"color: #000000;\"><strong>Tuczempy<\/strong>, Nawiedzenia NMP<\/span>\n\t\t\t\t<\/p>\n<\/td>\n<td>\n\t\t\t\t<span data-mce-style=\"color: #000000;\" style=\"color: #000000;\"><strong><span data-mce-style=\"font-size: 10pt;\" style=\"font-size: 10pt;\">Dekanat: JAROS\u0141AW III<\/span><\/strong><\/span><\/p>\n<p>\n\t\t\t\t\t<span data-mce-style=\"color: #000000;\" style=\"color: #000000;\"><strong>Jaros\u0142aw &#8211; Sz&oacute;wsko<\/strong>, \u015bw. Brata Alberta<\/span><br \/>\n\t\t\t\t\t<span data-mce-style=\"color: #000000;\" style=\"color: #000000;\"><strong>Makowisko<\/strong>, Tr&oacute;jcy Przenaj\u015bwi\u0119tszej<\/span><br \/>\n\t\t\t\t\t<span data-mce-style=\"color: #000000;\" style=\"color: #000000;\"><strong>Piwoda<\/strong>, MB Cz\u0119stochowskiej<\/span><br \/>\n\t\t\t\t\t<span data-mce-style=\"color: #000000;\" style=\"color: #000000;\"><strong>Ryszkowa Wola<\/strong>, \u015bw. Piotra i Paw\u0142a<\/span><br \/>\n\t\t\t\t\t<span data-mce-style=\"color: #000000;\" style=\"color: #000000;\"><strong>Suroch&oacute;w<\/strong>, \u015bw. Micha\u0142a Archanio\u0142a<\/span><br \/>\n\t\t\t\t\t<span data-mce-style=\"color: #000000;\" style=\"color: #000000;\"><strong>Sz&oacute;wsko<\/strong>, Naj\u015bwi\u0119tszego Serca PJ<\/span><br \/>\n\t\t\t\t\t<span data-mce-style=\"color: #000000;\" style=\"color: #000000;\"><strong>Wi\u0105zownica<\/strong>, \u015bw. Walentego i Narodzenia NMP<\/span><br \/>\n\t\t\t\t\t<span data-mce-style=\"color: #000000;\" style=\"color: #000000;\"><strong>Zapa\u0142&oacute;w<\/strong>, Naj\u015bwi\u0119tszego Serca PJ<\/span>\n\t\t\t\t<\/p>\n<\/td>\n<\/tr>\n<tr valign=\"top\">\n<td>\n\t\t\t\t<span data-mce-style=\"font-size: 10pt; color: #000000;\" style=\"font-size: 10pt; color: #000000;\"><strong>Dekanat: KALWARIA PAC\u0141AWSKA<\/strong><\/span><\/p>\n<p>\n\t\t\t\t\t<span data-mce-style=\"color: #000000;\" style=\"color: #000000;\"><strong>Grochowce<\/strong>, Nawiedzenia NMP<\/span><br \/>\n\t\t\t\t\t<span data-mce-style=\"color: #000000;\" style=\"color: #000000;\"><strong>Hermanowice<\/strong>, NMP Kr&oacute;lowej Polski<\/span><br \/>\n\t\t\t\t\t<span data-mce-style=\"color: #000000;\" style=\"color: #000000;\"><strong>Kalwaria Pac\u0142awska,<\/strong> Znalezienia Krzy\u017ca \u015awi\u0119tego<\/span><br \/>\n\t\t\t\t\t<span data-mce-style=\"color: #000000;\" style=\"color: #000000;\"><strong>Kormanice<\/strong>, Narodzenia NMP<\/span><br \/>\n\t\t\t\t\t<span data-mce-style=\"color: #000000;\" style=\"color: #000000;\"><strong>Rybotycze<\/strong>, \u015bw. Tomasza Aposto\u0142a<\/span><br \/>\n\t\t\t\t\t<span data-mce-style=\"color: #000000;\" style=\"color: #000000;\"><strong>Sierako\u015bce<\/strong> &#8211; Nowe Sady, Tr&oacute;jcy Przenaj\u015bwi\u0119tszej<\/span>\n\t\t\t\t<\/p>\n<\/td>\n<td>\n\t\t\t\t<span data-mce-style=\"color: #000000;\" style=\"color: #000000;\"><strong><span data-mce-style=\"font-size: 10pt;\" style=\"font-size: 10pt;\">Dekanat: KA\u0143CZUGA<\/span><\/strong><\/span><\/p>\n<p>\n\t\t\t\t\t<span data-mce-style=\"color: #000000;\" style=\"color: #000000;\"><strong>Hadle Szklarskie<\/strong>, Niepokalanego Serca NMP<\/span><br \/>\n\t\t\t\t\t<span data-mce-style=\"color: #000000;\" style=\"color: #000000;\"><strong>Hucisko Jawornickie<\/strong>, MB Wspomo\u017cenia Wiernych<\/span><br \/>\n\t\t\t\t\t<span data-mce-style=\"color: #000000;\" style=\"color: #000000;\"><strong>Jawornik Polski<\/strong>, \u015bw. Andrzeja Aposto\u0142a<\/span><br \/>\n\t\t\t\t\t<span data-mce-style=\"color: #000000;\" style=\"color: #000000;\"><strong>Ka\u0144czuga<\/strong>, \u015bw. Micha\u0142a Archanio\u0142a<\/span><br \/>\n\t\t\t\t\t<span data-mce-style=\"color: #000000;\" style=\"color: #000000;\"><strong>\u0141opuszka Ma\u0142a<\/strong> &#8211; Rektorat, Naj\u015bwi\u0119tszego Serca Pana Jezusa<\/span><br \/>\n\t\t\t\t\t<span data-mce-style=\"color: #000000;\" style=\"color: #000000;\"><strong>\u0141opuszka Wielka<\/strong>, NMP Kr&oacute;lowej Polski<\/span><br \/>\n\t\t\t\t\t<span data-mce-style=\"color: #000000;\" style=\"color: #000000;\"><strong>Manasterz<\/strong>, \u015bw. Katarzyny<\/span><br \/>\n\t\t\t\t\t<span data-mce-style=\"color: #000000;\" style=\"color: #000000;\"><strong>Ostr&oacute;w k. Przeworska<\/strong>, \u015bw. Fabiana i Sebastiana<\/span><br \/>\n\t\t\t\t\t<span data-mce-style=\"color: #000000;\" style=\"color: #000000;\"><strong>Pantalowice<\/strong>, Niepokalanego Pocz\u0119cia NMP<\/span><br \/>\n\t\t\t\t\t<span data-mce-style=\"color: #000000;\" style=\"color: #000000;\"><strong>R\u0105czyna<\/strong>, Nawiedzenia NMP<\/span><br \/>\n\t\t\t\t\t<span data-mce-style=\"color: #000000;\" style=\"color: #000000;\"><strong>Siedleczka<\/strong>, \u015bw. Piotra i Paw\u0142a<\/span><br \/>\n\t\t\t\t\t<span data-mce-style=\"color: #000000;\" style=\"color: #000000;\"><strong>Sietesz<\/strong>, \u015bw. Antoniego Padewskiego<\/span>\n\t\t\t\t<\/p>\n<\/td>\n<\/tr>\n<tr valign=\"top\">\n<td>\n\t\t\t\t<span data-mce-style=\"font-size: 10pt; color: #000000;\" style=\"font-size: 10pt; color: #000000;\"><strong>Dekanat: KROSNO I<\/strong><\/span><\/p>\n<p>\n\t\t\t\t\t<span data-mce-style=\"color: #000000;\" style=\"color: #000000;\"><strong>Dobieszyn<\/strong>, MB Nieustaj\u0105cej Pomocy<\/span><br \/>\n\t\t\t\t\t<span data-mce-style=\"color: #000000;\" style=\"color: #000000;\"><strong>Jedlicze<\/strong>, \u015bw. Antoniego Padewskiego<\/span><br \/>\n\t\t\t\t\t<span data-mce-style=\"color: #000000;\" style=\"color: #000000;\"><strong>Krosno<\/strong>, Mi\u0142osierdzia Bo\u017cego<\/span><br \/>\n\t\t\t\t\t<span data-mce-style=\"color: #000000;\" style=\"color: #000000;\"><strong>Krosno<\/strong>, \u015bw. Wojciecha i MB Cz\u0119stochowskiej<\/span><br \/>\n\t\t\t\t\t<span data-mce-style=\"color: #000000;\" style=\"color: #000000;\"><strong>Krosno &#8211; Fara<\/strong>, Tr&oacute;jcy Przenaj\u015bwi\u0119tszej<\/span><br \/>\n\t\t\t\t\t<span data-mce-style=\"color: #000000;\" style=\"color: #000000;\"><strong>Krosno &#8211; Franciszkanie<\/strong>, Nawiedzenia NMP<\/span><br \/>\n\t\t\t\t\t<span data-mce-style=\"color: #000000;\" style=\"color: #000000;\"><strong>Krosno &#8211; Polanka<\/strong>, NMP Kr&oacute;lowej Polski<\/span><br \/>\n\t\t\t\t\t<span data-mce-style=\"color: #000000;\" style=\"color: #000000;\"><strong>Krosno &#8211; Turasz&oacute;wka<\/strong>, Naj\u015bwi\u0119tszego Serca PJ<\/span><br \/>\n\t\t\t\t\t<span data-mce-style=\"color: #000000;\" style=\"color: #000000;\"><strong>Odrzyko\u0144<\/strong>, \u015bw. Katarzyny<\/span><br \/>\n\t\t\t\t\t<span data-mce-style=\"color: #000000;\" style=\"color: #000000;\"><strong>Potok<\/strong>, \u015bw. Andrzeja Boboli<\/span><br \/>\n\t\t\t\t\t<span data-mce-style=\"color: #000000;\" style=\"color: #000000;\"><strong>\u017barnowiec,<\/strong> \u015bw. J&oacute;zefa<\/span>\n\t\t\t\t<\/p>\n<\/td>\n<td>\n\t\t\t\t<span data-mce-style=\"color: #000000;\" style=\"color: #000000;\"><strong><span data-mce-style=\"font-size: 10pt;\" style=\"font-size: 10pt;\">Dekanat: KROSNO II<\/span><\/strong><\/span><\/p>\n<p>\n\t\t\t\t\t<span data-mce-style=\"color: #000000;\" style=\"color: #000000;\"><strong>Hacz&oacute;w<\/strong>, Wniebowzi\u0119cia NMP<\/span><br \/>\n\t\t\t\t\t<span data-mce-style=\"color: #000000;\" style=\"color: #000000;\"><strong>Iskrzynia<\/strong>, MB Cz\u0119stochowskiej<\/span><br \/>\n\t\t\t\t\t<span data-mce-style=\"color: #000000;\" style=\"color: #000000;\"><strong>Jab\u0142onica<\/strong>, Zwiastowania NMP<\/span><br \/>\n\t\t\t\t\t<span data-mce-style=\"color: #000000;\" style=\"color: #000000;\"><strong>Kombornia<\/strong>, MB Pocieszenia<\/span><br \/>\n\t\t\t\t\t<span data-mce-style=\"color: #000000;\" style=\"color: #000000;\"><strong>Korczyna<\/strong>, NMP Kr&oacute;lowej Polski<\/span><br \/>\n\t\t\t\t\t<span data-mce-style=\"color: #000000;\" style=\"color: #000000;\"><strong>Krosno &#8211; Kapucyni<\/strong>, Podwy\u017cszenia Krzy\u017ca \u015awi\u0119tego<\/span><br \/>\n\t\t\t\t\t<span data-mce-style=\"color: #000000;\" style=\"color: #000000;\"><strong>Krosno &#8211; Michalici<\/strong>, Ducha \u015awi\u0119tego<\/span><br \/>\n\t\t\t\t\t<span data-mce-style=\"color: #000000;\" style=\"color: #000000;\"><strong>Kro\u015bcienko Wy\u017cne<\/strong>, \u015bw. Marcina<\/span><br \/>\n\t\t\t\t\t<span data-mce-style=\"color: #000000;\" style=\"color: #000000;\"><strong>Malin&oacute;wka<\/strong>, Naj\u015bwi\u0119tszego Serca PJ<\/span><br \/>\n\t\t\t\t\t<span data-mce-style=\"color: #000000;\" style=\"color: #000000;\"><strong>W\u0119gl&oacute;wka<\/strong>, Narodzenia NMP<\/span>\n\t\t\t\t<\/p>\n<\/td>\n<\/tr>\n<tr valign=\"top\">\n<td>\n\t\t\t\t<span data-mce-style=\"font-size: 10pt; color: #000000;\" style=\"font-size: 10pt; color: #000000;\"><strong>Dekanat: KROSNO III<\/strong><\/span><\/p>\n<p>\n\t\t\t\t\t<span data-mce-style=\"color: #000000;\" style=\"color: #000000;\"><strong>G\u0142owienka<\/strong>, \u015bw. Maksymiliana Kolbego<\/span><br \/>\n\t\t\t\t\t<span data-mce-style=\"color: #000000;\" style=\"color: #000000;\"><strong>Kopytowa<\/strong>, \u015bw. Maksymiliana Kolbego<\/span><br \/>\n\t\t\t\t\t<span data-mce-style=\"color: #000000;\" style=\"color: #000000;\"><strong>Krosno<\/strong>, \u015bw. Piotra i Jana z Dukli<\/span><br \/>\n\t\t\t\t\t<span data-mce-style=\"color: #000000;\" style=\"color: #000000;\"><strong>\u0141ubienko<\/strong>, \u015bw. Szymona i Judy Tadeusza<\/span><br \/>\n\t\t\t\t\t<span data-mce-style=\"color: #000000;\" style=\"color: #000000;\"><strong>\u0141ubno Opace<\/strong>, Chrystusa Kr&oacute;la i NMP Kr&oacute;lowej<\/span><br \/>\n\t\t\t\t\t<span data-mce-style=\"color: #000000;\" style=\"color: #000000;\"><strong>Szczepa\u0144cowa<\/strong>, \u015bw. Rafa\u0142a Kalinowskiego<\/span><br \/>\n\t\t\t\t\t<span data-mce-style=\"color: #000000;\" style=\"color: #000000;\"><strong>Zr\u0119cin<\/strong>, \u015bw. Stanis\u0142awa Biskupa<\/span><br \/>\n\t\t\t\t\t<span data-mce-style=\"color: #000000;\" style=\"color: #000000;\"><strong>\u017beglce<\/strong>, MB Cz\u0119stochowskiej<\/span>\n\t\t\t\t<\/p>\n<\/td>\n<td>\n\t\t\t\t<span data-mce-style=\"color: #000000;\" style=\"color: #000000;\"><strong><span data-mce-style=\"font-size: 10pt;\" style=\"font-size: 10pt;\">Dekanat: LESKO<\/span><\/strong><\/span><\/p>\n<p>\n\t\t\t\t\t<span data-mce-style=\"color: #000000;\" style=\"color: #000000;\"><strong>Baligr&oacute;d<\/strong>, Niepokalanego Pocz\u0119cia NMP<\/span><br \/>\n\t\t\t\t\t<span data-mce-style=\"color: #000000;\" style=\"color: #000000;\"><strong>Bezmiechowa G&oacute;rna<\/strong>, Narodzenia NMP<\/span><br \/>\n\t\t\t\t\t<span data-mce-style=\"color: #000000;\" style=\"color: #000000;\"><strong>Cisna<\/strong>, \u015bw. Stanis\u0142awa Biskupa<\/span><br \/>\n\t\t\t\t\t<span data-mce-style=\"color: #000000;\" style=\"color: #000000;\"><strong>Hoczew<\/strong>, \u015bw. Anny<\/span><br \/>\n\t\t\t\t\t<span data-mce-style=\"color: #000000;\" style=\"color: #000000;\"><strong>Jankowce &#8211; Glinne<\/strong>, \u015bw. Jadwigi Kr&oacute;lowej i Bo\u017cego Mi\u0142osierdzia<\/span><br \/>\n\t\t\t\t\t<span data-mce-style=\"color: #000000;\" style=\"color: #000000;\"><strong>Lesko<\/strong>, Nawiedzenia NMP<\/span><br \/>\n\t\t\t\t\t<span data-mce-style=\"color: #000000;\" style=\"color: #000000;\"><strong>Mchawa<\/strong>, Podwy\u017cszenia Krzy\u017ca \u015awi\u0119tego<\/span><br \/>\n\t\t\t\t\t<span data-mce-style=\"color: #000000;\" style=\"color: #000000;\"><strong>\u015arednia Wie\u015b<\/strong>, Narodzenia NMP<\/span>\n\t\t\t\t<\/p>\n<\/td>\n<\/tr>\n<tr valign=\"top\">\n<td>\n\t\t\t\t<span data-mce-style=\"font-size: 10pt; color: #000000;\" style=\"font-size: 10pt; color: #000000;\"><strong>Dekanat: LE\u017bAJSK I<\/strong><\/span><\/p>\n<p>\n\t\t\t\t\t<span data-mce-style=\"color: #000000;\" style=\"color: #000000;\"><strong>Brzyska Wola<\/strong>, MB Pocieszenia<\/span><br \/>\n\t\t\t\t\t<span data-mce-style=\"color: #000000;\" style=\"color: #000000;\"><strong>Cha\u0142upki D\u0119bnia\u0144skie<\/strong>, \u015bw. Andrzeja Aposto\u0142a<\/span><br \/>\n\t\t\t\t\t<span data-mce-style=\"color: #000000;\" style=\"color: #000000;\"><strong>D\u0119bno<\/strong>, Podwy\u017cszenia Krzy\u017ca \u015awi\u0119tego<\/span><br \/>\n\t\t\t\t\t<span data-mce-style=\"color: #000000;\" style=\"color: #000000;\"><strong>Giedlarowa<\/strong>, \u015bw. Micha\u0142a Archanio\u0142a<\/span><br \/>\n\t\t\t\t\t<span data-mce-style=\"color: #000000;\" style=\"color: #000000;\"><strong>Le\u017cajsk<\/strong> &#8211; Fara, \u015awi\u0119tej Tr&oacute;jcy<\/span><br \/>\n\t\t\t\t\t<span data-mce-style=\"color: #000000;\" style=\"color: #000000;\"><strong>Stare Miasto<\/strong>, \u015bw. Andrzeja Boboli<\/span><br \/>\n\t\t\t\t\t<span data-mce-style=\"color: #000000;\" style=\"color: #000000;\"><strong>Tarnawiec<\/strong>, \u015bw. J&oacute;zefa<\/span><br \/>\n\t\t\t\t\t<span data-mce-style=\"color: #000000;\" style=\"color: #000000;\"><strong>Wierzawice<\/strong>, MB Wspomo\u017cenia Wiernych<\/span>\n\t\t\t\t<\/p>\n<\/td>\n<td>\n\t\t\t\t<span data-mce-style=\"color: #000000;\" style=\"color: #000000;\"><strong><span data-mce-style=\"font-size: 10pt;\" style=\"font-size: 10pt;\">Dekanat: LE\u017bAJSK II<\/span><\/strong><\/span><\/p>\n<p>\n\t\t\t\t\t<span data-mce-style=\"color: #000000;\" style=\"color: #000000;\"><strong>Brz&oacute;za Kr&oacute;lewska<\/strong>, \u015bw. Jana Chrzciciela<\/span><br \/>\n\t\t\t\t\t<span data-mce-style=\"color: #000000;\" style=\"color: #000000;\"><strong>Jelna<\/strong>, \u015bw. Franciszka z Asy\u017cu<\/span><br \/>\n\t\t\t\t\t<span data-mce-style=\"color: #000000;\" style=\"color: #000000;\"><strong>Le\u017cajsk<\/strong> &#8211; Bernardyni, Zwiastowania Pa\u0144skiego<\/span><br \/>\n\t\t\t\t\t<span data-mce-style=\"color: #000000;\" style=\"color: #000000;\"><strong>Rektorat<\/strong>, Mi\u0142osierdzia Bo\u017cego<\/span><br \/>\n\t\t\t\t\t<span data-mce-style=\"color: #000000;\" style=\"color: #000000;\"><strong>Nowa Sarzyna<\/strong>, NMP Kr&oacute;lowej Polski<\/span><br \/>\n\t\t\t\t\t<span data-mce-style=\"color: #000000;\" style=\"color: #000000;\"><strong>Rektorat<\/strong>, Dobrego Pasterza<\/span><br \/>\n\t\t\t\t\t<span data-mce-style=\"color: #000000;\" style=\"color: #000000;\"><strong>Sarzyna<\/strong>, \u015bw. Sebastiana<\/span><br \/>\n\t\t\t\t\t<span data-mce-style=\"color: #000000;\" style=\"color: #000000;\"><strong>Tarnog&oacute;ra<\/strong>, \u015bw. Stanis\u0142awa Biskupa<\/span><br \/>\n\t\t\t\t\t<span data-mce-style=\"color: #000000;\" style=\"color: #000000;\"><strong>Wola Zarczycka<\/strong>, Przemienienia Pa\u0144skiego<\/span>\n\t\t\t\t<\/p>\n<\/td>\n<\/tr>\n<tr valign=\"top\">\n<td>\n\t\t\t\t<span data-mce-style=\"font-size: 10pt; color: #000000;\" style=\"font-size: 10pt; color: #000000;\"><strong>Dekanat: LUTOWISKA<\/strong><\/span><\/p>\n<p>\n\t\t\t\t\t<span data-mce-style=\"color: #000000;\" style=\"color: #000000;\"><strong>Czarna k. Ustrzyk<\/strong>, Podwy\u017cszenia Krzy\u017ca \u015awi\u0119tego<\/span><br \/>\n\t\t\t\t\t<span data-mce-style=\"color: #000000;\" style=\"color: #000000;\"><strong>Dwernik,<\/strong> \u015aw. Micha\u0142a Archanio\u0142a<\/span><br \/>\n\t\t\t\t\t<span data-mce-style=\"color: #000000;\" style=\"color: #000000;\"><strong>Lutowiska<\/strong>, \u015bw. Stanis\u0142awa Biskupa<\/span><br \/>\n\t\t\t\t\t<span data-mce-style=\"color: #000000;\" style=\"color: #000000;\"><strong>Polana<\/strong>, Przemienienia Pa\u0144skiego<\/span><br \/>\n\t\t\t\t\t<span data-mce-style=\"color: #000000;\" style=\"color: #000000;\"><strong>Ustrzyki G&oacute;rne<\/strong>, \u015bw. Anny<\/span><br \/>\n\t\t\t\t\t<span data-mce-style=\"color: #000000;\" style=\"color: #000000;\"><strong>Wetlina<\/strong>, Mi\u0142osierdzia Bo\u017cego<\/span>\n\t\t\t\t<\/p>\n<\/td>\n<td>\n\t\t\t\t<span data-mce-style=\"color: #000000;\" style=\"color: #000000;\"><strong><span data-mce-style=\"font-size: 10pt;\" style=\"font-size: 10pt;\">Dekanat: \u0141A\u0143CUT I<\/span><\/strong><\/span><\/p>\n<p>\n\t\t\t\t\t<span data-mce-style=\"color: #000000;\" style=\"color: #000000;\"><strong>Albigowa<\/strong>, Narodzenia NMP<\/span><br \/>\n\t\t\t\t\t<span data-mce-style=\"color: #000000;\" style=\"color: #000000;\"><strong>G\u0142uch&oacute;w<\/strong>, Wniebowst\u0105pienia Pa\u0144skiego<\/span><br \/>\n\t\t\t\t\t<span data-mce-style=\"color: #000000;\" style=\"color: #000000;\"><strong>Hus&oacute;w<\/strong>, \u015bw. Andrzeja Aposto\u0142a<\/span><br \/>\n\t\t\t\t\t<span data-mce-style=\"color: #000000;\" style=\"color: #000000;\"><strong>Kosina<\/strong>, \u015bw. Stanis\u0142awa Biskupa<\/span><br \/>\n\t\t\t\t\t<span data-mce-style=\"color: #000000;\" style=\"color: #000000;\"><strong>Krzemienica<\/strong>, MB Pocieszenia<\/span><br \/>\n\t\t\t\t\t<span data-mce-style=\"color: #000000;\" style=\"color: #000000;\"><strong>\u0141a\u0144cut &#8211; Fara<\/strong>, \u015bw. Stanis\u0142awa Biskupa<\/span><br \/>\n\t\t\t\t\t<span data-mce-style=\"color: #000000;\" style=\"color: #000000;\"><strong>Markowa<\/strong>, \u015bw. Doroty<\/span><br \/>\n\t\t\t\t\t<span data-mce-style=\"color: #000000;\" style=\"color: #000000;\"><strong>Rog&oacute;\u017cno<\/strong>, \u015bw. J&oacute;zefa<\/span><br \/>\n\t\t\t\t\t<span data-mce-style=\"color: #000000;\" style=\"color: #000000;\"><strong>Sonina<\/strong>, \u015bw. Jana Chrzciciela<\/span><br \/>\n\t\t\t\t\t<span data-mce-style=\"color: #000000;\" style=\"color: #000000;\"><strong>Tarnawka k. Husowa<\/strong>, Nawiedzenia NMP<\/span>\n\t\t\t\t<\/p>\n<\/td>\n<\/tr>\n<tr valign=\"top\">\n<td>\n\t\t\t\t<span data-mce-style=\"font-size: 10pt; color: #000000;\" style=\"font-size: 10pt; color: #000000;\"><strong>Dekanat: \u0141A\u0143CUT II<\/strong><\/span><\/p>\n<p>\n\t\t\t\t\t<span data-mce-style=\"color: #000000;\" style=\"color: #000000;\"><strong>Bia\u0142obrzegi<\/strong>, Naj\u015bwi\u0119tszego Serca PJ<\/span><br \/>\n\t\t\t\t\t<span data-mce-style=\"color: #000000;\" style=\"color: #000000;\"><strong>Cierpisz<\/strong>, \u015bw. Jana Chrzciciela<\/span><br \/>\n\t\t\t\t\t<span data-mce-style=\"color: #000000;\" style=\"color: #000000;\"><strong>Czarna k. \u0141a\u0144cuta<\/strong>, Imienia NMP<\/span><br \/>\n\t\t\t\t\t<span data-mce-style=\"color: #000000;\" style=\"color: #000000;\"><strong>D\u0105br&oacute;wki k. \u0141a\u0144cuta<\/strong>, NMP Kr&oacute;lowej Polski<\/span><br \/>\n\t\t\t\t\t<span data-mce-style=\"color: #000000;\" style=\"color: #000000;\"><strong>Handzl&oacute;wka<\/strong>, \u015bw. Piotra i Paw\u0142a<\/span><br \/>\n\t\t\t\t\t<span data-mce-style=\"color: #000000;\" style=\"color: #000000;\"><strong>Rektorat<\/strong>, MB Ro\u017ca\u0144cowej<\/span><br \/>\n\t\t\t\t\t<span data-mce-style=\"color: #000000;\" style=\"color: #000000;\"><strong>Kraczkowa<\/strong>, \u015bw. Miko\u0142aja Biskupa<\/span><br \/>\n\t\t\t\t\t<span data-mce-style=\"color: #000000;\" style=\"color: #000000;\"><strong>\u0141a\u0144cut<\/strong>, Chrystusa Kr&oacute;la<\/span><br \/>\n\t\t\t\t\t<span data-mce-style=\"color: #000000;\" style=\"color: #000000;\"><strong>\u0141a\u0144cut &#8211; Podzwierzyniec<\/strong>, \u015bw. J&oacute;zefa<\/span><br \/>\n\t\t\t\t\t<span data-mce-style=\"color: #000000;\" style=\"color: #000000;\"><strong>Wola Dalsza<\/strong>, MB R&oacute;\u017ca\u0144cowej<\/span>\n\t\t\t\t<\/p>\n<\/td>\n<td>\n\t\t\t\t<span data-mce-style=\"color: #000000;\" style=\"color: #000000;\"><strong><span data-mce-style=\"font-size: 10pt;\" style=\"font-size: 10pt;\">Dekanat: MIEJSCE PIASTOWE<\/span><\/strong><\/span><\/p>\n<p>\n\t\t\t\t\t<span data-mce-style=\"color: #000000;\" style=\"color: #000000;\"><strong>Lubatowa<\/strong>, \u015bw. Stanis\u0142awa Biskupa<\/span><br \/>\n\t\t\t\t\t<span data-mce-style=\"color: #000000;\" style=\"color: #000000;\"><strong>Lubat&oacute;wka<\/strong>, NMP Matki Ko\u015bcio\u0142a<\/span><br \/>\n\t\t\t\t\t<span data-mce-style=\"color: #000000;\" style=\"color: #000000;\"><strong>\u0141\u0119\u017cany<\/strong>, MB Cz\u0119stochowskiej<\/span><br \/>\n\t\t\t\t\t<span data-mce-style=\"color: #000000;\" style=\"color: #000000;\"><strong>Miejsce Piastowe<\/strong>, Nawiedzenia NMP<\/span><br \/>\n\t\t\t\t\t<span data-mce-style=\"color: #000000;\" style=\"color: #000000;\"><strong>Pustyny<\/strong>, Niepokalanego Serca NMP<\/span><br \/>\n\t\t\t\t\t<span data-mce-style=\"color: #000000;\" style=\"color: #000000;\"><strong>Rogi<\/strong>, \u015bw. Bart\u0142omieja<\/span><br \/>\n\t\t\t\t\t<span data-mce-style=\"color: #000000;\" style=\"color: #000000;\"><strong>R&oacute;wne k. Dukli<\/strong>, \u015bw. Miko\u0142aja Biskupa<\/span><br \/>\n\t\t\t\t\t<span data-mce-style=\"color: #000000;\" style=\"color: #000000;\"><strong>Targowiska<\/strong>, \u015bw. Ma\u0142gorzaty<\/span><br \/>\n\t\t\t\t\t<span data-mce-style=\"color: #000000;\" style=\"color: #000000;\"><strong>Wrocanka<\/strong>, Wszystkich \u015awi\u0119tych<\/span>\n\t\t\t\t<\/p>\n<\/td>\n<\/tr>\n<tr valign=\"top\">\n<td>\n\t\t\t\t<span data-mce-style=\"font-size: 10pt; color: #000000;\" style=\"font-size: 10pt; color: #000000;\"><strong>Dekanat: PRUCHNIK<\/strong><\/span><\/p>\n<p>\n\t\t\t\t\t<span data-mce-style=\"color: #000000;\" style=\"color: #000000;\"><strong>Boratyn<\/strong>, \u015bw. Marcina<\/span><br \/>\n\t\t\t\t\t<span data-mce-style=\"color: #000000;\" style=\"color: #000000;\"><strong>Dobkowice<\/strong>, MB Nieustaj\u0105cej Pomocy<\/span><br \/>\n\t\t\t\t\t<span data-mce-style=\"color: #000000;\" style=\"color: #000000;\"><strong>Jod\u0142&oacute;wka<\/strong>, MB Pocieszenia<\/span><br \/>\n\t\t\t\t\t<span data-mce-style=\"color: #000000;\" style=\"color: #000000;\"><strong>Kramarz&oacute;wka<\/strong>, \u015bw. Klemensa i \u015bw. Andrzeja Boboli<\/span><br \/>\n\t\t\t\t\t<span data-mce-style=\"color: #000000;\" style=\"color: #000000;\"><strong>Pe\u0142natycze<\/strong>, Ofiarowania NMP<\/span><br \/>\n\t\t\t\t\t<span data-mce-style=\"color: #000000;\" style=\"color: #000000;\"><strong>Pruchnik<\/strong>, \u015bw. Miko\u0142aja Biskupa<\/span><br \/>\n\t\t\t\t\t<span data-mce-style=\"color: #000000;\" style=\"color: #000000;\"><strong>Tapin<\/strong>, MB Wspomo\u017cenia Wiernych<\/span><br \/>\n\t\t\t\t\t<span data-mce-style=\"color: #000000;\" style=\"color: #000000;\"><strong>Rozb&oacute;rz Okr\u0105g\u0142y<\/strong>, MB Szkaplerznej<\/span><br \/>\n\t\t\t\t\t<span data-mce-style=\"color: #000000;\" style=\"color: #000000;\"><strong>Rudo\u0142owice<\/strong>, \u015bw. Miko\u0142aja Biskupa<\/span><br \/>\n\t\t\t\t\t<span data-mce-style=\"color: #000000;\" style=\"color: #000000;\"><strong>Tulig\u0142owy<\/strong>, \u015bw. Miko\u0142aja Biskupa<\/span><br \/>\n\t\t\t\t\t<span data-mce-style=\"color: #000000;\" style=\"color: #000000;\"><strong>Tyniowice<\/strong>, Niepokalanego Pocz\u0119cia NMP<\/span><br \/>\n\t\t\t\t\t<span data-mce-style=\"color: #000000;\" style=\"color: #000000;\"><strong>W\u0119gierka<\/strong>, Narodzenia \u015bw. Jana Chrzciciela<\/span>\n\t\t\t\t<\/p>\n<\/td>\n<td>\n\t\t\t\t<span data-mce-style=\"color: #000000;\" style=\"color: #000000;\"><strong><span data-mce-style=\"font-size: 10pt;\" style=\"font-size: 10pt;\">Dekanat: PRZEMY\u015aL I<\/span><\/strong><\/span><\/p>\n<p>\n\t\t\t\t\t<span data-mce-style=\"color: #000000;\" style=\"color: #000000;\"><strong>Krasiczyn<\/strong>, \u015bw. Marcina<\/span><br \/>\n\t\t\t\t\t<span data-mce-style=\"color: #000000;\" style=\"color: #000000;\"><strong>Nehrybka<\/strong>, Niepokalanego Pocz\u0119cia NMP<\/span><br \/>\n\t\t\t\t\t<span data-mce-style=\"color: #000000;\" style=\"color: #000000;\"><strong>Pikulice<\/strong>, Naj\u015bwi\u0119tszego Serca PJ<\/span><br \/>\n\t\t\t\t\t<span data-mce-style=\"color: #000000;\" style=\"color: #000000;\"><strong>Pra\u0142kowce<\/strong>, MB Zbaraskiej<\/span><br \/>\n\t\t\t\t\t<span data-mce-style=\"color: #000000;\" style=\"color: #000000;\"><strong>Przemy\u015bl<\/strong> &#8211; Franciszkanie, \u015bw. Marii Magdaleny<\/span><br \/>\n\t\t\t\t\t<span data-mce-style=\"color: #000000;\" style=\"color: #000000;\"><strong>Przemy\u015bl Archikatedra<\/strong>, Wniebowzi\u0119cia NMP i \u015bw. Jana Chrzciciela<\/span><br \/>\n\t\t\t\t\t<span data-mce-style=\"color: #000000;\" style=\"color: #000000;\"><strong>Rektorat<\/strong>, \u015bw. Micha\u0142a Archanio\u0142a<\/span><br \/>\n\t\t\t\t\t<span data-mce-style=\"color: #000000;\" style=\"color: #000000;\"><strong>Przemy\u015bl Karmelici<\/strong>, \u015bw. Teresy od Jezusa<\/span><br \/>\n\t\t\t\t\t<span data-mce-style=\"color: #000000;\" style=\"color: #000000;\"><strong>Przemy\u015bl Reformaci<\/strong>, \u015bw. Antoniego Padewskiego<\/span>\n\t\t\t\t<\/p>\n<\/td>\n<\/tr>\n<tr valign=\"top\">\n<td>\n\t\t\t\t<span data-mce-style=\"font-size: 10pt; color: #000000;\" style=\"font-size: 10pt; color: #000000;\"><strong>Dekanat: PRZEMY\u015aL II<\/strong><\/span><\/p>\n<p>\n\t\t\t\t\t<span data-mce-style=\"color: #000000;\" style=\"color: #000000;\"><strong>Buszkowice<\/strong>, NMP Kr&oacute;lowej<\/span><br \/>\n\t\t\t\t\t<span data-mce-style=\"color: #000000;\" style=\"color: #000000;\"><strong>Ku\u0144kowce<\/strong>, MB Cz\u0119stochowskiej<\/span><br \/>\n\t\t\t\t\t<span data-mce-style=\"color: #000000;\" style=\"color: #000000;\"><strong>Ostr&oacute;w k. Przemy\u015bla<\/strong>, \u015bw. Marii Magdaleny<\/span><br \/>\n\t\t\t\t\t<span data-mce-style=\"color: #000000;\" style=\"color: #000000;\"><strong>Przemy\u015bl<\/strong>, \u015bw. Brata Alberta<\/span><br \/>\n\t\t\t\t\t<span data-mce-style=\"color: #000000;\" style=\"color: #000000;\"><strong>Przemy\u015bl<\/strong>, Tr&oacute;jcy Przenaj\u015bwi\u0119tszej<\/span><br \/>\n\t\t\t\t\t<span data-mce-style=\"color: #000000;\" style=\"color: #000000;\"><strong>Przemy\u015bl<\/strong>, \u015bw. J&oacute;zefa Sebastiana Pelczara<\/span><br \/>\n\t\t\t\t\t<span data-mce-style=\"color: #000000;\" style=\"color: #000000;\"><strong>Przemy\u015bl Kazan&oacute;w<\/strong>, &quot;\u015bw. Benedykta; Cyryla i Metodego&quot;<\/span><br \/>\n\t\t\t\t\t<span data-mce-style=\"color: #000000;\" style=\"color: #000000;\"><strong>Przemy\u015bl Kmiecie<\/strong>, NMP Kr&oacute;lowej Polski<\/span><br \/>\n\t\t\t\t\t<span data-mce-style=\"color: #000000;\" style=\"color: #000000;\"><strong>Przemy\u015bl Lipowica<\/strong>, \u015bw. Stanis\u0142awa Biskupa<\/span><br \/>\n\t\t\t\t\t<span data-mce-style=\"color: #000000;\" style=\"color: #000000;\"><strong>Przemy\u015bl Rycerskie<\/strong>, Mi\u0142osierdzia Bo\u017cego<\/span><br \/>\n\t\t\t\t\t<span data-mce-style=\"color: #000000;\" style=\"color: #000000;\"><strong>Przemy\u015bl Salezjanie<\/strong>, \u015bw. J&oacute;zefa<\/span>\n\t\t\t\t<\/p>\n<\/td>\n<td>\n\t\t\t\t<span data-mce-style=\"color: #000000;\" style=\"color: #000000;\"><strong><span data-mce-style=\"font-size: 10pt;\" style=\"font-size: 10pt;\">Dekanat: PRZEMY\u015aL III<\/span><\/strong><\/span><\/p>\n<p>\n\t\t\t\t\t<span data-mce-style=\"color: #000000;\" style=\"color: #000000;\"><strong>Hurko<\/strong>, \u015bw. Jadwigi \u015al\u0105skiej<\/span><br \/>\n\t\t\t\t\t<span data-mce-style=\"color: #000000;\" style=\"color: #000000;\"><strong>Jaksmanice<\/strong>, Narodzenia NMP<\/span><br \/>\n\t\t\t\t\t<span data-mce-style=\"color: #000000;\" style=\"color: #000000;\"><strong>Kalnik&oacute;w<\/strong>, \u015bw. Andrzeja Aposto\u0142a<\/span><br \/>\n\t\t\t\t\t<span data-mce-style=\"color: #000000;\" style=\"color: #000000;\"><strong>Kr&oacute;wniki,<\/strong> MB Cz\u0119stochowskiej<\/span><br \/>\n\t\t\t\t\t<span data-mce-style=\"color: #000000;\" style=\"color: #000000;\"><strong>Leszno<\/strong>, Niepokalanego Pocz\u0119cia NMP<\/span><br \/>\n\t\t\t\t\t<span data-mce-style=\"color: #000000;\" style=\"color: #000000;\"><strong>Medyka<\/strong>, \u015bw. Piotra i Paw\u0142a<\/span><br \/>\n\t\t\t\t\t<span data-mce-style=\"color: #000000;\" style=\"color: #000000;\"><strong>Przemy\u015bl<\/strong>, \u015bw. Jana z Dukli<\/span><br \/>\n\t\t\t\t\t<span data-mce-style=\"color: #000000;\" style=\"color: #000000;\"><strong>Przemy\u015bl B\u0142onie<\/strong>, MB Nieustaj\u0105cej Pomocy<\/span><br \/>\n\t\t\t\t\t<span data-mce-style=\"color: #000000;\" style=\"color: #000000;\"><strong>Przemy\u015bl Przekopana<\/strong>, \u015bw. Jana Aposto\u0142a<\/span><br \/>\n\t\t\t\t\t<span data-mce-style=\"color: #000000;\" style=\"color: #000000;\"><strong>Stubno<\/strong>, MB Szkaplerznej<\/span><br \/>\n\t\t\t\t\t<span data-mce-style=\"color: #000000;\" style=\"color: #000000;\"><strong>Torki<\/strong>, Wniebowzi\u0119cia NMP<\/span>\n\t\t\t\t<\/p>\n<\/td>\n<\/tr>\n<tr valign=\"top\">\n<td>\n\t\t\t\t<span data-mce-style=\"font-size: 10pt; color: #000000;\" style=\"font-size: 10pt; color: #000000;\"><strong>Dekanat: PRZEWORSK I<\/strong><\/span><\/p>\n<p>\n\t\t\t\t\t<span data-mce-style=\"color: #000000;\" style=\"color: #000000;\"><strong>D\u0119b&oacute;w<\/strong>, NMP Kr&oacute;lowej Polski<\/span><br \/>\n\t\t\t\t\t<span data-mce-style=\"color: #000000;\" style=\"color: #000000;\"><strong>Ga\u0107<\/strong>, Wniebowzi\u0119cia NMP<\/span><br \/>\n\t\t\t\t\t<span data-mce-style=\"color: #000000;\" style=\"color: #000000;\"><strong>Gniewczyna \u0141a\u0144cucka<\/strong>, \u015bw. Mateusza<\/span><br \/>\n\t\t\t\t\t<span data-mce-style=\"color: #000000;\" style=\"color: #000000;\"><strong>Gorzyce Przeworskie<\/strong>, Naj\u015bwi\u0119tszego Serca PJ<\/span><br \/>\n\t\t\t\t\t<span data-mce-style=\"color: #000000;\" style=\"color: #000000;\"><strong>Grz\u0119ska<\/strong>, Podwy\u017cszenia Krzy\u017ca<\/span><br \/>\n\t\t\t\t\t<span data-mce-style=\"color: #000000;\" style=\"color: #000000;\"><strong>Jagie\u0142\u0142a<\/strong>, \u015bw. Jadwigi Kr&oacute;lowej<\/span><br \/>\n\t\t\t\t\t<span data-mce-style=\"color: #000000;\" style=\"color: #000000;\"><strong>Nowosielce Przeworskie<\/strong>, \u015bw. Marii Magdaleny<\/span><br \/>\n\t\t\t\t\t<span data-mce-style=\"color: #000000;\" style=\"color: #000000;\"><strong>Przeworsk &#8211; Far<\/strong>a, Ducha \u015awi\u0119tego<\/span><br \/>\n\t\t\t\t\t<span data-mce-style=\"color: #000000;\" style=\"color: #000000;\"><strong>Przeworsk &#8211; Gorliczyna<\/strong>, \u015bw. J&oacute;zefa Sebastiana Pelczara Bpa<\/span><br \/>\n\t\t\t\t\t<span data-mce-style=\"color: #000000;\" style=\"color: #000000;\"><strong>\u015awi\u0119toniowa<\/strong>, MB Nieustaj\u0105cej Pomocy<\/span>\n\t\t\t\t<\/p>\n<\/td>\n<td>\n\t\t\t\t<span data-mce-style=\"color: #000000;\" style=\"color: #000000;\"><strong><span data-mce-style=\"font-size: 10pt;\" style=\"font-size: 10pt;\">Dekanat: PRZEWORSK II<\/span><\/strong><\/span><\/p>\n<p>\n\t\t\t\t\t<span data-mce-style=\"color: #000000;\" style=\"color: #000000;\"><strong>Cieszacin Wielki<\/strong>, Niepokalanego Pocz\u0119cia NMP<\/span><br \/>\n\t\t\t\t\t<span data-mce-style=\"color: #000000;\" style=\"color: #000000;\"><strong>Krzeczowice<\/strong>, \u015bw. Andrzeja Boboli<\/span><br \/>\n\t\t\t\t\t<span data-mce-style=\"color: #000000;\" style=\"color: #000000;\"><strong>Mirocin<\/strong>, \u015bw. Judy Tadeusza<\/span><br \/>\n\t\t\t\t\t<span data-mce-style=\"color: #000000;\" style=\"color: #000000;\"><strong>Przeworsk<\/strong>, Chrystusa Kr&oacute;la<\/span><br \/>\n\t\t\t\t\t<span data-mce-style=\"color: #000000;\" style=\"color: #000000;\"><strong>Przeworsk -Bernardyni<\/strong>, \u015bw. Barbary<\/span><br \/>\n\t\t\t\t\t<span data-mce-style=\"color: #000000;\" style=\"color: #000000;\"><strong>Rozb&oacute;rz<\/strong>, Matki Bo\u017cej Fatimskiej<\/span><br \/>\n\t\t\t\t\t<span data-mce-style=\"color: #000000;\" style=\"color: #000000;\"><strong>Sienn&oacute;w<\/strong>, Wszystkich \u015awi\u0119tych<\/span><br \/>\n\t\t\t\t\t<span data-mce-style=\"color: #000000;\" style=\"color: #000000;\"><strong>Ujezna<\/strong>, MB Pocieszenia<\/span><br \/>\n\t\t\t\t\t<span data-mce-style=\"color: #000000;\" style=\"color: #000000;\"><strong>Urzejowice<\/strong>, \u015bw. Miko\u0142aja Biskupa<\/span><br \/>\n\t\t\t\t\t<span data-mce-style=\"color: #000000;\" style=\"color: #000000;\"><strong>Wierzbna<\/strong>, MB Nieustaj\u0105cej Pomocy<\/span><br \/>\n\t\t\t\t\t<span data-mce-style=\"color: #000000;\" style=\"color: #000000;\"><strong>Zarzecze k. Jaros\u0142awia<\/strong>, \u015bw. Micha\u0142a Archanio\u0142a<\/span><br \/>\n\t\t\t\t\t<span data-mce-style=\"color: #000000;\" style=\"color: #000000;\"><strong>\u017burawiczki<\/strong>, Matki Bo\u017cej R&oacute;\u017ca\u0144cowej<\/span>\n\t\t\t\t<\/p>\n<\/td>\n<\/tr>\n<tr valign=\"top\">\n<td>\n\t\t\t\t<span data-mce-style=\"font-size: 10pt; color: #000000;\" style=\"font-size: 10pt; color: #000000;\"><strong>Dekanat: RADYMNO I<\/strong><\/span><\/p>\n<p>\n\t\t\t\t\t<span data-mce-style=\"color: #000000;\" style=\"color: #000000;\"><strong>Drohoj&oacute;w<\/strong>, MB Cz\u0119stochowskiej<\/span><br \/>\n\t\t\t\t\t<span data-mce-style=\"color: #000000;\" style=\"color: #000000;\"><strong>Kaszyce<\/strong>, \u015bw. Piotra i Paw\u0142a<\/span><br \/>\n\t\t\t\t\t<span data-mce-style=\"color: #000000;\" style=\"color: #000000;\"><strong>\u0141owce<\/strong>, \u015bw. Jana Chrzciciela i \u015bw. Marcina<\/span><br \/>\n\t\t\t\t\t<span data-mce-style=\"color: #000000;\" style=\"color: #000000;\"><strong>Or\u0142y<\/strong> &#8211; Zad\u0105browie, NMP Matki Ko\u015bcio\u0142a<\/span><br \/>\n\t\t\t\t\t<span data-mce-style=\"color: #000000;\" style=\"color: #000000;\"><strong>Ostr&oacute;w k. Radymna<\/strong>, MB Kr&oacute;lowej Polski<\/span><br \/>\n\t\t\t\t\t<span data-mce-style=\"color: #000000;\" style=\"color: #000000;\"><strong>Radymno<\/strong>, \u015bw. Wawrzy\u0144ca<\/span><br \/>\n\t\t\t\t\t<span data-mce-style=\"color: #000000;\" style=\"color: #000000;\"><strong>Sko\u0142osz&oacute;w<\/strong>, Mi\u0142osierdzia Bo\u017cego<\/span><br \/>\n\t\t\t\t\t<span data-mce-style=\"color: #000000;\" style=\"color: #000000;\"><strong>So\u015bnica Jaros\u0142awska<\/strong>, \u015bw. Antoniego Padewskiego<\/span><br \/>\n\t\t\t\t\t<span data-mce-style=\"color: #000000;\" style=\"color: #000000;\"><strong>\u015awi\u0119te<\/strong>, Narodzenia NMP<\/span><br \/>\n\t\t\t\t\t<span data-mce-style=\"color: #000000;\" style=\"color: #000000;\"><strong>Wac\u0142awice<\/strong>, NMP Kr&oacute;lowej Polski<\/span><br \/>\n\t\t\t\t\t<span data-mce-style=\"color: #000000;\" style=\"color: #000000;\"><strong>Zamojsce<\/strong>, MB R&oacute;\u017ca\u0144cowej<\/span>\n\t\t\t\t<\/p>\n<\/td>\n<td>\n\t\t\t\t<span data-mce-style=\"color: #000000;\" style=\"color: #000000;\"><strong><span data-mce-style=\"font-size: 10pt;\" style=\"font-size: 10pt;\">Dekanat: RADYMNO II<\/span><\/strong><\/span><\/p>\n<p>\n\t\t\t\t\t<span data-mce-style=\"color: #000000;\" style=\"color: #000000;\"><strong>Chotyniec<\/strong>, Narodzenia NMP<\/span><br \/>\n\t\t\t\t\t<span data-mce-style=\"color: #000000;\" style=\"color: #000000;\"><strong>Korczowa<\/strong>, \u015bw. Jakuba Aposto\u0142a<\/span><br \/>\n\t\t\t\t\t<span data-mce-style=\"color: #000000;\" style=\"color: #000000;\"><strong>Laszki,<\/strong> \u015bw. Zofii i \u015bw. Szczepana<\/span><br \/>\n\t\t\t\t\t<span data-mce-style=\"color: #000000;\" style=\"color: #000000;\"><strong>Micha\u0142&oacute;wka<\/strong>, \u015bw. Micha\u0142a Archanio\u0142a<\/span><br \/>\n\t\t\t\t\t<span data-mce-style=\"color: #000000;\" style=\"color: #000000;\"><strong>Mi\u0119kisz Nowy<\/strong>, MB \u015anie\u017cnej<\/span><br \/>\n\t\t\t\t\t<span data-mce-style=\"color: #000000;\" style=\"color: #000000;\"><strong>Mi\u0119kisz Stary<\/strong>, MB Cz\u0119stochowskiej<\/span><br \/>\n\t\t\t\t\t<span data-mce-style=\"color: #000000;\" style=\"color: #000000;\"><strong>Moszczany<\/strong>, \u015bw. Wincentego a Paulo<\/span><br \/>\n\t\t\t\t\t<span data-mce-style=\"color: #000000;\" style=\"color: #000000;\"><strong>Nienowice,<\/strong> \u015bw. J&oacute;zefa<\/span><br \/>\n\t\t\t\t\t<span data-mce-style=\"color: #000000;\" style=\"color: #000000;\"><strong>Wielkie Oczy,<\/strong> Niepokalanego Pocz\u0119cia NMP<\/span><br \/>\n\t\t\t\t\t<span data-mce-style=\"color: #000000;\" style=\"color: #000000;\"><strong>Wietlin<\/strong>, Narodzenia NMP<\/span>\n\t\t\t\t<\/p>\n<\/td>\n<\/tr>\n<tr valign=\"top\">\n<td>\n\t\t\t\t<span data-mce-style=\"font-size: 10pt; color: #000000;\" style=\"font-size: 10pt; color: #000000;\"><strong>Dekanat: RYMAN&Oacute;W<\/strong><\/span><\/p>\n<p>\n\t\t\t\t\t<span data-mce-style=\"color: #000000;\" style=\"color: #000000;\"><strong>G\u0142\u0119bokie<\/strong>, \u015bw. Marii Magdaleny<\/span><br \/>\n\t\t\t\t\t<span data-mce-style=\"color: #000000;\" style=\"color: #000000;\"><strong>Iwonicz<\/strong>, Wszystkich \u015awi\u0119tych<\/span><br \/>\n\t\t\t\t\t<span data-mce-style=\"color: #000000;\" style=\"color: #000000;\"><strong>Iwonicz Zdr&oacute;j,<\/strong> \u015bw. Iwona<\/span><br \/>\n\t\t\t\t\t<span data-mce-style=\"color: #000000;\" style=\"color: #000000;\"><strong>Ja\u015bliska,<\/strong> \u015bw. Katarzyny Aleksandryjskiej<\/span><br \/>\n\t\t\t\t\t<span data-mce-style=\"color: #000000;\" style=\"color: #000000;\"><strong>Klimk&oacute;wka<\/strong>, \u015bw. Micha\u0142a Archanio\u0142a<\/span><br \/>\n\t\t\t\t\t<span data-mce-style=\"color: #000000;\" style=\"color: #000000;\"><strong>Kr&oacute;lik Polski,<\/strong> Narodzenia NMP<\/span><br \/>\n\t\t\t\t\t<span data-mce-style=\"color: #000000;\" style=\"color: #000000;\"><strong>Odrzechowa<\/strong>, \u015bw. Jana Chrzciciela<\/span><br \/>\n\t\t\t\t\t<span data-mce-style=\"color: #000000;\" style=\"color: #000000;\"><strong>Ryman&oacute;w<\/strong>, \u015bw. Wawrzy\u0144ca<\/span><br \/>\n\t\t\t\t\t<span data-mce-style=\"color: #000000;\" style=\"color: #000000;\"><strong>Ryman&oacute;w Zdr&oacute;j<\/strong>, \u015bw. Stanis\u0142awa Biskupa<\/span><br \/>\n\t\t\t\t\t<span data-mce-style=\"color: #000000;\" style=\"color: #000000;\"><strong>Wr&oacute;blik Kr&oacute;lewski,<\/strong> Wniebowzi\u0119cia NMP<\/span>\n\t\t\t\t<\/p>\n<\/td>\n<td>\n\t\t\t\t<span data-mce-style=\"color: #000000;\" style=\"color: #000000;\"><strong><span data-mce-style=\"font-size: 10pt;\" style=\"font-size: 10pt;\">Dekanat: RZEPED\u0179<\/span><\/strong><\/span><\/p>\n<p>\n\t\t\t\t\t<span data-mce-style=\"color: #000000;\" style=\"color: #000000;\"><strong>Czaszyn<\/strong>, Podwy\u017cszenia Krzy\u017ca \u015awi\u0119tego<\/span><br \/>\n\t\t\t\t\t<span data-mce-style=\"color: #000000;\" style=\"color: #000000;\"><strong>Koma\u0144cza<\/strong>, \u015bw. J&oacute;zefa<\/span><br \/>\n\t\t\t\t\t<span data-mce-style=\"color: #000000;\" style=\"color: #000000;\"><strong>\u0141ukowe<\/strong>, NMP Kr&oacute;lowej Polski<\/span><br \/>\n\t\t\t\t\t<span data-mce-style=\"color: #000000;\" style=\"color: #000000;\"><strong>Nowy \u0141upk&oacute;w,<\/strong> \u015bw. Piotra i Paw\u0142a<\/span><br \/>\n\t\t\t\t\t<span data-mce-style=\"color: #000000;\" style=\"color: #000000;\"><strong>Rzeped\u017a<\/strong>, \u015bw. Maksymiliana Kolbego<\/span><br \/>\n\t\t\t\t\t<span data-mce-style=\"color: #000000;\" style=\"color: #000000;\"><strong>Tarnawa G&oacute;rna<\/strong>, \u015bw. Wojciecha<\/span><br \/>\n\t\t\t\t\t<span data-mce-style=\"color: #000000;\" style=\"color: #000000;\"><strong>Wis\u0142ok Wielki<\/strong>, \u015bw. Onufrego<\/span>\n\t\t\t\t<\/p>\n<\/td>\n<\/tr>\n<tr valign=\"top\">\n<td>\n\t\t\t\t<span data-mce-style=\"color: #000000;\" style=\"color: #000000;\"><strong><span data-mce-style=\"font-size: 10pt;\" style=\"font-size: 10pt;\">Dekanat: SANOK I<\/span><\/strong><\/span><\/p>\n<p>\n\t\t\t\t\t<span data-mce-style=\"color: #000000;\" style=\"color: #000000;\"><strong>Bukowsko<\/strong>, Podwy\u017cszenia Krzy\u017ca \u015awi\u0119tego<\/span><br \/>\n\t\t\t\t\t<span data-mce-style=\"color: #000000;\" style=\"color: #000000;\"><strong>Dudy\u0144ce<\/strong>, Wszystkich \u015awi\u0119tych<\/span><br \/>\n\t\t\t\t\t<span data-mce-style=\"color: #000000;\" style=\"color: #000000;\"><strong>Mrzyg\u0142&oacute;d<\/strong>, Rozes\u0142ania Aposto\u0142&oacute;w<\/span><br \/>\n\t\t\t\t\t<span data-mce-style=\"color: #000000;\" style=\"color: #000000;\"><strong>Nowosielce<\/strong> &#8211; Gniewosz, NMP Nieustaj\u0105cej Pomocy<\/span><br \/>\n\t\t\t\t\t<span data-mce-style=\"color: #000000;\" style=\"color: #000000;\"><strong>Nowotaniec<\/strong>, \u015bw. Miko\u0142aja Biskupa<\/span><br \/>\n\t\t\t\t\t<span data-mce-style=\"color: #000000;\" style=\"color: #000000;\"><strong>Pielnia,<\/strong> MB Wspomo\u017cenia Wiernych<\/span><br \/>\n\t\t\t\t\t<span data-mce-style=\"color: #000000;\" style=\"color: #000000;\"><strong>Pisarowce<\/strong>, NMP Kr&oacute;lowej Polski<\/span><br \/>\n\t\t\t\t\t<span data-mce-style=\"color: #000000;\" style=\"color: #000000;\"><strong>Sanok<\/strong>, Chrystusa Kr&oacute;la<\/span><br \/>\n\t\t\t\t\t<span data-mce-style=\"color: #000000;\" style=\"color: #000000;\"><strong>Rektorat,<\/strong> \u015bw. Maksymiliana Kolbego<\/span><br \/>\n\t\t\t\t\t<span data-mce-style=\"color: #000000;\" style=\"color: #000000;\"><strong>Sanok &#8211; D\u0105br&oacute;wka<\/strong>, Narodzenia NMP<\/span><br \/>\n\t\t\t\t\t<span data-mce-style=\"color: #000000;\" style=\"color: #000000;\"><strong>Sanok &#8211; Fara<\/strong>, Przemienienia Pa\u0144skiego<\/span><br \/>\n\t\t\t\t\t<span data-mce-style=\"color: #000000;\" style=\"color: #000000;\"><strong>Sanok &#8211; Franciszkanie<\/strong>, Podwy\u017cszenia Krzy\u017ca \u015awi\u0119tego<\/span><br \/>\n\t\t\t\t\t<span data-mce-style=\"color: #000000;\" style=\"color: #000000;\"><strong>Trepcza<\/strong>, Wniebowzi\u0119cia NMP<\/span>\n\t\t\t\t<\/p>\n<\/td>\n<td>\n\t\t\t\t<span data-mce-style=\"font-size: 10pt; color: #000000;\" style=\"font-size: 10pt; color: #000000;\"><strong>Dekanat: SANOK II<\/strong><\/span><\/p>\n<p>\n\t\t\t\t\t<span data-mce-style=\"color: #000000;\" style=\"color: #000000;\"><strong>Niebieszczany,<\/strong> \u015bw. Miko\u0142aja Biskupa<\/span><br \/>\n\t\t\t\t\t<span data-mce-style=\"color: #000000;\" style=\"color: #000000;\"><strong>Nowy Zag&oacute;rz<\/strong>, \u015bw. J&oacute;zefa Rzemie\u015blnika<\/span><br \/>\n\t\t\t\t\t<span data-mce-style=\"color: #000000;\" style=\"color: #000000;\"><strong>Pora\u017c<\/strong>, MB Gromnicznej<\/span><br \/>\n\t\t\t\t\t<span data-mce-style=\"color: #000000;\" style=\"color: #000000;\"><strong>Prusiek<\/strong>, NMP Kr&oacute;lowej Polski<\/span><br \/>\n\t\t\t\t\t<span data-mce-style=\"color: #000000;\" style=\"color: #000000;\"><strong>Sanok<\/strong> &#8211; Olchowce, Wniebowst\u0105pienia Pa\u0144skiego<\/span><br \/>\n\t\t\t\t\t<span data-mce-style=\"color: #000000;\" style=\"color: #000000;\"><strong>Sanok<\/strong> &#8211; Posada, Naj\u015bwi\u0119tszego Serca PJ<\/span><br \/>\n\t\t\t\t\t<span data-mce-style=\"color: #000000;\" style=\"color: #000000;\"><strong>Tyrawa Wo\u0142oska<\/strong>, \u015bw. Miko\u0142aja Biskupa<\/span><br \/>\n\t\t\t\t\t<span data-mce-style=\"color: #000000;\" style=\"color: #000000;\"><strong>Wujskie<\/strong>, \u015bw. Kosmy i Damiana<\/span><br \/>\n\t\t\t\t\t<span data-mce-style=\"color: #000000;\" style=\"color: #000000;\"><strong>Zag&oacute;rz<\/strong>, Wniebowzi\u0119cia NMP<\/span><br \/>\n\t\t\t\t\t<span data-mce-style=\"color: #000000;\" style=\"color: #000000;\"><strong>Zahuty\u0144<\/strong>, NMP Kr&oacute;lowej Polski<\/span>\n\t\t\t\t<\/p>\n<\/td>\n<\/tr>\n<tr valign=\"top\">\n<td>\n\t\t\t\t<span data-mce-style=\"font-size: 10pt; color: #000000;\" style=\"font-size: 10pt; color: #000000;\"><strong>Dekanat: SIENIAWA<\/strong><\/span><\/p>\n<p>\n\t\t\t\t\t<span data-mce-style=\"color: #000000;\" style=\"color: #000000;\"><strong>Cieplice<\/strong> &#8211; Rudka, \u015bw. Piotra i Paw\u0142a<\/span><br \/>\n\t\t\t\t\t<span data-mce-style=\"color: #000000;\" style=\"color: #000000;\"><strong>Dobra<\/strong>, Naj\u015bwi\u0119tszego Serca PJ<\/span><br \/>\n\t\t\t\t\t<span data-mce-style=\"color: #000000;\" style=\"color: #000000;\"><strong>Kolonia Polska<\/strong>, \u015bw. Stanis\u0142awa Biskupa<\/span><br \/>\n\t\t\t\t\t<span data-mce-style=\"color: #000000;\" style=\"color: #000000;\"><strong>Krasne k. Sieniawy<\/strong>, \u015bw. Judy Tadeusza<\/span><br \/>\n\t\t\t\t\t<span data-mce-style=\"color: #000000;\" style=\"color: #000000;\"><strong>Majdan Sieniawski<\/strong>, \u015bw. Miko\u0142aja Biskupa<\/span><br \/>\n\t\t\t\t\t<span data-mce-style=\"color: #000000;\" style=\"color: #000000;\"><strong>Manasterz k. Wi\u0105zownicy<\/strong>, MB Pocieszenia<\/span><br \/>\n\t\t\t\t\t<span data-mce-style=\"color: #000000;\" style=\"color: #000000;\"><strong>Mo\u0142odycz<\/strong>, Niepokalanego Serca NMP<\/span><br \/>\n\t\t\t\t\t<span data-mce-style=\"color: #000000;\" style=\"color: #000000;\"><strong>Radawa<\/strong>, \u015bw. Anny<\/span><br \/>\n\t\t\t\t\t<span data-mce-style=\"color: #000000;\" style=\"color: #000000;\"><strong>Sieniawa Jaros\u0142awska<\/strong>, Wniebowzi\u0119cia NMP<\/span><br \/>\n\t\t\t\t\t<span data-mce-style=\"color: #000000;\" style=\"color: #000000;\"><strong>Try\u0144cza,<\/strong> \u015bw. Kazimierza<\/span>\n\t\t\t\t<\/p>\n<\/td>\n<td>\n\t\t\t\t<span data-mce-style=\"color: #000000;\" style=\"color: #000000;\"><strong><span data-mce-style=\"font-size: 10pt;\" style=\"font-size: 10pt;\">Dekanat: SOLINA<\/span><\/strong><\/span><\/p>\n<p>\n\t\t\t\t\t<span data-mce-style=\"color: #000000;\" style=\"color: #000000;\"><strong>Berezka<\/strong>, Wniebowzi\u0119cia Naj\u015bwi\u0119tszej Maryi Panny<\/span><br \/>\n\t\t\t\t\t<span data-mce-style=\"color: #000000;\" style=\"color: #000000;\"><strong>B&oacute;brka k\/Soliny<\/strong>, Naj\u015bwi\u0119tszego Serca Pana Jezusa<\/span><br \/>\n\t\t\t\t\t<span data-mce-style=\"color: #000000;\" style=\"color: #000000;\"><strong>G&oacute;rzanka<\/strong>, Wniebowst\u0105pienia Pa\u0144skiego<\/span><br \/>\n\t\t\t\t\t<span data-mce-style=\"color: #000000;\" style=\"color: #000000;\"><strong>\u0141obozew,<\/strong> Naj\u015bwi\u0119tszego Serca PJ<\/span><br \/>\n\t\t\t\t\t<span data-mce-style=\"color: #000000;\" style=\"color: #000000;\"><strong>Myczkowce<\/strong>, MB Cz\u0119stochowskiej<\/span><br \/>\n\t\t\t\t\t<span data-mce-style=\"color: #000000;\" style=\"color: #000000;\"><strong>Myczk&oacute;w<\/strong>, MB Nieustaj\u0105cej Pomocy<\/span><br \/>\n\t\t\t\t\t<span data-mce-style=\"color: #000000;\" style=\"color: #000000;\"><strong>Pola\u0144czyk<\/strong>, NMP Kr&oacute;lowej Polski<\/span><br \/>\n\t\t\t\t\t<span data-mce-style=\"color: #000000;\" style=\"color: #000000;\"><strong>Uherce<\/strong>, \u015bw. Stanis\u0142awa Biskupa<\/span><br \/>\n\t\t\t\t\t<span data-mce-style=\"color: #000000;\" style=\"color: #000000;\"><strong>Wo\u0142kowyja<\/strong>, \u015bw. Maksymiliana Kolbego<\/span>\n\t\t\t\t<\/p>\n<\/td>\n<\/tr>\n<tr valign=\"top\">\n<td>\n\t\t\t\t<span data-mce-style=\"font-size: 10pt; color: #000000;\" style=\"font-size: 10pt; color: #000000;\"><strong>Dekanat: USTRZYKI DOLNE<\/strong><\/span><\/p>\n<p>\n\t\t\t\t\t<span data-mce-style=\"color: #000000;\" style=\"color: #000000;\"><strong>Brzegi Dolne<\/strong>, MB R&oacute;\u017ca\u0144cowej<\/span><br \/>\n\t\t\t\t\t<span data-mce-style=\"color: #000000;\" style=\"color: #000000;\"><strong>Jasie\u0144,<\/strong> MB Bieszczadzkiej<\/span><br \/>\n\t\t\t\t\t<span data-mce-style=\"color: #000000;\" style=\"color: #000000;\"><strong>Kro\u015bcienko k. Ustrzyk<\/strong>, Narodzenia NMP<\/span><br \/>\n\t\t\t\t\t<span data-mce-style=\"color: #000000;\" style=\"color: #000000;\"><strong>Olszanica<\/strong>, MB Pocieszenia<\/span><br \/>\n\t\t\t\t\t<span data-mce-style=\"color: #000000;\" style=\"color: #000000;\"><strong>Ropienka<\/strong>, \u015bw. Barbary<\/span><br \/>\n\t\t\t\t\t<span data-mce-style=\"color: #000000;\" style=\"color: #000000;\"><strong>Ustjanowa<\/strong>, Narodzenia NMP<\/span><br \/>\n\t\t\t\t\t<span data-mce-style=\"color: #000000;\" style=\"color: #000000;\"><strong>Ustrzyki Dolne<\/strong>, NMP Kr&oacute;lowej Polski<\/span><br \/>\n\t\t\t\t\t<span data-mce-style=\"color: #000000;\" style=\"color: #000000;\"><strong>Ustrzyki Dolne<\/strong>, \u015bw. J&oacute;zefa Robotnika<\/span><br \/>\n\t\t\t\t\t<span data-mce-style=\"color: #000000;\" style=\"color: #000000;\"><strong>Wa\u0144kowa<\/strong>, MB R&oacute;\u017ca\u0144cowej<\/span><br \/>\n\t\t\t\t\t<span data-mce-style=\"color: #000000;\" style=\"color: #000000;\"><strong>Wojtkowa &#8211; Nowosielce Kozickie<\/strong>, \u015bw. Jerzego i \u015bw. Tekli<\/span>\n\t\t\t\t<\/p>\n<\/td>\n<td>\n\t\t\t\t<span data-mce-style=\"font-size: 10pt; color: #000000;\" style=\"font-size: 10pt; color: #000000;\"><strong>Dekanat: \u017bO\u0141YNIA<\/strong><\/span><\/p>\n<p>\n\t\t\t\t\t<span data-mce-style=\"color: #000000;\" style=\"color: #000000;\"><strong>Brz&oacute;za Stadnicka<\/strong>, Naj\u015bwi\u0119tszego Serca PJ<\/span><br \/>\n\t\t\t\t\t<span data-mce-style=\"color: #000000;\" style=\"color: #000000;\"><strong>Budy \u0141a\u0144cuckie<\/strong>, Niepokalanego Serca NMP<\/span><br \/>\n\t\t\t\t\t<span data-mce-style=\"color: #000000;\" style=\"color: #000000;\"><strong>Chodacz&oacute;w<\/strong>, MB Nieustaj\u0105cej Pomocy<\/span><br \/>\n\t\t\t\t\t<span data-mce-style=\"color: #000000;\" style=\"color: #000000;\"><strong>Grodzisko Dolne<\/strong>, \u015bw. Barbary<\/span><br \/>\n\t\t\t\t\t<span data-mce-style=\"color: #000000;\" style=\"color: #000000;\"><strong>Gwizd&oacute;w<\/strong>, MB Pocieszenia<\/span><br \/>\n\t\t\t\t\t<span data-mce-style=\"color: #000000;\" style=\"color: #000000;\"><strong>Rakszawa<\/strong>, Podwy\u017cszenia Krzy\u017ca \u015awi\u0119tego<\/span><br \/>\n\t\t\t\t\t<span data-mce-style=\"color: #000000;\" style=\"color: #000000;\"><strong>Rakszawa G&oacute;rna<\/strong>, NMP Matki Ko\u015bcio\u0142a<\/span><br \/>\n\t\t\t\t\t<span data-mce-style=\"color: #000000;\" style=\"color: #000000;\"><strong>Smolarzyny<\/strong>, \u015bw. Stanis\u0142awa Kostki<\/span><br \/>\n\t\t\t\t\t<span data-mce-style=\"color: #000000;\" style=\"color: #000000;\"><strong>W&oacute;lka Grodziska<\/strong>, \u015bw. Maksymiliana Kolbego<\/span><br \/>\n\t\t\t\t\t<span data-mce-style=\"color: #000000;\" style=\"color: #000000;\"><strong>Zmys\u0142&oacute;wka<\/strong>, \u015bw. J&oacute;zefa<\/span><br \/>\n\t\t\t\t\t<span data-mce-style=\"color: #000000;\" style=\"color: #000000;\"><strong>\u017bo\u0142ynia<\/strong>, \u015bw. Jana Kantego<\/span>\n\t\t\t\t<\/p>\n<\/td>\n<\/tr>\n<tr>\n<td colspan=\"2\" data-mce-style=\"text-align: center;\" style=\"text-align: center;\">\n\t\t\t\t<span data-mce-style=\"font-size: 10pt; color: #000000;\" style=\"font-size: 10pt; color: #000000;\"><strong>Dekanat: \u017bURAWICA<\/strong><\/span><\/p>\n<p>\n\t\t\t\t\t<span data-mce-style=\"color: #000000;\" style=\"color: #000000;\"><strong>Bolestraszyce<\/strong>, Narodzenia NMP<\/span><br \/>\n\t\t\t\t\t<span data-mce-style=\"color: #000000;\" style=\"color: #000000;\"><strong>Kosienice<\/strong>, Tr&oacute;jcy Przenaj\u015bwi\u0119tszej<\/span><br \/>\n\t\t\t\t\t<span data-mce-style=\"color: #000000;\" style=\"color: #000000;\"><strong>Ma\u0107kowice,<\/strong> MB Nieustaj\u0105cej Pomocy<\/span><br \/>\n\t\t\t\t\t<span data-mce-style=\"color: #000000;\" style=\"color: #000000;\"><strong>Ma\u0142kowice<\/strong>, Nawiedzenia NMP<\/span><br \/>\n\t\t\t\t\t<span data-mce-style=\"color: #000000;\" style=\"color: #000000;\"><strong>Rektorat, <\/strong><\/span><br \/>\n\t\t\t\t\t<span data-mce-style=\"color: #000000;\" style=\"color: #000000;\"><strong>Orzechowce<\/strong>, MB R&oacute;\u017ca\u0144cowej<\/span><br \/>\n\t\t\t\t\t<span data-mce-style=\"color: #000000;\" style=\"color: #000000;\"><strong>Ujkowice<\/strong>, MB Szkaplerznej<\/span><br \/>\n\t\t\t\t\t<span data-mce-style=\"color: #000000;\" style=\"color: #000000;\"><strong>Walawa<\/strong>, Naj\u015bwi\u0119tszego Serca PJ<\/span><br \/>\n\t\t\t\t\t<span data-mce-style=\"color: #000000;\" style=\"color: #000000;\"><strong>Wyszatyce<\/strong>, \u015bw. Miko\u0142aja Biskupa<\/span><br \/>\n\t\t\t\t\t<span data-mce-style=\"color: #000000;\" style=\"color: #000000;\"><strong>\u017burawica<\/strong>, Niepokalanego Pocz\u0119cia NMP<\/span><br \/>\n\t\t\t\t\t<span data-mce-style=\"color: #000000;\" style=\"color: #000000;\"><strong>\u017burawica G&oacute;rna<\/strong>, \u015bw. Andrzeja Boboli<\/span>\n\t\t\t\t<\/p>\n<\/td>\n<\/tr>\n<tr>\n<td colspan=\"2\">\n\t\t\t\t\u017ar&oacute;d\u0142o: przemyska.pl\n\t\t\t<\/td>\n<\/tr>\n<\/tbody>\n<\/table>\n<div class=\"mcePaste\" data-mce-style=\"position: absolute; width: 1px; height: 1px; overflow: hidden; top: 0px; left: -10000px; text-align: justify;\" id=\"_mcePaste\" style=\"position: absolute; width: 1px; height: 1px; overflow: hidden; top: 0px; left: -10000px; text-align: justify;\">\n\t<span data-mce-style=\"color: #000000;\" style=\"color: #000000;\">\ufeff<\/span>\n<\/div>\n","protected":false},"excerpt":{"rendered":"<p><span class=\"more-link\"><a href=\"https:\/\/parafiabesko.pl\/?p=902\">Czytaj wi\u0119cej<\/a><\/span><\/p>\n","protected":false},"author":1,"featured_media":674,"comment_status":"closed","ping_status":"open","sticky":false,"template":"","format":"standard","meta":{"footnotes":""},"categories":[6],"tags":[],"class_list":["entry","author-adminparafiibesko","has-more-link","post-902","post","type-post","status-publish","format-standard","has-post-thumbnail","category-uncategorized"],"_links":{"self":[{"href":"https:\/\/parafiabesko.pl\/index.php?rest_route=\/wp\/v2\/posts\/902","targetHints":{"allow":["GET"]}}],"collection":[{"href":"https:\/\/parafiabesko.pl\/index.php?rest_route=\/wp\/v2\/posts"}],"about":[{"href":"https:\/\/parafiabesko.pl\/index.php?rest_route=\/wp\/v2\/types\/post"}],"author":[{"embeddable":true,"href":"https:\/\/parafiabesko.pl\/index.php?rest_route=\/wp\/v2\/users\/1"}],"replies":[{"embeddable":true,"href":"https:\/\/parafiabesko.pl\/index.php?rest_route=%2Fwp%2Fv2%2Fcomments&post=902"}],"version-history":[{"count":0,"href":"https:\/\/parafiabesko.pl\/index.php?rest_route=\/wp\/v2\/posts\/902\/revisions"}],"wp:featuredmedia":[{"embeddable":true,"href":"https:\/\/parafiabesko.pl\/index.php?rest_route=\/"}],"wp:attachment":[{"href":"https:\/\/parafiabesko.pl\/index.php?rest_route=%2Fwp%2Fv2%2Fmedia&parent=902"}],"wp:term":[{"taxonomy":"category","embeddable":true,"href":"https:\/\/parafiabesko.pl\/index.php?rest_route=%2Fwp%2Fv2%2Fcategories&post=902"},{"taxonomy":"post_tag","embeddable":true,"href":"https:\/\/parafiabesko.pl\/index.php?rest_route=%2Fwp%2Fv2%2Ftags&post=902"}],"curies":[{"name":"wp","href":"https:\/\/api.w.org\/{rel}","templated":true}]}}