{"id":900,"date":"2013-06-01T11:54:30","date_gmt":"2013-06-01T11:54:30","guid":{"rendered":"http:\/\/parafiabesko.pl\/?p=900"},"modified":"2013-06-01T11:54:30","modified_gmt":"2013-06-01T11:54:30","slug":"archidiecezja-przemyska","status":"publish","type":"post","link":"https:\/\/parafiabesko.pl\/?p=900","title":{"rendered":"Archidiecezja przemyska"},"content":{"rendered":"<p>\n\t<!--more-->\n<\/p>\n<p class=\"tekst\" data-mce-style=\"text-align: left;\" style=\"text-align: left;\">\n\tDiecezja Przemyska obrz\u0105dku \u0142aci\u0144skiego zosta\u0142a erygowana oko\u0142o roku 1340. Papie\u017c Grzegorz XI, bull\u0105 <em>Debitum pastoralis officii <\/em>z dnia 13 lutego 1375 roku, w\u0142\u0105czy\u0142 j\u0105 do nowo utworzonej metropolii Halickiej.\n<\/p>\n<p>\n\t&nbsp;\n<\/p>\n<p class=\"tekst\" data-mce-style=\"text-align: left;\" style=\"text-align: left;\">\n\tPapie\u017c Jan Pawe\u0142 II, bull\u0105 <em>Totus Tuus Poloniae populus<\/em> z dnia 25 marca 1992 roku,<br \/>\n\tustanowi\u0142 j\u0105 metropoli\u0105 dla archidiecezji przemyskiej oraz diecezji rzeszowskiej i&nbsp;zamojsko-lubaczowskiej.\n<\/p>\n<p class=\"tekst\" data-mce-style=\"text-align: left;\" style=\"text-align: left;\">\n\t<span data-mce-style=\"text-decoration: underline;\" style=\"text-decoration: underline;\">Patronami diecezji s\u0105<\/span>:\n<\/p>\n<ul data-mce-style=\"text-align: left;\" style=\"text-align: left;\">\n<li>\n\t\t<strong>Naj\u015bwi\u0119tsza Maryja Panna, Kr&oacute;lowa Polski<\/strong>\n\t<\/li>\n<\/ul>\n<p class=\"tekst\" data-mce-style=\"margin-left: 30px; text-align: left;\" style=\"margin-left: 30px; text-align: left;\">\n\toraz:\n<\/p>\n<ul data-mce-style=\"text-align: left;\" style=\"text-align: left;\">\n<li>\n\t\t\u015bwi\u0119ty Jan z Dukli\n\t<\/li>\n<li>\n\t\t\u015bwi\u0119ty J&oacute;zef Sebastian, biskup\n\t<\/li>\n<li>\n\t\tb\u0142ogos\u0142awiony Jan Wojciech, prezbiter\n\t<\/li>\n<li>\n\t\t\u015bwi\u0119ty Dobry \u0141otr\n\t<\/li>\n<\/ul>\n<p data-mce-style=\"text-align: left;\" style=\"text-align: left;\">\n\t&nbsp;<\/p>\n","protected":false},"excerpt":{"rendered":"<p><span class=\"more-link\"><a href=\"https:\/\/parafiabesko.pl\/?p=900\">Czytaj wi\u0119cej<\/a><\/span><\/p>\n","protected":false},"author":1,"featured_media":674,"comment_status":"closed","ping_status":"open","sticky":false,"template":"","format":"standard","meta":{"footnotes":""},"categories":[6],"tags":[],"class_list":["entry","author-adminparafiibesko","has-more-link","post-900","post","type-post","status-publish","format-standard","has-post-thumbnail","category-uncategorized"],"_links":{"self":[{"href":"https:\/\/parafiabesko.pl\/index.php?rest_route=\/wp\/v2\/posts\/900","targetHints":{"allow":["GET"]}}],"collection":[{"href":"https:\/\/parafiabesko.pl\/index.php?rest_route=\/wp\/v2\/posts"}],"about":[{"href":"https:\/\/parafiabesko.pl\/index.php?rest_route=\/wp\/v2\/types\/post"}],"author":[{"embeddable":true,"href":"https:\/\/parafiabesko.pl\/index.php?rest_route=\/wp\/v2\/users\/1"}],"replies":[{"embeddable":true,"href":"https:\/\/parafiabesko.pl\/index.php?rest_route=%2Fwp%2Fv2%2Fcomments&post=900"}],"version-history":[{"count":0,"href":"https:\/\/parafiabesko.pl\/index.php?rest_route=\/wp\/v2\/posts\/900\/revisions"}],"wp:featuredmedia":[{"embeddable":true,"href":"https:\/\/parafiabesko.pl\/index.php?rest_route=\/"}],"wp:attachment":[{"href":"https:\/\/parafiabesko.pl\/index.php?rest_route=%2Fwp%2Fv2%2Fmedia&parent=900"}],"wp:term":[{"taxonomy":"category","embeddable":true,"href":"https:\/\/parafiabesko.pl\/index.php?rest_route=%2Fwp%2Fv2%2Fcategories&post=900"},{"taxonomy":"post_tag","embeddable":true,"href":"https:\/\/parafiabesko.pl\/index.php?rest_route=%2Fwp%2Fv2%2Ftags&post=900"}],"curies":[{"name":"wp","href":"https:\/\/api.w.org\/{rel}","templated":true}]}}