{"id":8880,"date":"2021-06-27T21:28:08","date_gmt":"2021-06-27T21:28:08","guid":{"rendered":"http:\/\/parafiabesko.pl\/?p=8880"},"modified":"2021-06-27T21:28:08","modified_gmt":"2021-06-27T21:28:08","slug":"odpust-nieustajacej-pomocy-i-40-lat-kaplanstwa","status":"publish","type":"post","link":"https:\/\/parafiabesko.pl\/?p=8880","title":{"rendered":"ODPUST NIEUSTAJ\u0104CEJ POMOCY I 40 LAT KAP\u0141A\u0143STWA"},"content":{"rendered":"<h5>Dzi\u0119kujemy Bogu za to, \u017ce mogli\u015bmy spokojnie prze\u017cy\u0107 tegoroczn\u0105 uroczysto\u015b\u0107 odpustow\u0105 ku czci Matki Bo\u017cej Nieustaj\u0105cej Pomocy. Kaznodziej\u0105 tego odpustu by\u0142 ks. pra\u0142. dr Piotr Baraniewicz &#8211; Oficja\u0142 S\u0105du Metropolitalnego. Wag\u0119 dnia dzisiejszego podkre\u015bli\u0142o r\u00f3wnie\u017c \u015bwi\u0119to jubileuszu 40-lecia kap\u0142a\u0144stwa ksi\u0119dza proboszcza Andrzeja Gila. Parafianie z w\u0142asnej inicjatywy zorganizowali szereg delegacji, kt\u00f3re w wielu dobrych s\u0142owach wyra\u017ca\u0142y wdzi\u0119czno\u015b\u0107 za dar pos\u0142ugi swojego pasterza.<\/h5>\n\n","protected":false},"excerpt":{"rendered":"<p>Dzi\u0119kujemy Bogu za to, \u017ce mogli\u015bmy spokojnie prze\u017cy\u0107 tegoroczn\u0105 uroczysto\u015b\u0107 odpustow\u0105 ku czci Matki Bo\u017cej Nieustaj\u0105cej Pomocy. Kaznodziej\u0105 tego odpustu by\u0142 ks. pra\u0142. dr Piotr Baraniewicz &#8211; Oficja\u0142 S\u0105du Metropolitalnego. Wag\u0119 dnia dzisiejszego podkre\u015bli\u0142o r\u00f3wnie\u017c \u015bwi\u0119to jubileuszu 40-lecia kap\u0142a\u0144stwa ksi\u0119dza proboszcza Andrzeja Gila. Parafianie z w\u0142asnej inicjatywy zorganizowali szereg delegacji,<span class=\"more-link\"><a href=\"https:\/\/parafiabesko.pl\/?p=8880\">Czytaj wi\u0119cej<\/a><\/span><\/p>\n","protected":false},"author":1,"featured_media":8915,"comment_status":"closed","ping_status":"open","sticky":false,"template":"","format":"standard","meta":{"footnotes":""},"categories":[6],"tags":[],"class_list":["entry","author-adminparafiibesko","post-8880","post","type-post","status-publish","format-standard","has-post-thumbnail","category-uncategorized"],"_links":{"self":[{"href":"https:\/\/parafiabesko.pl\/index.php?rest_route=\/wp\/v2\/posts\/8880","targetHints":{"allow":["GET"]}}],"collection":[{"href":"https:\/\/parafiabesko.pl\/index.php?rest_route=\/wp\/v2\/posts"}],"about":[{"href":"https:\/\/parafiabesko.pl\/index.php?rest_route=\/wp\/v2\/types\/post"}],"author":[{"embeddable":true,"href":"https:\/\/parafiabesko.pl\/index.php?rest_route=\/wp\/v2\/users\/1"}],"replies":[{"embeddable":true,"href":"https:\/\/parafiabesko.pl\/index.php?rest_route=%2Fwp%2Fv2%2Fcomments&post=8880"}],"version-history":[{"count":0,"href":"https:\/\/parafiabesko.pl\/index.php?rest_route=\/wp\/v2\/posts\/8880\/revisions"}],"wp:featuredmedia":[{"embeddable":true,"href":"https:\/\/parafiabesko.pl\/index.php?rest_route=\/"}],"wp:attachment":[{"href":"https:\/\/parafiabesko.pl\/index.php?rest_route=%2Fwp%2Fv2%2Fmedia&parent=8880"}],"wp:term":[{"taxonomy":"category","embeddable":true,"href":"https:\/\/parafiabesko.pl\/index.php?rest_route=%2Fwp%2Fv2%2Fcategories&post=8880"},{"taxonomy":"post_tag","embeddable":true,"href":"https:\/\/parafiabesko.pl\/index.php?rest_route=%2Fwp%2Fv2%2Ftags&post=8880"}],"curies":[{"name":"wp","href":"https:\/\/api.w.org\/{rel}","templated":true}]}}