{"id":8756,"date":"2021-06-12T08:18:07","date_gmt":"2021-06-12T08:18:07","guid":{"rendered":"http:\/\/parafiabesko.pl\/?p=8756"},"modified":"2021-06-12T08:18:07","modified_gmt":"2021-06-12T08:18:07","slug":"zniesienie-dyspensy-od-niedzielnej-mszy-swietej-od-20-czerwca","status":"publish","type":"post","link":"https:\/\/parafiabesko.pl\/?p=8756","title":{"rendered":"ZNIESIENIE DYSPENSY OD NIEDZIELNEJ MSZY \u015aWI\u0118TEJ (od 20 czerwca)"},"content":{"rendered":"<p><a href=\"https:\/\/parafiabesko.pl\/zniesienie-dyspensy-od-niedzielnej-mszy-swietej-od-20-czerwca\/kep_news\/\" rel=\"attachment wp-att-8757\"><img loading=\"lazy\" decoding=\"async\" class=\"alignnone size-full wp-image-8757\" src=\"https:\/\/parafiabesko.pl\/wp-content\/uploads\/2021\/06\/kep_news.jpg\" alt=\"\" width=\"800\" height=\"450\" \/><\/a><\/p>\n<h4>Biskupi zgromadzeni na 389. Zebraniu Plenarnym\u00a0Konferencji Episkopatu Polski<br \/>\nw Kalwarii Zebrzydowskiej zdecydowali,\u00a0\u017ce\u00a0<span style=\"text-decoration: underline; color: #ff0000;\"><strong>z dniem 20 czerwca br.<\/strong>,<\/span><br \/>\n<span style=\"text-decoration: underline; color: #ff0000;\"><strong>zostan\u0105 zniesione dyspensy<\/strong>\u00a0od uczestnictwa w niedzielnej Mszy \u015bwi\u0119tej oraz w \u015bwi\u0119ta nakazane<\/span><br \/>\n<span style=\"text-decoration: underline; color: #ff0000;\">we wszystkich diecezjach<\/span>, w kt\u00f3rych do tej pory obowi\u0105zywa\u0142y.<\/h4>\n<h4>Prosimy duszpasterzy, aby w najbli\u017csz\u0105 niedziel\u0119 (13 czerwca br.)<br \/>\npoinformowali o tym fakcie wszystkich wiernych.<\/h4>\n","protected":false},"excerpt":{"rendered":"<p>Biskupi zgromadzeni na 389. Zebraniu Plenarnym\u00a0Konferencji Episkopatu Polski w Kalwarii Zebrzydowskiej zdecydowali,\u00a0\u017ce\u00a0z dniem 20 czerwca br., zostan\u0105 zniesione dyspensy\u00a0od uczestnictwa w niedzielnej Mszy \u015bwi\u0119tej oraz w \u015bwi\u0119ta nakazane we wszystkich diecezjach, w kt\u00f3rych do tej pory obowi\u0105zywa\u0142y. Prosimy duszpasterzy, aby w najbli\u017csz\u0105 niedziel\u0119 (13 czerwca br.) poinformowali o tym fakcie<span class=\"more-link\"><a href=\"https:\/\/parafiabesko.pl\/?p=8756\">Czytaj wi\u0119cej<\/a><\/span><\/p>\n","protected":false},"author":1,"featured_media":8758,"comment_status":"closed","ping_status":"open","sticky":false,"template":"","format":"standard","meta":{"footnotes":""},"categories":[7],"tags":[],"class_list":["entry","author-adminparafiibesko","post-8756","post","type-post","status-publish","format-standard","has-post-thumbnail","category-ogloszenia-parafialne"],"_links":{"self":[{"href":"https:\/\/parafiabesko.pl\/index.php?rest_route=\/wp\/v2\/posts\/8756","targetHints":{"allow":["GET"]}}],"collection":[{"href":"https:\/\/parafiabesko.pl\/index.php?rest_route=\/wp\/v2\/posts"}],"about":[{"href":"https:\/\/parafiabesko.pl\/index.php?rest_route=\/wp\/v2\/types\/post"}],"author":[{"embeddable":true,"href":"https:\/\/parafiabesko.pl\/index.php?rest_route=\/wp\/v2\/users\/1"}],"replies":[{"embeddable":true,"href":"https:\/\/parafiabesko.pl\/index.php?rest_route=%2Fwp%2Fv2%2Fcomments&post=8756"}],"version-history":[{"count":0,"href":"https:\/\/parafiabesko.pl\/index.php?rest_route=\/wp\/v2\/posts\/8756\/revisions"}],"wp:featuredmedia":[{"embeddable":true,"href":"https:\/\/parafiabesko.pl\/index.php?rest_route=\/"}],"wp:attachment":[{"href":"https:\/\/parafiabesko.pl\/index.php?rest_route=%2Fwp%2Fv2%2Fmedia&parent=8756"}],"wp:term":[{"taxonomy":"category","embeddable":true,"href":"https:\/\/parafiabesko.pl\/index.php?rest_route=%2Fwp%2Fv2%2Fcategories&post=8756"},{"taxonomy":"post_tag","embeddable":true,"href":"https:\/\/parafiabesko.pl\/index.php?rest_route=%2Fwp%2Fv2%2Ftags&post=8756"}],"curies":[{"name":"wp","href":"https:\/\/api.w.org\/{rel}","templated":true}]}}