{"id":835,"date":"2013-06-01T11:20:43","date_gmt":"2013-06-01T11:20:43","guid":{"rendered":"http:\/\/parafiabesko.pl\/?p=835"},"modified":"2025-10-08T15:54:21","modified_gmt":"2025-10-08T13:54:21","slug":"duszpasterze-pochodzacy-z-naszej-parafii","status":"publish","type":"post","link":"https:\/\/parafiabesko.pl\/?p=835","title":{"rendered":"Duszpasterze pochodz\u0105cy z naszej parafii"},"content":{"rendered":"<p><!--more--><\/p>\n<p><img loading=\"lazy\" decoding=\"async\" src=\"http:\/\/besko.mojaparafia.org\/images\/stories\/Wang_Radiant_Light_T-01051-OL.jpg\" alt=\"Wang_Radiant_Light_T-01051-OL\" width=\"418\" height=\"313\" data-mce-=\"\" \/><\/p>\n<p><strong><u>Ks. Nycz Andrzej <\/u><\/strong><strong><u>z Beska (1888-1937)<\/u><\/strong><\/p>\n<p>Syn: J\u00f3zef, Marianna Dy\u0144ko. Urodzony 17.05.1888r. w Besku Chrzczony 19.05.1888r. w Besku. Gimnazjum (1901 \u2013 1909 ) w Sanoku, nast\u0119pnie rozpocz\u0105\u0142 studia w Instytucie Teologicznym przy Seminarium Duchownym w Przemy\u015blu 1909r. \u015bwi\u0119cenia kap\u0142a\u0144skie. przyj\u0105\u0142 w 29.06.1913r.\u00a0 wikariusz Wojutycze (12.08.1913 \u2013 29.08.1915), wikariusz Brze\u015bciany (29.08.1915 \u2013 1.10.1918), expozyt Brze\u015bciany (1.10.1918 \u2013 8.11.1921), administrator Wojutycze (9.11.1921 \u2013 6.03.1922), proboszcz Wojutycze od 7.03.1922 \u2013 zmar\u0142 29.01.1037r. i zosta\u0142 pochowany na cmentarzu w Wojutyczach k. Sambora. Odznaczony tytu\u0142em kanonika.<\/p>\n<p>&nbsp;<\/p>\n<p><strong><u>Ks. Przybylski J\u00f3zef <\/u><\/strong><strong><u>z Milczy (1905-1977)<\/u><\/strong><\/p>\n<p>Syn: Szymon, Agnieszka Kijowska. Urodzony 3.04.1905r. w Milczy. Chrzczony 6.04.1905r. w Besku. W 1924r. uko\u0144czy\u0142 gimnazjum w Sanoku, w 1926r. rozpocz\u0105\u0142 studia w Instytucie Teologicznym przy Seminarium Duchownym w Przemy\u015blu (1926-1931), wy\u015bw. w 1931 r. Msza prymicyjna w Besku (31 maja 1931r.). Plac\u00f3wki: Sambor (1931-1933), Przybysz\u00f3wka (1933-1934 \u2013 administrator), \u015awi\u0119toniowa (1934 \u2013 administrator), Markowa (1934-1936 \u2013 wikariusz i administrator), Borys\u0142aw (1936-1939), Jedlicze (1939, od 1940 \u2013 administrator). W 1942r. aresztowany przez Gestapo, wywieziony do obozu w O\u015bwi\u0119cimiu, a potem do Dachau, gdzie przebywa\u0142 do kwietnia 1945r. Do 15 pa\u017adziernika 1945r. duszpasterz w\u015br\u00f3d Polak\u00f3w przebywaj\u0105cych w Niemczech. Po powrocie do kraju od 29 listopada 1945r. pracowa\u0142 w Sanoku, do 1946 r. Od 1946r. w Cieklinie jako administrator, p\u00f3\u017aniej proboszcz. 1952 \u2013 otrzyma\u0142 tytu\u0142 kanonika, od 1966r. na emeryturze. By\u0142 odznaczony Krzy\u017cem Kawalerskim i Z\u0142otym Krzy\u017cem Zas\u0142ugi. Zmar\u0142 1977r. Pochowany na cmentarzu w Milczy.<\/p>\n<p>&nbsp;<\/p>\n<p><strong><u>Ks. Kijowski Stanis\u0142aw <\/u><\/strong><strong><u>z Milczy (1905-1993)<\/u><\/strong><\/p>\n<p>Syn: Jan, Maria Milan. Urodzony 14.10.1905r. w Milczy. Ochrzczony 16.10.1905r. w Besku. W 1925r. uko\u0144czy\u0142 gimnazjum w Sanoku, po maturze studiowa\u0142 w Instytucie Teologicznym przy Seminarium Duchownym w Przemy\u015blu (1925-1930), wy\u015bwi\u0119cony na kap\u0142ana w 1930r. Plac\u00f3wki: Jedlicze (1930-1931), Dydnia (1931-1933), Grodzisko (1933-1935), Czudec (1935-1937, Stoja\u0144ce (1937-1939), Handzl\u00f3wka (1939 \u2013 administrator), Krzemienica, \u0141a\u0144cut. Od 1946 r. przeniesiony do archidiecezji wroc\u0142awskiej. Od 1990r. jako emeryt przebywa\u0142 w Milczy, gdzie zmar\u0142. Pochowany na cmentarzu w Milczy.<\/p>\n<p>&nbsp;<\/p>\n<p><strong><u>Ks. Sza\u0142ankiewicz Stanis\u0142aw <\/u><\/strong><strong><u>(o. Nikodem) z Mymonia (1910-1979)<\/u><\/strong><\/p>\n<p>Syn: Wawrzyniec, Magdalena Dryba\u0142a. \u00a0(ur.4.01.1910r. Mymo\u0144, ochrzczony 5.01.1910r. w Besku. Pierwszy ksi\u0105dz zakonny z parafii Besko (franciszkanin konwentualny). Wy\u015bwi\u0119cony w 1935r. Msza prymicyjna w Besku (29 czerwca 1935r.). Plac\u00f3wki: Niepokalan\u00f3w (gdzie wsp\u00f3\u0142pracowa\u0142 ze \u015bw. Maksymilianem Kolbe), Kalisz, Radomsko, Krosno, .Koszalin, Wroc\u0142aw, Roztoka, Nieszawa, Rac\u0142awice \u015bl., Rychwa\u0142d, Nieszawa, Lw\u00f3wek \u015bl\u0105ski, Krak\u00f3w, Rawa Ni\u017cna i Jas\u0142o. W czasie II wojny \u015bwiatowej gwardian w klasztorze OO. Franciszkan\u00f3w w Kro\u015bnie. \u00a0Zmar\u0142 17.04.1979r \u00a0w Ja\u015ble i tam jest pochowany.<\/p>\n<p>&nbsp;<\/p>\n<p><strong><u>Ks.\u00a0Andrzej Czy\u017c z Beska (1914-1978)<\/u><\/strong><\/p>\n<p>Syn: J\u00f3zef, Karolina Ciep\u0142y. Jego \u017cyciowa droga rozpocz\u0119\u0142a si\u0119 30\u00a0listopada 1914r. w\u00a0Besku. Ochrzczony 2.12.1914r. w Besku. Po\u00a0zako\u0144czeniu studi\u00f3w gimnazjalnych w\u00a0Sanoku (1925-1933), rozpocz\u0105\u0142 przygotowanie do\u00a0kap\u0142a\u0144stwa w\u00a0Seminarium Duchownym w\u00a0Przemy\u015blu (1933-1938). Po\u00a0otrzymaniu \u015bwi\u0119ce\u0144 prezbiteratu w\u00a0dniu 26\u00a0czerwca 1938r. w\u00a0Przemy\u015blu, sprawowa\u0142 pos\u0142ug\u0119 duszpastersk\u0105 w\u00a0nast\u0119puj\u0105cych parafiach: S\u0142ocina (1938-1943), Sanok (1943-1945), kapelan AK, Dubiecko (1945-1949), Nowotaniec (1946-1947), Strzy\u017c\u00f3w (1949-1951), Krasiczyn (1951-1957); Wysoka \u0141a\u0144cucka (1967-1977). Od\u00a0sierpnia 1977r. pe\u0142ni\u0142 funkcj\u0119 penitencjarza w\u00a0Stalowej Woli. W\u00a0uznaniu za\u00a0gorliw\u0105 prac\u0119 dla Ko\u015bcio\u0142a Przemyskiego zosta\u0142 odznaczony\u00a0<em>Expositorio Canonicali<\/em>\u00a0(1962) oraz przywilejem u\u017cywania\u00a0<em>Rokiety i\u00a0Mantoletu<\/em>(1975). Zmar\u0142 25 czerwca 1978 r. w Szpitalu w Stalowej Woli. Uroczysto\u015bci pogrzebowe odby\u0142y si\u0119 w Stalowej Woli. Przewodniczy\u0142 im abp Ignacy Tokarczuk. Cia\u0142o zmar\u0142ego spocz\u0119\u0142o na cmentarzu w Stalowej Woli. 23.01.2017r. ekschumacjia i trumna spocz\u0119\u0142a na cmentarzu w Wysokiej \u0141a\u0144cuckiej. Uroczysto\u015bciom przewodniczy\u0142 Metropolita przemyski abp Adam Szal.<\/p>\n<p>&nbsp;<\/p>\n<p><strong><u>Ks. o. prof. Ziemia\u0144ski Stanis\u0142aw SJ<\/u><\/strong><\/p>\n<p><strong>Biografia<\/strong><\/p>\n<p>Syn Kazimierza i Magdaleny z d. Szybka ur. 6.08.1931r. Do zakonu <a href=\"https:\/\/pl.wikipedia.org\/wiki\/Jezuici\">jezuit\u00f3w<\/a> wst\u0105pi\u0142 31 lipca <a href=\"https:\/\/pl.wikipedia.org\/wiki\/1949\">1949<\/a> r. i w <a href=\"https:\/\/pl.wikipedia.org\/wiki\/Stara_Wie%C5%9B_%28wojew%C3%B3dztwo_podkarpackie%29\">Starej Wsi<\/a> k. <a href=\"https:\/\/pl.wikipedia.org\/wiki\/Krosno\">Krosna<\/a> odby\u0142 dwuletni <a href=\"https:\/\/pl.wikipedia.org\/wiki\/Nowicjat\">nowicjat<\/a>. \u015awi\u0119cenia kap\u0142a\u0144skie przyj\u0105\u0142 29 czerwca <a href=\"https:\/\/pl.wikipedia.org\/wiki\/1959\">1959<\/a> r. w <a href=\"https:\/\/pl.wikipedia.org\/wiki\/Warszawa\">Warszawie<\/a>. <a href=\"https:\/\/pl.wikipedia.org\/wiki\/Filozofia\">Filozofi\u0119<\/a> studiowa\u0142 na <a href=\"https:\/\/pl.wikipedia.org\/wiki\/Wy%C5%BCsza_Szko%C5%82a_Filozoficzno-Pedagogiczna_Ignatianum\">Wydziale Filozoficznym Towarzystwa Jezusowego w Krakowie<\/a> (<a href=\"https:\/\/pl.wikipedia.org\/wiki\/1953\">1953<\/a>&#8211;<a href=\"https:\/\/pl.wikipedia.org\/wiki\/1956\">1956<\/a>), <a href=\"https:\/\/pl.wikipedia.org\/wiki\/Teologia\">teologi\u0119<\/a> na Wydziale Teologicznym <a href=\"https:\/\/pl.wikipedia.org\/wiki\/Papieski_Wydzia%C5%82_Teologiczny_w_Warszawie\">Bobolanum<\/a> w Warszawie (1956-<a href=\"https:\/\/pl.wikipedia.org\/wiki\/1960\">1960<\/a>). Studia specjalistyczne z filozofii odby\u0142 w latach 1960-1963 na <a href=\"https:\/\/pl.wikipedia.org\/wiki\/Katolicki_Uniwersytet_Lubelski_Jana_Paw%C5%82a_II\">KUL<\/a> w <a href=\"https:\/\/pl.wikipedia.org\/wiki\/Lublin\">Lublinie<\/a>, gdzie w <a href=\"https:\/\/pl.wikipedia.org\/wiki\/1978\">1978<\/a> r. uzyska\u0142 <a href=\"https:\/\/pl.wikipedia.org\/wiki\/Doktor_%28stopie%C5%84_naukowy%29\">doktorat<\/a> na podstawie rozprawy pt. <em>Ontologiczne podstawy teorii definicji w systemie Arystotelesa<\/em> (promotor: M. A. Kr\u0105piec OP).<\/p>\n<p>Od 1963 r. wyk\u0142ada na Wydziale Filozoficznym Towarzystwa Jezusowego w Krakowie (od 2011 r.: Akademia Ignatianum), g\u0142\u00f3wnie filozofi\u0119 Boga. Przez wiele lat wyk\u0142ada\u0142 tak\u017ce metafizyk\u0119 i kosmologi\u0119, a w latach 1988-2006 \u2013 r\u00f3wnie\u017c histori\u0119 filozofii \u015bredniowiecznej. Nadto od 1974 do 2001 r. wyk\u0142ada\u0142 metafizyk\u0119 i teologi\u0119 naturaln\u0105 w Wy\u017cszym Mi\u0119dzyzakonnym Instytucie Katechetycznym w Krakowie. Okresowo wyk\u0142ada\u0142 r\u00f3wnie\u017c w WSD Paulin\u00f3w w Krakowie. W 1984\/85 wyk\u0142ada\u0142 filozofi\u0119 Boga w Le Moyne College w Syracuse (NY) w USA. W latach 1982-1988 by\u0142 przewodnicz\u0105cym Towarzystwa Naukowego Ksi\u0119\u017cy Jezuit\u00f3w w Krakowie. Od 1988 do 1998 r. by\u0142 sekretarzem Wydzia\u0142u Filozoficznego TJ w Krakowie, od 1991 do 1994 r. \u2013 dyrektorem Sekcji Filozofii Systematycznej tego\u017c Wydzia\u0142u, a w latach 1994-2001 \u2013 prodziekanem Wydzia\u0142u. W 1990 r. habilitowa\u0142 si\u0119 na Wydziale Filozoficznym TJ w Krakowie na podstawie ksi\u0105\u017cki <em>Teologia naturalna. Filozoficzna problematyka Boga.<\/em> Od 1991 jest profesorem nadzwyczajnym, a od 1999 r. profesorem zwyczajnym.<\/p>\n<p>W latach 1993-2001 by\u0142 zatrudniony tak\u017ce na Wydziale Filozoficznym Papieskiej Akademii Teologicznej w Krakowie (obecnie: Papieski Uniwersytet Jana Paw\u0142a II). Od 2001 do 2009 r. by\u0142 profesorem filozofii tak\u017ce na Wydziale Teologicznym w Bratys\u0142awie, nale\u017c\u0105cym do Uniwersytetu w Trnawie.<\/p>\n<p>Ziemia\u0144ski opublikowa\u0142 <em>Teologi\u0119 naturaln\u0105<\/em> (Krak\u00f3w 1995, 2008), kilka ksi\u0105\u017cek oraz ponad 50 artyku\u0142\u00f3w z zakresu filozofii. Jest autorem ponad 2300 pie\u015bni ko\u015bcielnych. Pie\u015bni te wyda\u0142 w ksi\u0105\u017ckach: <em>B\u00f3g nas kocha<\/em> (Krak\u00f3w 1984); <em>Pan pie\u015bni\u0105 moj\u0105<\/em> (Krak\u00f3w 1978); <em>Wys\u0142awiajmy Pana<\/em> (Krak\u00f3w 1978, 2005 \u2013 wraz z J. \u0141asiem); <em>Chc\u0119 \u015bpiewa\u0107 Panu<\/em> (Krak\u00f3w 1982); <em>Pie\u015bni\u0105 moj\u0105 s\u0142awi\u0119 Pana<\/em> (Krak\u00f3w 1986); <em>\u015apiewam i gram Bogu<\/em> (z. 1-9, Krak\u00f3w 1989-2015); <em>\u015apiewy \u015blubne<\/em> (Krak\u00f3w 2005). Nadto wyda\u0142 <em>Poradnik dla kapelan\u00f3w lecznictwa zamkni\u0119tego<\/em> (Krak\u00f3w 1991 \u2013 wraz z S. Ka\u0142u\u017c\u0105). Z zakresu teologii og\u0142osi\u0142 ponad 50 artyku\u0142\u00f3w. T\u0142umaczy\u0142 z j\u0119zyk\u00f3w: \u0142aci\u0144skiego, niemieckiego, w\u0142oskiego i francuskiego.<\/p>\n<p><strong><u>Ks. o. Mroczkowski Witold z Beska (1954 &#8211; 2025)<\/u><\/strong><\/p>\n<p>Urodzony w 1954r. W 1969 r. wst\u0105pi\u0142 do Zgromadzenia \u015awi\u0119tego Micha\u0142a Archanio\u0142a w Miejscu Piastowym, tam te\u017c uko\u0144czy\u0142 Ni\u017csze Seminarium Duchowne. Nowicjat odby\u0142 w Pawlikowicach k. Krakowa. 1973r. \u2013 pierwsza profesja. 1974r. \u2013 rozpocz\u0105\u0142 studia teologiczno-filozoficzne na Papieskiej Akademii Teologicznej w Krakowie. 1980r. \u2013 \u015bwi\u0119cenia kap\u0142a\u0144skie (klasztor OO. Michalit\u00f3w w Miejscu Piastowym; udzielaj\u0105cy \u015bwi\u0119ce\u0144 \u2013 ks. abp Ignacy Tokarczuk). Msza prymicyjna w Besku (8 czerwca 1980r.). Po 1980r. \u2013 misjonarz. 1981r. \u2013 Belgia (kurs j\u0119zykowy) i wyjazd do Zairu (ob. Kongo) do miejscowo\u015bci Yumbi, gdzie pracowa\u0142 10 lat. W roku 1991 wr\u00f3ci\u0142 na kr\u00f3tko do Polski, gdy\u017c \u015bwi\u0119cenia kap\u0142a\u0144skie przyjmowa\u0142 jego brat, Andrzej. W 1991r. \u2013 wyjazd do Paragwaju, do miejscowo\u015bci Cassila (Ameryka Po\u0142udniowa), gdzie pracowa\u0142 17 lat, 2008r. wyjazd do Argentyny nast\u0119pnie misjonarz na Dominikanie. Ostatnio rezydent w parafii pod Warszaw\u0105. <em>Parafia p.w. Matki Bo\u017cej Szkaplerznej, Sanktuarium Matki Bo\u017cej Fatimskiej <\/em><em>ul<\/em><strong><em>. <\/em><\/strong><em>Ks. Stanis\u0142awa Pasionka 90 G\u00f3rki, 08-400 Garwolin. <\/em>Zmar\u0142 7 pa\u017adziernika 2025 roku w G\u00f3rkach. Pochowany na cmentarzu w Miejscu Piastowym.<\/p>\n<p>&nbsp;<\/p>\n<p><strong><u>Ks. o. Mroczkowski Andrzej z Beska<\/u><\/strong><\/p>\n<p>Urodzony w 1963r. W 1980 r. wst\u0105pi\u0142 do Zgromadzenia \u015awi\u0119tego Micha\u0142a Archanio\u0142a w Miejscu Piastowym, tam te\u017c uko\u0144czy\u0142 Ni\u017csze Seminarium Duchowne. Nowicjat odby\u0142 w Pawlikowicach k. Krakowa. 1984r. \u2013 pierwsza profesja. 1985r. \u2013 rozpocz\u0105\u0142 studia teologiczno-filozoficzne na Papieskiej Akademii Teologicznej w Krakowie. 1991r. \u2013 \u015bwi\u0119cenia kap\u0142a\u0144skie (Bazylika OO. Dominikan\u00f3w w Krakowie; udzielaj\u0105cy \u015bwi\u0119ce\u0144 \u2013 ks. bp J\u00f3zef G\u00f3rny). Msza prymicyjna w Besku (30 czerwca 1991 r.). Plac\u00f3wki: Stalowa Wola, Miejsce Piastowe (2 lata), Gorzk\u00f3w k. Krakowa (3 lata), parafia i dom dziecka w Pra\u0142kowcach k. Przemy\u015bla (10 lat, tu wybudowa\u0142 hal\u0119 sportowa dla dzieci), Miejsce Piastowe (1 rok), od 2008r.\u00a0 proboszcz w Ustrzykach Dolnych i kustoszem parafii pw. Matki Boskiej Bieszczadzkiej w Jasieniu k. Ustrzyk Dolnych. Obecnie od 2017r. proboszcz Parafii w Miejscu Piastowym.<\/p>\n<p>&nbsp;<\/p>\n<p><strong><u>Ks. P\u0142atek Ryszard <\/u><\/strong><strong><u>z Beska<\/u><\/strong><\/p>\n<p>Urodzony w 1971r. w 1998 r. \u015bwi\u0119cenia kap\u0142a\u0144skie w Przemy\u015blu. Parafie\u00a0 \u2013 wikariusz: Odrzyko\u0144 (1998-2000), Dydnia (2000-2004), Iwonicz Zdr\u00f3j (2004-2006), Przeworsk ( 2006 &#8211; 2010.) i Przemy\u015bl (2010 &#8211; 2015 ).Parafie proboszczowskie: Lipa (2016 \u2013 2018). W latach 2018 -2025 proboszcz Parafii Ja\u0107mierz. Od roku 2025 proboszcz w Tarnawie G\u00f3rnej.<\/p>\n<p>&nbsp;<\/p>\n<p><strong><u>Ks. Szyndler Krzysztof z Beska <\/u><\/strong><\/p>\n<p>Urodzony w 1976r. w 2003 r. \u015bwi\u0119cenia kap\u0142a\u0144skie w Przemy\u015blu; msza \u015bw. prymicyjna w Besku (15.06.2003). Parafie wikariuszowskie: Laszki (2003-2005), od 2005r. w parafii Radymno.<\/p>\n<p>&nbsp;<\/p>\n<p><strong><u>Ks. o. Janowski Marek SJ <\/u><\/strong><\/p>\n<p>Urodzony w 1971r. jezuita. Po uko\u0144czeniu Technikum Le\u015bnego w Zagna\u0144sku studiowa\u0142 na wydziale Filozofii KUL. Do Towarzystwa Jezusowego wst\u0105pi\u0142 w 1997 roku. W latach 2000-2002 odby\u0142 praktyk\u0119 duszpastersk\u0105 w Limerick (Irlandia). Podstawowy kurs teologii zrobi\u0142 w Dublinie, a nast\u0119pnie przez 2 lata studiowa\u0142 teologi\u0119 duchowo\u015bci w Cambridge w USA, duszpasterz akademicki Opole od 2014 roku proboszcz w USA.. Obok zainteresowa\u0144 filozoficznych interesuje si\u0119 duchowo\u015bci\u0105 ignacja\u0144sk\u0105 oraz antropologi\u0105 \u0107wicze\u0144 duchowych. Obecnie proboszcz: 4105 N. Avers Ave Chicago, IL 60618<\/p>\n<p><strong><u>Ks. Szczepan Semenowicz z Beska (1978-2018)<\/u><\/strong><\/p>\n<p><u>U<\/u>rodzi\u0142 si\u0119 23 grudnia 1978 r. w Besku. Po uko\u0144czeniu studi\u00f3w w przemyskim WSD, przyj\u0105\u0142 \u015bwi\u0119cenia kap\u0142a\u0144skie 15 maja 2005r. Pracowa\u0142 jako wikariusz w Rudo\u0142owicach, G\u0142\u0119bokiem, \u0141opuszce Wielkiej, Czarnej k. Ustrzyk Dolnych, Micha\u0142\u00f3wce i Niebieszczanach. Pomaga\u0142 duszpastersko w parafii <em>pw. \u015bw. J\u00f3zefa Sebastiana Biskupa<\/em>\u00a0w Przemy\u015blu, pe\u0142ni\u0105c jednocze\u015bnie funkcj\u0119 kapelana w szpitalu w Przemy\u015blu. Od 25 sierpnia 2017 roku by\u0142 wikariuszem parafii Radymno\u00a0<em>pw. Naj\u015bwi\u0119tszego Serca Pana Jezusa<\/em>, a od 1 lipca tego roku rezydentem. Zmar\u0142 13 grudnia w Besku. Uroczysto\u015bci pogrzebowe \u015bp. ks. Szczepana Semenowicza rozpocz\u0119\u0142y si\u0119 w pi\u0105tek, 14 grudnia 2018r., eksport\u0105 w ko\u015bciele parafialnym\u00a0<em>pw. Podwy\u017cszenia Krzy\u017ca \u015awi\u0119tego\u00a0<\/em>w Besku. Mszy \u015awi\u0119tej przewodniczy\u0142 i homili\u0119 wyg\u0142osi\u0142 ks. Jakub Kostrz\u0105b. Nast\u0119pnie w\u00a0sobot\u0119, 15 grudnia 2018r. Mszy \u015awi\u0119tej pogrzebowej\u00a0przewodniczy\u0142 bp Stanis\u0142aw Jamrozek. Homili\u0119 podczas pogrzebu \u015bp. ks. Szczepana Semenowicza wyg\u0142osi\u0142 ks. Bartosz Rakoczy, kt\u00f3ry ukazuj\u0105c \u017cycie ks. Szczepana w spos\u00f3b szczeg\u00f3lny podzi\u0119kowa\u0142 Mu za katechez\u0119 krzy\u017ca, kt\u00f3r\u0105 po cichu przyj\u0105\u0142 i g\u0142osi\u0142 cichym cierpieniem. Pochowany na cmentarzu w Besku.<\/p>\n<p>&nbsp;<\/p>\n<p><strong><u>Ks. o. Marcin Zubik \u2013 redemptorysta<\/u><\/strong><\/p>\n<p>Pos\u0142uga duszpasterska w Argentynie, Stanach Zjednoczonych a obecnie w Argentynie.<\/p>\n<p>&nbsp;<\/p>\n","protected":false},"excerpt":{"rendered":"<p><span class=\"more-link\"><a href=\"https:\/\/parafiabesko.pl\/?p=835\">Czytaj wi\u0119cej<\/a><\/span><\/p>\n","protected":false},"author":1,"featured_media":0,"comment_status":"closed","ping_status":"open","sticky":false,"template":"","format":"standard","meta":{"footnotes":""},"categories":[2],"tags":[],"class_list":["entry","author-adminparafiibesko","has-more-link","post-835","post","type-post","status-publish","format-standard","category-duszpasterze"],"_links":{"self":[{"href":"https:\/\/parafiabesko.pl\/index.php?rest_route=\/wp\/v2\/posts\/835","targetHints":{"allow":["GET"]}}],"collection":[{"href":"https:\/\/parafiabesko.pl\/index.php?rest_route=\/wp\/v2\/posts"}],"about":[{"href":"https:\/\/parafiabesko.pl\/index.php?rest_route=\/wp\/v2\/types\/post"}],"author":[{"embeddable":true,"href":"https:\/\/parafiabesko.pl\/index.php?rest_route=\/wp\/v2\/users\/1"}],"replies":[{"embeddable":true,"href":"https:\/\/parafiabesko.pl\/index.php?rest_route=%2Fwp%2Fv2%2Fcomments&post=835"}],"version-history":[{"count":2,"href":"https:\/\/parafiabesko.pl\/index.php?rest_route=\/wp\/v2\/posts\/835\/revisions"}],"predecessor-version":[{"id":11339,"href":"https:\/\/parafiabesko.pl\/index.php?rest_route=\/wp\/v2\/posts\/835\/revisions\/11339"}],"wp:attachment":[{"href":"https:\/\/parafiabesko.pl\/index.php?rest_route=%2Fwp%2Fv2%2Fmedia&parent=835"}],"wp:term":[{"taxonomy":"category","embeddable":true,"href":"https:\/\/parafiabesko.pl\/index.php?rest_route=%2Fwp%2Fv2%2Fcategories&post=835"},{"taxonomy":"post_tag","embeddable":true,"href":"https:\/\/parafiabesko.pl\/index.php?rest_route=%2Fwp%2Fv2%2Ftags&post=835"}],"curies":[{"name":"wp","href":"https:\/\/api.w.org\/{rel}","templated":true}]}}