{"id":737,"date":"2013-07-07T20:34:26","date_gmt":"2013-07-07T20:34:26","guid":{"rendered":"http:\/\/parafiabesko.pl\/?p=737"},"modified":"2013-07-07T20:34:26","modified_gmt":"2013-07-07T20:34:26","slug":"intencje-mszalne-8-14-07-2013","status":"publish","type":"post","link":"https:\/\/parafiabesko.pl\/?p=737","title":{"rendered":"Intencje mszalne 8-14.07.2013"},"content":{"rendered":"<p>\n\tW najbli\u017cszym tygodniu zostan\u0105 odprawione nast\u0119puj\u0105ce intencje mszalne:\n<\/p>\n<p>\n\t<!--more-->\n<\/p>\n<table border=\"1\" cellpadding=\"1\" cellspacing=\"1\" style=\"width: 500px;\">\n<tbody>\n<tr>\n<td>\n\t\t\t\tDzie\u0144 tygodnia\n\t\t\t<\/td>\n<td>\n\t\t\t\tgodzina\n\t\t\t<\/td>\n<td>\n\t\t\t\tIntencja\n\t\t\t<\/td>\n<\/tr>\n<tr>\n<td colspan=\"1\" rowspan=\"2\">\n\t\t\t\tPoniedzia\u0142ek\n\t\t\t<\/td>\n<td>\n\t\t\t\t7.00\n\t\t\t<\/td>\n<td>\n\t\t\t\t+ Eugeniusz Ciep\u0142y\n\t\t\t<\/td>\n<\/tr>\n<tr>\n<td>\n\t\t\t\t18.00\n\t\t\t<\/td>\n<td>\n\t\t\t\t+ Stanis\u0142awa, W\u0142adys\u0142aw Sza\u0142ankiewicz\n\t\t\t<\/td>\n<\/tr>\n<tr>\n<td colspan=\"1\" rowspan=\"2\">\n\t\t\t\tWtorek\n\t\t\t<\/td>\n<td>\n\t\t\t\t7.00\n\t\t\t<\/td>\n<td>\n\t\t\t\t+ J&oacute;zef, Stanis\u0142awa, Micha\u0142 i Stanis\u0142awa\n\t\t\t<\/td>\n<\/tr>\n<tr>\n<td>\n\t\t\t\t18.00\n\t\t\t<\/td>\n<td>\n\t\t\t\tDzi\u0119kczynna w 25r. \u015blubu Doroty i Janusza z pro\u015bb\u0105 o dalsze b\u0142ogos\u0142awie\u0144stwo Bo\u017ce\n\t\t\t<\/td>\n<\/tr>\n<tr>\n<td colspan=\"1\" rowspan=\"2\">\n\t\t\t\t\u015aroda\n\t\t\t<\/td>\n<td>\n\t\t\t\t7.00\n\t\t\t<\/td>\n<td>\n\t\t\t\t+ Pawe\u0142 Zubik\n\t\t\t<\/td>\n<\/tr>\n<tr>\n<td>\n\t\t\t\t18.00\n\t\t\t<\/td>\n<td>\n\t\t\t\t+ Stefania (7r.\u015bm.) i Wies\u0142aw (4r.\u015bm.) Ch\u0119\u0107\n\t\t\t<\/td>\n<\/tr>\n<tr>\n<td colspan=\"1\" rowspan=\"2\">\n\t\t\t\tCzwartek\n\t\t\t<\/td>\n<td>\n\t\t\t\t7.00\n\t\t\t<\/td>\n<td>\n\t\t\t\t+ J&oacute;zef i Maria Semenowicz\n\t\t\t<\/td>\n<\/tr>\n<tr>\n<td>\n\t\t\t\t18.00\n\t\t\t<\/td>\n<td>\n\t\t\t\t+ Agnieszka w 18r.\u015bm.\n\t\t\t<\/td>\n<\/tr>\n<tr>\n<td colspan=\"1\" rowspan=\"2\">\n\t\t\t\tPi\u0105tek\n\t\t\t<\/td>\n<td>\n\t\t\t\t7.00\n\t\t\t<\/td>\n<td>\n\t\t\t\t+ O zdrowie i b\u0142ogos\u0142awie\u0144stwo Bo\u017ce dla si&oacute;str z r&oacute;\u017cy Stanis\u0142awy Mermer\n\t\t\t<\/td>\n<\/tr>\n<tr>\n<td>\n\t\t\t\t18.00\n\t\t\t<\/td>\n<td>\n\t\t\t\t+ Maria, Wawrzyniec Michnowicz\n\t\t\t<\/td>\n<\/tr>\n<tr>\n<td colspan=\"1\" rowspan=\"2\">\n\t\t\t\tSobota\n\t\t\t<\/td>\n<td>\n\t\t\t\t7.00\n\t\t\t<\/td>\n<td>\n\t\t\t\t+ Helena Kijak (of. s\u0105siad)\n\t\t\t<\/td>\n<\/tr>\n<tr>\n<td>\n\t\t\t\t18.00\n\t\t\t<\/td>\n<td>\n\t\t\t\t+ Helena Zubik\n\t\t\t<\/td>\n<\/tr>\n<tr>\n<td colspan=\"1\" rowspan=\"4\">\n\t\t\t\tNiedziela\n\t\t\t<\/td>\n<td>\n\t\t\t\t7.30\n\t\t\t<\/td>\n<td>\n\t\t\t\t+ Stanis\u0142aw, Jan, Henryk, Maria\n\t\t\t<\/td>\n<\/tr>\n<tr>\n<td>\n\t\t\t\t9.15\n\t\t\t<\/td>\n<td>\n\t\t\t\t+ Szymon, Karolina Przybylscy\n\t\t\t<\/td>\n<\/tr>\n<tr>\n<td>\n\t\t\t\t11.00\n\t\t\t<\/td>\n<td>\n\t\t\t\tW intencji parafian\n\t\t\t<\/td>\n<\/tr>\n<tr>\n<td>\n\t\t\t\t16.30\n\t\t\t<\/td>\n<td>\n\t\t\t\t+ Mieczys\u0142aw Krzemi\u0144ski w 3r.\u015bm.\n\t\t\t<\/td>\n<\/tr>\n<\/tbody>\n<\/table>\n<p>\n\t&nbsp;<\/p>\n","protected":false},"excerpt":{"rendered":"<p>W najbli\u017cszym tygodniu zostan\u0105 odprawione nast\u0119puj\u0105ce intencje mszalne:<span class=\"more-link\"><a href=\"https:\/\/parafiabesko.pl\/?p=737\">Czytaj wi\u0119cej<\/a><\/span><\/p>\n","protected":false},"author":1,"featured_media":1055,"comment_status":"closed","ping_status":"open","sticky":false,"template":"","format":"standard","meta":{"footnotes":""},"categories":[7],"tags":[],"class_list":["entry","author-adminparafiibesko","has-more-link","post-737","post","type-post","status-publish","format-standard","has-post-thumbnail","category-ogloszenia-parafialne"],"_links":{"self":[{"href":"https:\/\/parafiabesko.pl\/index.php?rest_route=\/wp\/v2\/posts\/737","targetHints":{"allow":["GET"]}}],"collection":[{"href":"https:\/\/parafiabesko.pl\/index.php?rest_route=\/wp\/v2\/posts"}],"about":[{"href":"https:\/\/parafiabesko.pl\/index.php?rest_route=\/wp\/v2\/types\/post"}],"author":[{"embeddable":true,"href":"https:\/\/parafiabesko.pl\/index.php?rest_route=\/wp\/v2\/users\/1"}],"replies":[{"embeddable":true,"href":"https:\/\/parafiabesko.pl\/index.php?rest_route=%2Fwp%2Fv2%2Fcomments&post=737"}],"version-history":[{"count":0,"href":"https:\/\/parafiabesko.pl\/index.php?rest_route=\/wp\/v2\/posts\/737\/revisions"}],"wp:featuredmedia":[{"embeddable":true,"href":"https:\/\/parafiabesko.pl\/index.php?rest_route=\/"}],"wp:attachment":[{"href":"https:\/\/parafiabesko.pl\/index.php?rest_route=%2Fwp%2Fv2%2Fmedia&parent=737"}],"wp:term":[{"taxonomy":"category","embeddable":true,"href":"https:\/\/parafiabesko.pl\/index.php?rest_route=%2Fwp%2Fv2%2Fcategories&post=737"},{"taxonomy":"post_tag","embeddable":true,"href":"https:\/\/parafiabesko.pl\/index.php?rest_route=%2Fwp%2Fv2%2Ftags&post=737"}],"curies":[{"name":"wp","href":"https:\/\/api.w.org\/{rel}","templated":true}]}}