{"id":429,"date":"2013-06-28T17:22:02","date_gmt":"2013-06-28T17:22:02","guid":{"rendered":"http:\/\/parafiabesko.pl\/?p=429"},"modified":"2013-06-28T17:22:02","modified_gmt":"2013-06-28T17:22:02","slug":"deklaracja-w-70-rocznice-zbrodni-wolynskiej","status":"publish","type":"post","link":"https:\/\/parafiabesko.pl\/?p=429","title":{"rendered":"Deklaracja w 70. rocznic\u0119 zbrodni wo\u0142y\u0144skiej"},"content":{"rendered":"<p style=\"text-align: justify;\">\n\tTekst deklaracji podpisanej w&nbsp;Sekretariacie Konferencji Episkopatu Polski w&nbsp;przededniu 70. rocznicy zbrodni na Wo\u0142yniu.\n<\/p>\n<p>\n\t<!--more-->\n<\/p>\n<div class=\"art_tresc\">\n<div class=\"inner\">\n<div class=\"content\">\n<div class=\"Section1\">\n<p align=\"center\">\n\t\t\t\t\t<strong>DEKLARACJA<\/strong>\n\t\t\t\t<\/p>\n<p align=\"center\">\n\t\t\t\t\tArcybiskupa Wi\u0119kszego <strong>\u015awiatos\u0142awa Szewczuka,<\/strong><br \/>\n\t\t\t\t\tMetropolity Kijowsko-Halickiego Ukrai\u0144skiego Ko\u015bcio\u0142a Greckokatolickiego,\n\t\t\t\t<\/p>\n<p align=\"center\">\n\t\t\t\t\t&nbsp;Arcybiskupa <strong>J&oacute;zefa Michalika,<\/strong> Metropolity Przemyskiego obrz. \u0142ac.,<br \/>\n\t\t\t\t\tPrzewodnicz\u0105cego Konferencji Episkopatu Polski,\n\t\t\t\t<\/p>\n<p align=\"center\">\n\t\t\t\t\t&nbsp;Arcybiskupa <strong>Mieczys\u0142awa Mokrzyckiego,<\/strong> Metropolity Lwowskiego obrz. \u0142ac.,<br \/>\n\t\t\t\t\tPrzewodnicz\u0105cego Konferencji Episkopatu Rzymskokatolickiego Ukrainy,\n\t\t\t\t<\/p>\n<p align=\"center\">\n\t\t\t\t\t&nbsp;Arcybiskupa <strong>Jana Martyniaka, <\/strong>Metropolity Przemysko-Warszawskiego,<br \/>\n\t\t\t\t\tKo\u015bcio\u0142a bizanty\u0144sko-ukrai\u0144skiego.\n\t\t\t\t<\/p>\n<p>\n\t\t\t\t\t&nbsp;\n\t\t\t\t<\/p>\n<p align=\"right\">\n\t\t\t\t\t&bdquo;<em>Niech dzi\u0119ki oczyszczeniu pami\u0119ci historycznej<br \/>\n\t\t\t\t\twszyscy b\u0119d\u0105 gotowi stawia\u0107 wy\u017cej to,<br \/>\n\t\t\t\t\tco jednoczy, ni\u017c to, co dzieli&rdquo;<\/em> (b\u0142. Jan Pawe\u0142 II)\n\t\t\t\t<\/p>\n<p>\n\t\t\t\t\t&nbsp;\n\t\t\t\t<\/p>\n<p style=\"text-align: justify;\">\n\t\t\t\t\tSpotykamy si\u0119 w&nbsp;Warszawie, w&nbsp;przededniu obchod&oacute;w 70-tej rocznicy zbrodni na Wo\u0142yniu, kt&oacute;rych symbolem sta\u0142y si\u0119 wydarzenia z&nbsp;11 lipca 1943 r. Ofiarami zbrodni i&nbsp;czystek etnicznych sta\u0142y si\u0119 dziesi\u0105tki tysi\u0119cy niewinnych os&oacute;b, w&nbsp;tym kobiet, dzieci i&nbsp;starc&oacute;w, przede wszystkim Polak&oacute;w, ale tak\u017ce Ukrai\u0144c&oacute;w, oraz tych, kt&oacute;rzy ratowali zagro\u017conych s\u0105siad&oacute;w i&nbsp;krewnych. Ofiara ich \u017cycia wzywa nas w&nbsp;tych rocznicowych dniach do szczeg&oacute;lnie g\u0142\u0119bokiej refleksji, do gorliwej modlitwy o&nbsp;odpuszczenie grzech&oacute;w i&nbsp;przebaczenie, a&nbsp;tak\u017ce o&nbsp;\u0142ask\u0119 stawania w&nbsp;prawdzie wobec Boga i&nbsp;ludzi. 70-lecie tych tragicznych wydarze\u0144 stanowi r&oacute;wnie\u017c kolejn\u0105 okazj\u0119, aby zwr&oacute;ci\u0107 si\u0119 z&nbsp;apelem do Polak&oacute;w i&nbsp;Ukrai\u0144c&oacute;w o&nbsp;dalsze kroki na drodze do braterskiego zbli\u017cenia, kt&oacute;re jest niemo\u017cliwe bez szczerego pojednania. Zach\u0119ca nas tak\u017ce do tego obchodzony w&nbsp;tym roku jubileusz 1025-lecia Chrztu Rusi oraz pierwszy rok przygotowa\u0144 do obchod&oacute;w 1050-lecia Chrztu Polski. A&nbsp;przecie\u017c ochrzczony cz\u0142owiek i&nbsp;nar&oacute;d przyjmuje nie tylko odpuszczenie grzech&oacute;w i&nbsp;otrzymuje nadziej\u0119 zbawienia, ale tak\u017ce gotowo\u015b\u0107 \u017cycia Ewangeli\u0105 Jezusa Chrystusa z&nbsp;jej nakazem przebaczania win.\n\t\t\t\t<\/p>\n<p style=\"text-align: justify;\">\n\t\t\t\t\t&nbsp;\n\t\t\t\t<\/p>\n<p style=\"text-align: justify;\">\n\t\t\t\t\tJeste\u015bmy \u015bwiadomi, \u017ce tylko prawda mo\u017ce nas wyzwoli\u0107 (por. J&nbsp;8, 32); prawda, kt&oacute;ra niczego nie upi\u0119ksza i&nbsp;nie pomija, kt&oacute;ra niczego nie przemilcza, ale prowadzi do przebaczenia i&nbsp;darowania win. Jako dzieci jednego Ojca w&nbsp;niebie kierujemy do Jego mi\u0142osierdzia pro\u015bb\u0119 o&nbsp;przebaczenie w&nbsp;duchu s\u0142&oacute;w Modlitwy Pa\u0144skiej: &bdquo;Odpu\u015b\u0107 nam nasze winy, jako i&nbsp;my odpuszczamy naszym winowajcom&rdquo;. Pami\u0119tamy przy tym o&nbsp;pi\u0119knych kartach wsp&oacute;\u0142\u017cycia naszych narod&oacute;w, o&nbsp;rado\u015bciach i&nbsp;sukcesach wsp&oacute;\u0142pracy, ale i&nbsp;o krzywdach, jakie zosta\u0142y wyrz\u0105dzone zw\u0142aszcza w&nbsp;trakcie II wojny \u015bwiatowej i&nbsp;w jej nast\u0119pstwie. Wiemy, \u017ce chrze\u015bcija\u0144ska ocena zbrodni wo\u0142y\u0144skiej domaga si\u0119 od nas jednoznacznego pot\u0119pienia i&nbsp;przeproszenia za ni\u0105. Uwa\u017camy bowiem, \u017ce ani przemoc, ani czystki etniczne nigdy nie mog\u0105 by\u0107 metod\u0105 rozwi\u0105zywania konflikt&oacute;w mi\u0119dzy s\u0105siaduj\u0105cymi ludami czy narodami, ani usprawiedliwione racj\u0105 polityczn\u0105, ekonomiczn\u0105 czy religijn\u0105.\n\t\t\t\t<\/p>\n<p style=\"text-align: justify;\">\n\t\t\t\t\t&nbsp;\n\t\t\t\t<\/p>\n<p style=\"text-align: justify;\">\n\t\t\t\t\tPragniemy dzisiaj odda\u0107 ho\u0142d niewinnie pomordowanym, ale i&nbsp;przeprasza\u0107 Boga za pope\u0142nione zbrodnie oraz raz jeszcze wezwa\u0107 wszystkich, Ukrai\u0144c&oacute;w i&nbsp;Polak&oacute;w, zamieszkuj\u0105cych zar&oacute;wno na Ukrainie, jak i&nbsp;w Polsce oraz gdziekolwiek na \u015bwiecie, do odwa\u017cnego otwarcia umys\u0142&oacute;w i&nbsp;serc na wzajemne przebaczenie i&nbsp;pojednanie.\n\t\t\t\t<\/p>\n<p style=\"text-align: justify;\">\n\t\t\t\t\t&nbsp;\n\t\t\t\t<\/p>\n<p style=\"text-align: justify;\">\n\t\t\t\t\tPrzypominamy s\u0142owa kard. Lubomira Huzara z&nbsp;2001 r., \u017ce &bdquo;niekt&oacute;rzy synowie i&nbsp;c&oacute;rki Ukrai\u0144skiego Ko\u015bcio\u0142a Greckokatolickiego wyrz\u0105dzali z\u0142o &ndash; niestety \u015bwiadomie i&nbsp;dobrowolnie &ndash; swoim bli\u017anim z&nbsp;w\u0142asnego narodu i&nbsp;z&nbsp;innych narod&oacute;w&rdquo;. Jako zwierzchnik Ko\u015bcio\u0142a greckokatolickiego pragn\u0119 powt&oacute;rzy\u0107 te s\u0142owa dzisiaj i&nbsp;przeprosi\u0107 Braci Polak&oacute;w za zbrodnie pope\u0142nione w&nbsp;1943 r.\n\t\t\t\t<\/p>\n<p style=\"text-align: justify;\">\n\t\t\t\t\t&nbsp;\n\t\t\t\t<\/p>\n<p style=\"text-align: justify;\">\n\t\t\t\t\tW imi\u0119 prawdy uwa\u017camy, \u017ce przeproszenia i&nbsp;pro\u015bby o&nbsp;wybaczenie wymaga postawa tych Polak&oacute;w, kt&oacute;rzy wyrz\u0105dzali z\u0142o Ukrai\u0144com i&nbsp;odpowiadali przemoc\u0105 na przemoc.\n\t\t\t\t<\/p>\n<p style=\"text-align: justify;\">\n\t\t\t\t\t&nbsp;\n\t\t\t\t<\/p>\n<p style=\"text-align: justify;\">\n\t\t\t\t\tJako przewodnicz\u0105cy Episkopatu Polski kieruj\u0119 do Braci Ukrai\u0144c&oacute;w pro\u015bb\u0119 o&nbsp;wybaczenie.\n\t\t\t\t<\/p>\n<p style=\"text-align: justify;\">\n\t\t\t\t\t&nbsp;\n\t\t\t\t<\/p>\n<p style=\"text-align: justify;\">\n\t\t\t\t\tDo dzisiaj Polacy i&nbsp;Ukrai\u0144cy nosz\u0105 w&nbsp;swojej pami\u0119ci bolesne rany i&nbsp;wspomnienia tragedii wo\u0142y\u0144skiej. W&nbsp;spos&oacute;b szczeg&oacute;lny widoczne s\u0105 one w&nbsp;spo\u0142ecze\u0144stwie wsp&oacute;\u0142czesnej Ukrainy, kt&oacute;rego dobro duchowe jest najwa\u017cniejsze tak\u017ce dla Ko\u015bcio\u0142a Rzymskokatolickiego na Ukrainie. Dlatego z&nbsp;gor\u0105c\u0105 trosk\u0105, jako przewodnicz\u0105cy Episkopatu Rzymskokatolickiego Ukrainy przy\u0142\u0105czam si\u0119 do apelu o&nbsp;pojednanie. Mam nadziej\u0119, \u017ce pomimo tragicznej przesz\u0142o\u015bci mo\u017cliwe s\u0105 dobros\u0105siedzkie i&nbsp;chrze\u015bcija\u0144skie relacje Polak&oacute;w i&nbsp;Ukrai\u0144c&oacute;w, gdziekolwiek si\u0119 spotykaj\u0105, wsp&oacute;\u0142pracuj\u0105 i&nbsp;my\u015bl\u0105 o&nbsp;przysz\u0142o\u015bci.\n\t\t\t\t<\/p>\n<p style=\"text-align: justify;\">\n\t\t\t\t\t&nbsp;\n\t\t\t\t<\/p>\n<p style=\"text-align: justify;\">\n\t\t\t\t\tZa godny pot\u0119pienia uwa\u017camy skrajny nacjonalizm oraz szowinizm. To on bowiem, obok ateistycznego i&nbsp;totalitarnego komunizmu oraz nazizmu, by\u0142 ideologi\u0105, kt&oacute;ra w&nbsp;trakcie XX stulecia spowodowa\u0142a miliony ofiar.\n\t\t\t\t<\/p>\n<p style=\"text-align: justify;\">\n\t\t\t\t\t&nbsp;\n\t\t\t\t<\/p>\n<p style=\"text-align: justify;\">\n\t\t\t\t\tTo, co niekt&oacute;rym jawi\u0142o si\u0119 w&oacute;wczas jako usprawiedliwione w&nbsp;oczach Boga, okaza\u0142o si\u0119 bezwzgl\u0119dnym deptaniem Jego przykaza\u0144. Przed obliczem Pana, w&nbsp;\u015bwietle Jego kategorycznego \u017c\u0105dania &bdquo;Nie zabijaj!&rdquo;, wyra\u017camy gorzk\u0105 \u015bwiadomo\u015b\u0107 przewinie\u0144, gdy\u017c nic nie usprawiedliwia wzajemnej wrogo\u015bci, prowadz\u0105cej a\u017c do przelewu bratniej krwi.\n\t\t\t\t<\/p>\n<p style=\"text-align: justify;\">\n\t\t\t\t\t&nbsp;\n\t\t\t\t<\/p>\n<p style=\"text-align: justify;\">\n\t\t\t\t\tObiektywne poznanie fakt&oacute;w oraz ukazanie rozmiar&oacute;w tragedii i&nbsp;dramat&oacute;w przesz\u0142o\u015bci staje si\u0119 dzisiaj piln\u0105 spraw\u0105 historyk&oacute;w i&nbsp;specjalist&oacute;w, bo tylko poznanie prawdy historycznej wyciszy\u0107 mo\u017ce naros\u0142e wok&oacute;\u0142 tej sprawy emocje. Apelujemy wi\u0119c do polskich i&nbsp;ukrai\u0144skich naukowc&oacute;w o&nbsp;dalsze badania oparte na \u017ar&oacute;d\u0142ach i&nbsp;o wsp&oacute;\u0142dzia\u0142anie w&nbsp;wyja\u015bnianiu okoliczno\u015bci tych przera\u017caj\u0105cych zbrodni, jak r&oacute;wnie\u017c sporz\u0105dzenie listy imion wszystkich, kt&oacute;rzy ucierpieli. Widzimy te\u017c potrzeb\u0119 godnego upami\u0119tnienia ofiar w&nbsp;miejscach ich \u015bmierci i&nbsp;najwi\u0119kszego cierpienia.\n\t\t\t\t<\/p>\n<p style=\"text-align: justify;\">\n\t\t\t\t\t&nbsp;\n\t\t\t\t<\/p>\n<p style=\"text-align: justify;\">\n\t\t\t\t\tPragniemy przypomnie\u0107, \u017ce katoliccy biskupi polscy i&nbsp;ukrai\u0144scy rozpocz\u0119li rozmowy o&nbsp;potrzebie pojednania obu Ko\u015bcio\u0142&oacute;w i&nbsp;narod&oacute;w ju\u017c w&nbsp;pa\u017adzierniku 1987 r. na spotkaniu w&nbsp;Rzymie poprzedzaj\u0105cym millennium chrztu Rusi Kijowskiej. W&nbsp;rok p&oacute;\u017aniej dosz\u0142o do historycznej liturgii na Jasnej G&oacute;rze z&nbsp;udzia\u0142em kard. J&oacute;zefa Glempa oraz kieruj\u0105cego Ko\u015bcio\u0142em Greckokatolickim kard. Myros\u0142awa Lubacziwskiego. Milenijne obchody Ukrai\u0144skiego Ko\u015bcio\u0142a Greckokatolickiego na Jasnej G&oacute;rze, w&nbsp;duchowej stolicy Polski, by\u0142y istotnym krokiem zwiastuj\u0105cym wyj\u015bcie tego Ko\u015bcio\u0142a z&nbsp;podziemia w&nbsp;ZSRR, prze\u015bladowanego tam i&nbsp;zakazanego.\n\t\t\t\t<\/p>\n<p style=\"text-align: justify;\">\n\t\t\t\t\t&nbsp;\n\t\t\t\t<\/p>\n<p style=\"text-align: justify;\">\n\t\t\t\t\tProfetyczne znaczenie mia\u0142y s\u0142owa b\u0142. Jana Paw\u0142a II wypowiedziane we Lwowie w&nbsp;2001 r.: &bdquo;Niech dzi\u0119ki oczyszczeniu pami\u0119ci historycznej wszyscy b\u0119d\u0105 gotowi stawia\u0107 wy\u017cej to, co jednoczy, ni\u017c to, co dzieli, a\u017ceby razem budowa\u0107 przysz\u0142o\u015b\u0107 opart\u0105 na wzajemnym szacunku, na braterskiej wsp&oacute;lnocie, wsp&oacute;\u0142pracy i&nbsp;autentycznej solidarno\u015bci&quot;.\n\t\t\t\t<\/p>\n<p>\n\t\t\t\t\t&nbsp;\n\t\t\t\t<\/p>\n<p style=\"text-align: justify;\">\n\t\t\t\t\tW czerwcu 2005 r. w&nbsp;Warszawie i&nbsp;we Lwowie og\u0142oszony zosta\u0142 wsp&oacute;lny list Synodu Ukrai\u0144skiego Ko\u015bcio\u0142a Greckokatolickiego i&nbsp;Konferencji Episkopatu Polski. Obie strony wypowiedzia\u0142y w&oacute;wczas s\u0142owa: &bdquo;Przebaczamy i&nbsp;prosimy o&nbsp;przebaczenie!&rdquo;, b\u0119d\u0105ce wcze\u015bniej fundamentem pojednania polsko-niemieckiego, z&nbsp;nadziej\u0105, \u017ce zaowocuj\u0105 teraz w&nbsp;relacjach polsko-ukrai\u0144skich. Wol\u0119 takiego dzia\u0142ania potwierdzi\u0142y tysi\u0105ce wiernych, odpowiadaj\u0105c: &bdquo;Amen&rdquo;.\n\t\t\t\t<\/p>\n<p style=\"text-align: justify;\">\n\t\t\t\t\t&nbsp;\n\t\t\t\t<\/p>\n<p style=\"text-align: justify;\">\n\t\t\t\t\tDzi\u015b oddajemy ho\u0142d i&nbsp;czcimy pami\u0119\u0107 tych Ukrai\u0144c&oacute;w i&nbsp;Polak&oacute;w, kt&oacute;rzy ryzykuj\u0105c \u017cyciem, ratowali bli\u017anich przed zag\u0142ad\u0105 lub te\u017c w&nbsp;inny spos&oacute;b stawali w&nbsp;ich obronie w&nbsp;tych dramatycznych czasach. Modlimy si\u0119 wsp&oacute;lnie o&nbsp;wieczne odpoczywanie dla wszystkich niewinnych ofiar, kt&oacute;re zgin\u0119\u0142y w&nbsp;1943 roku na Wo\u0142yniu. Modlimy si\u0119 tak\u017ce o&nbsp;mi\u0142osierdzie Bo\u017ce dla tych, kt&oacute;rzy ulegli ideologii przemocy i&nbsp;nienawi\u015bci, a&nbsp;tak\u017ce o&nbsp;to, by wojna, kt&oacute;ra ju\u017c dawno wygas\u0142a na naszych ziemiach, nie trwa\u0142a dzi\u015b w&nbsp;sercach ludzi. Dlatego my\u015bl\u0105c o&nbsp;obecnych i&nbsp;przysz\u0142ych pokoleniach, powtarzamy w&nbsp;imieniu naszych Ko\u015bcio\u0142&oacute;w, \u017ce nienawi\u015b\u0107 i&nbsp;przemoc zawsze jest degradacj\u0105 cz\u0142owieka i&nbsp;narodu, przebaczenie, braterstwo, wsp&oacute;\u0142czucie, pomoc i&nbsp;mi\u0142o\u015b\u0107 staj\u0105 si\u0119 natomiast trwa\u0142ym i&nbsp;godnym fundamentem kultury wsp&oacute;\u0142\u017cycia ludzkiego.\n\t\t\t\t<\/p>\n<p style=\"text-align: justify;\">\n\t\t\t\t\t&nbsp;\n\t\t\t\t<\/p>\n<p style=\"text-align: justify;\">\n\t\t\t\t\tMy\u015bl\u0105c o&nbsp;przysz\u0142o\u015bci jeste\u015bmy \u015bwiadomi, \u017ce bez wzajemnego pojednania nasz Ko\u015bci&oacute;\u0142 nie by\u0142by wiarygodny w&nbsp;wype\u0142nianiu swej ewangelicznej misji, a&nbsp;nasze narody nie b\u0119d\u0105 mia\u0142y perspektywy wsp&oacute;\u0142pracy i&nbsp;rozwoju w&nbsp;p\u0142aszczy\u017anie tak religijnej, jak i&nbsp;politycznej. Uwa\u017camy te\u017c, \u017ce wsp&oacute;\u0142praca wolnej Polski z&nbsp;woln\u0105 Ukrain\u0105 jest niezb\u0119dna, by w&nbsp;tej cz\u0119\u015bci Europy panowa\u0142 pok&oacute;j, ludzie cieszyli si\u0119 wolno\u015bci\u0105 religijn\u0105, a&nbsp;prawa cz\u0142owieka nie by\u0142y zagro\u017cone. Widzimy te\u017c potrzeb\u0119 wsp&oacute;lnego \u015bwiadectwa chrze\u015bcijan z&nbsp;Polski i&nbsp;Ukrainy w&nbsp;jednocz\u0105cej si\u0119 Europie. Wsp&oacute;lnie stajemy w&nbsp;obliczu wyzwa\u0144, jakie stwarza sekularyzacja i&nbsp;pr&oacute;ba organizacji \u017cycia &bdquo;jakby B&oacute;g nie istnia\u0142&rdquo;. Jeste\u015bmy cz\u0119\u015bci\u0105 historii Bo\u017cej mi\u0142o\u015bci i&nbsp;&ndash; zgodnie z&nbsp;zach\u0119t\u0105 Ojca \u015awi\u0119tego Franciszka &ndash; powinni\u015bmy by\u0107 ogniwem tej mi\u0142o\u015bci w&nbsp;\u015bwiecie. Ko\u015bcio\u0142y, kt&oacute;re do\u015bwiadczy\u0142y m\u0119cze\u0144stwa, maj\u0105 szczeg&oacute;lne prawo do przypominania Europie o&nbsp;jej chrze\u015bcija\u0144skich korzeniach.\n\t\t\t\t<\/p>\n<p style=\"text-align: justify;\">\n\t\t\t\t\t&nbsp;\n\t\t\t\t<\/p>\n<p>\n\t\t\t\t\tNiech B&oacute;g wejrzy na Ko\u015bci&oacute;\u0142 \u017cyj\u0105cy na naszych ziemiach i&nbsp;pomo\u017ce polskiemu oraz ukrai\u0144skiemu narodowi, aby \u017cyj\u0105c w&nbsp;pokoju dzieli\u0142y si\u0119 swym duchowym bogactwem oraz wnosi\u0142y sw&oacute;j wk\u0142ad w&nbsp;jedno\u015b\u0107 i&nbsp;przysz\u0142o\u015b\u0107 Europy!\n\t\t\t\t<\/p>\n<p>\n\t\t\t\t\t&nbsp;\n\t\t\t\t<\/p>\n<p>\n\t\t\t\t\t\u015alemy te\u017c braterskie pozdrowienia Braciom Prawos\u0142awnym, wierz\u0105c, \u017ce proces wzajemnego pojednania uzdrowi rany, kt&oacute;re s\u0105 przeszkod\u0105 nie tylko w&nbsp;harmonijnym wsp&oacute;\u0142\u017cyciu narod&oacute;w, ale i&nbsp;w szczerym d\u0105\u017ceniu do jedno\u015bci Chrystusowego Ko\u015bcio\u0142a.\n\t\t\t\t<\/p>\n<p>\n\t\t\t\t\t&nbsp;\n\t\t\t\t<\/p>\n<table border=\"0\">\n<tbody>\n<tr>\n<td>\n\t\t\t\t\t\t\t\t&nbsp;\n\t\t\t\t\t\t\t<\/td>\n<td>\n\t\t\t\t\t\t\t\t&nbsp;\n\t\t\t\t\t\t\t<\/td>\n<\/tr>\n<tr>\n<td>\n<p>\n\t\t\t\t\t\t\t\t\t+ <em>J&oacute;zef Michalik<\/em>\n\t\t\t\t\t\t\t\t<\/p>\n<p>\n\t\t\t\t\t\t\t\t\tArcybiskup\n\t\t\t\t\t\t\t\t<\/p>\n<p>\n\t\t\t\t\t\t\t\t\tMetropolita Przemyski obrz. \u0142ac.\n\t\t\t\t\t\t\t\t<\/p>\n<p>\n\t\t\t\t\t\t\t\t\tPrzewodnicz\u0105cy Konferencji Episkopatu Polski\n\t\t\t\t\t\t\t\t<\/p>\n<\/td>\n<td>\n<p>\n\t\t\t\t\t\t\t\t\t+<em> \u015awiatos\u0142aw Szewczuk<\/em>\n\t\t\t\t\t\t\t\t<\/p>\n<p>\n\t\t\t\t\t\t\t\t\tArcybiskup Wi\u0119kszy\n\t\t\t\t\t\t\t\t<\/p>\n<p>\n\t\t\t\t\t\t\t\t\tMetropolita Kijowsko-Halicki\n\t\t\t\t\t\t\t\t<\/p>\n<p>\n\t\t\t\t\t\t\t\t\tUkrai\u0144skiego Ko\u015bcio\u0142a Greckokatolickiego\n\t\t\t\t\t\t\t\t<\/p>\n<\/td>\n<\/tr>\n<tr>\n<td>\n\t\t\t\t\t\t\t\t&nbsp;\n\t\t\t\t\t\t\t<\/td>\n<td>\n\t\t\t\t\t\t\t\t&nbsp;\n\t\t\t\t\t\t\t<\/td>\n<\/tr>\n<tr>\n<td>\n<p>\n\t\t\t\t\t\t\t\t\t<em>+ Jan Martyniak<\/em>\n\t\t\t\t\t\t\t\t<\/p>\n<p>\n\t\t\t\t\t\t\t\t\tArcybiskup\n\t\t\t\t\t\t\t\t<\/p>\n<p>\n\t\t\t\t\t\t\t\t\tMetropolita Przemysko-Warszawski\n\t\t\t\t\t\t\t\t<\/p>\n<p>\n\t\t\t\t\t\t\t\t\tKo\u015bcio\u0142a bizanty\u0144sko-ukrai\u0144skiego\n\t\t\t\t\t\t\t\t<\/p>\n<\/td>\n<td>\n<p>\n\t\t\t\t\t\t\t\t\t+ <em>Mieczys\u0142aw Mokrzycki<\/em>\n\t\t\t\t\t\t\t\t<\/p>\n<p>\n\t\t\t\t\t\t\t\t\tArcybiskup\n\t\t\t\t\t\t\t\t<\/p>\n<p>\n\t\t\t\t\t\t\t\t\tMetropolita Lwowski obrz. \u0142ac.\n\t\t\t\t\t\t\t\t<\/p>\n<p>\n\t\t\t\t\t\t\t\t\tPrzewodnicz\u0105cy Konferencji Episkopatu Rzymskokatolickiego Ukrainy\n\t\t\t\t\t\t\t\t<\/p>\n<\/td>\n<\/tr>\n<tr>\n<td>\n\t\t\t\t\t\t\t\t&nbsp;\n\t\t\t\t\t\t\t<\/td>\n<td>\n\t\t\t\t\t\t\t\t&nbsp;\n\t\t\t\t\t\t\t<\/td>\n<\/tr>\n<\/tbody>\n<\/table>\n<p align=\"center\">\n\t\t\t\t\t&nbsp;Warszawa, 28 czerwca 2013 r.\n\t\t\t\t<\/p>\n<p>\n\t\t\t\t\t&nbsp;\n\t\t\t\t<\/p>\n<p>\n\t\t\t\t\t&nbsp;\n\t\t\t\t<\/p>\n<\/p><\/div>\n<p>\n\t\t\t\t&nbsp;\n\t\t\t<\/p>\n<p>\n\t\t\t\t&nbsp;\n\t\t\t<\/p>\n<\/p><\/div>\n<p>\n\t\t\t&nbsp;\n\t\t<\/p>\n<p>\n\t\t\t&nbsp;\n\t\t<\/p>\n<\/p><\/div>\n<\/div>\n","protected":false},"excerpt":{"rendered":"<p>Tekst deklaracji podpisanej w&nbsp;Sekretariacie Konferencji Episkopatu Polski w&nbsp;przededniu 70. rocznicy zbrodni na Wo\u0142yniu.<span class=\"more-link\"><a href=\"https:\/\/parafiabesko.pl\/?p=429\">Czytaj wi\u0119cej<\/a><\/span><\/p>\n","protected":false},"author":1,"featured_media":666,"comment_status":"closed","ping_status":"open","sticky":false,"template":"","format":"standard","meta":{"footnotes":""},"categories":[6],"tags":[],"class_list":["entry","author-adminparafiibesko","has-more-link","post-429","post","type-post","status-publish","format-standard","has-post-thumbnail","category-uncategorized"],"_links":{"self":[{"href":"https:\/\/parafiabesko.pl\/index.php?rest_route=\/wp\/v2\/posts\/429","targetHints":{"allow":["GET"]}}],"collection":[{"href":"https:\/\/parafiabesko.pl\/index.php?rest_route=\/wp\/v2\/posts"}],"about":[{"href":"https:\/\/parafiabesko.pl\/index.php?rest_route=\/wp\/v2\/types\/post"}],"author":[{"embeddable":true,"href":"https:\/\/parafiabesko.pl\/index.php?rest_route=\/wp\/v2\/users\/1"}],"replies":[{"embeddable":true,"href":"https:\/\/parafiabesko.pl\/index.php?rest_route=%2Fwp%2Fv2%2Fcomments&post=429"}],"version-history":[{"count":0,"href":"https:\/\/parafiabesko.pl\/index.php?rest_route=\/wp\/v2\/posts\/429\/revisions"}],"wp:featuredmedia":[{"embeddable":true,"href":"https:\/\/parafiabesko.pl\/index.php?rest_route=\/"}],"wp:attachment":[{"href":"https:\/\/parafiabesko.pl\/index.php?rest_route=%2Fwp%2Fv2%2Fmedia&parent=429"}],"wp:term":[{"taxonomy":"category","embeddable":true,"href":"https:\/\/parafiabesko.pl\/index.php?rest_route=%2Fwp%2Fv2%2Fcategories&post=429"},{"taxonomy":"post_tag","embeddable":true,"href":"https:\/\/parafiabesko.pl\/index.php?rest_route=%2Fwp%2Fv2%2Ftags&post=429"}],"curies":[{"name":"wp","href":"https:\/\/api.w.org\/{rel}","templated":true}]}}