{"id":414,"date":"2013-06-01T16:36:26","date_gmt":"2013-06-01T16:36:26","guid":{"rendered":"http:\/\/parafiabesko.pl\/?p=414"},"modified":"2013-06-01T16:36:26","modified_gmt":"2013-06-01T16:36:26","slug":"intencje-papieskie-na-rok-2013","status":"publish","type":"post","link":"https:\/\/parafiabesko.pl\/?p=414","title":{"rendered":"Intencje papieskie na rok 2013"},"content":{"rendered":"<p style=\"text-align: center;\">\n\t<span style=\"font-size: small;\">STYCZE\u0143<\/span>\n<\/p>\n<p style=\"text-align: center;\">\n\t<span style=\"font-size: small;\">OG&Oacute;LNA: Aby w tym &laquo;Roku Wiary&raquo; chrze\u015bcijanie mogli g\u0142\u0119biej pozna\u0107 tajemnic\u0119 Chrystusa i z rado\u015bci\u0105 dawa\u0107 \u015bwiadectwo o darze wiary w Niego.<\/span>\n<\/p>\n<p style=\"text-align: center;\">\n\t<span style=\"font-size: small;\">MISYJNA: Aby cz\u0119sto dyskryminowane wsp&oacute;lnoty chrze\u015bcija\u0144skie Bliskiego Wschodu otrzyma\u0142y od Ducha \u015awi\u0119tego si\u0142\u0119 do wierno\u015bci i wytrwania.<\/span>\n<\/p>\n<p>\n\t<!--more-->\n<\/p>\n<p style=\"text-align: center;\">\n\t<span style=\"font-size: small;\">LUTY<\/span>\n<\/p>\n<p style=\"text-align: center;\">\n\t<span style=\"font-size: small;\">OG&Oacute;LNA:&nbsp; Aby rodziny migrant&oacute;w, zw\u0142aszcza matki, by\u0142y wspierane i otaczane opiek\u0105 w trudno\u015bciach.<\/span>\n<\/p>\n<p style=\"text-align: center;\">\n\t<span style=\"font-size: small;\">MISYJNA: Aby narody b\u0119d\u0105ce w stanie wojny lub konfliktu mog\u0142y i\u015b\u0107 drog\u0105 budowania pokojowej przysz\u0142o\u015bci.<\/span>\n<\/p>\n<p style=\"text-align: center;\">\n\t<span style=\"font-size: small;\">MARZEC<\/span>\n<\/p>\n<p style=\"text-align: center;\">\n\t<span style=\"font-size: small;\">OG&Oacute;LNA: Aby wzrasta\u0142o poszanowanie przyrody, ze \u015bwiadomo\u015bci\u0105, \u017ce ca\u0142e stworzenie jest dzie\u0142em Boga, powierzonym ludzkiej odpowiedzialno\u015bci.<\/span>\n<\/p>\n<p style=\"text-align: center;\">\n\t<span style=\"font-size: small;\">MISYJNA: Aby biskupi, kap\u0142ani i diakoni byli nieustannymi g\u0142osicielami Ewangelii a\u017c po kra\u0144ce \u015bwiata.<\/span>\n<\/p>\n<p style=\"text-align: center;\">\n\t<span style=\"font-size: small;\">KWIECIE\u0143<\/span>\n<\/p>\n<p style=\"text-align: center;\">\n\t<span style=\"font-size: small;\">OG&Oacute;LNA: Aby publiczne wyznawanie wiary i modlitwa by\u0142y dla wiernych \u017ar&oacute;d\u0142em \u017cycia.<\/span>\n<\/p>\n<p style=\"text-align: center;\">\n\t<span style=\"font-size: small;\">MISYJNA: Aby Ko\u015bcio\u0142y misyjne by\u0142y znakami i instrumentami nadziei i zmartwychwstania.<\/span>\n<\/p>\n<p style=\"text-align: center;\">\n\t<span style=\"font-size: small;\">MAJ<\/span>\n<\/p>\n<p style=\"text-align: center;\">\n\t<span style=\"font-size: small;\">OG&Oacute;LNA: Aby odpowiedzialni za wymiar sprawiedliwo\u015bci kierowali si\u0119 zawsze uczciwo\u015bci\u0105 i prawym sumieniem.<\/span>\n<\/p>\n<p style=\"text-align: center;\">\n\t<span style=\"font-size: small;\">MISYJNA: Aby seminaria, szczeg&oacute;lnie w Ko\u015bcio\u0142ach misyjnych, formowa\u0142y pasterzy wed\u0142ug Serca Jezusa, po\u015bwi\u0119caj\u0105cych si\u0119 g\u0142oszeniu Ewangelii.<\/span>\n<\/p>\n<p style=\"text-align: center;\">\n\t<span style=\"font-size: small;\">CZERWIEC<\/span>\n<\/p>\n<p style=\"text-align: center;\">\n\t<span style=\"font-size: small;\">OG&Oacute;LNA: Aby przewa\u017ca\u0142a &nbsp;w\u015br&oacute;d lud&oacute;w kultura dialogu, s\u0142uchania i wzajemnego poszanowania.<\/span>\n<\/p>\n<p style=\"text-align: center;\">\n\t<span style=\"font-size: small;\">MISYJNA: Aby w miejscach, gdzie sekularyzacja jest najwi\u0119ksza, wsp&oacute;lnoty Chrze\u015bcija\u0144skie mog\u0142y efektywnie przeprowadza\u0107 now\u0105 ewangelizacj\u0119.<\/span>\n<\/p>\n<p style=\"text-align: center;\">\n\t<span style=\"font-size: small;\">LIPIEC<\/span>\n<\/p>\n<p style=\"text-align: center;\">\n\t<span style=\"font-size: small;\">OG&Oacute;LNA: Aby \u015awiatowy Dzie\u0144 M\u0142odzie\u017cy, kt&oacute;ry odbywa si\u0119 w Brazylii, zach\u0119ci\u0142 wszystkich m\u0142odych chrze\u015bcijan do stawania si\u0119 uczniami i misjonarzami Ewangelii.<\/span>\n<\/p>\n<p style=\"text-align: center;\">\n\t<span style=\"font-size: small;\">MISYJNA: Aby kraje Azji otworzy\u0142y drzwi g\u0142osz\u0105cym Ewangeli\u0119.<\/span>\n<\/p>\n<p style=\"text-align: center;\">\n\t<span style=\"font-size: small;\">SIERPIE\u0143<\/span>\n<\/p>\n<p style=\"text-align: center;\">\n\t<span style=\"font-size: small;\">OG&Oacute;LNA: Aby rodzice i wychowawcy pomagali nowym pokoleniom wzrasta\u0107 maj\u0105c prawe sumienie i zgodnie z nim \u017cyj\u0105c.<\/span>\n<\/p>\n<p style=\"text-align: center;\">\n\t<span style=\"font-size: small;\">MISYJNA: Aby Ko\u015bci&oacute;\u0142 lokalny w Afryce wiernie g\u0142osz\u0105c Ewangeli\u0119 promowa\u0142 pok&oacute;j i sprawiedliwo\u015b\u0107.<\/span>\n<\/p>\n<p style=\"text-align: center;\">\n\t<span style=\"font-size: small;\">WRZESIE\u0143<\/span>\n<\/p>\n<p style=\"text-align: center;\">\n\t<span style=\"font-size: small;\">OG&Oacute;LNA: Aby ludzie naszych czas&oacute;w, cz\u0119sto pogr\u0105\u017ceni w zgie\u0142ku, odkryli na nowo warto\u015b\u0107 ciszy i potrafili s\u0142ucha\u0107 g\u0142osu Boga i braci.<\/span>\n<\/p>\n<p style=\"text-align: center;\">\n\t<span style=\"font-size: small;\">MISYJNA: Aby Chrze\u015bcijanie cierpi\u0105cy prze\u015bladowanie w wielu cz\u0119\u015bciach \u015bwiata przez swe &nbsp;\u015bwiadectwo byli prorokami Chrystusowej mi\u0142o\u015bci.<\/span>\n<\/p>\n<p style=\"text-align: center;\">\n\t<span style=\"font-size: small;\">PA\u0179DZIERNIK<\/span>\n<\/p>\n<p style=\"text-align: center;\">\n\t<span style=\"font-size: small;\">OG&Oacute;LNA: Aby ci, dla kt&oacute;rych \u017cycie sta\u0142o si\u0119 tak wielkim ci\u0119\u017carem, \u017ce pragn\u0105 jego ko\u0144ca, mogli odczu\u0107 blisko\u015b\u0107 Bo\u017cej mi\u0142o\u015bci.<\/span>\n<\/p>\n<p style=\"text-align: center;\">\n\t<span style=\"font-size: small;\">MISYJNA: Aby obchody \u015awiatowego Dnia Misyjnego pomog\u0142y wszystkim Chrze\u015bcijanom w zrozumieniu, \u017ce nie jeste\u015bmy tylko odbiorcami lecz tak\u017ce g\u0142osicielami S\u0142owa Bo\u017cego.<\/span>\n<\/p>\n<p style=\"text-align: center;\">\n\t<span style=\"font-size: small;\">LISTOPAD<\/span>\n<\/p>\n<p style=\"text-align: center;\">\n\t<span style=\"font-size: small;\">OG&Oacute;LNA: Aby kap\u0142ani, kt&oacute;rzy prze\u017cywaj\u0105 trudno\u015bci, doznali pociechy w cierpieniach, wsparcia w w\u0105tpliwo\u015bciach i utwierdzenia w wierno\u015bci.<\/span>\n<\/p>\n<p style=\"text-align: center;\">\n\t<span style=\"font-size: small;\">MISYJNA: Aby, jako owoc misji kontynentalnej, Ko\u015bcio\u0142y w Ameryce \u0141aci\u0144skiej wysy\u0142a\u0142y misjonarzy do innych Ko\u015bcio\u0142&oacute;w.<\/span>\n<\/p>\n<p style=\"text-align: center;\">\n\t<span style=\"font-size: small;\">GRUDZIE\u0143<\/span>\n<\/p>\n<p style=\"text-align: center;\">\n\t<span style=\"font-size: small;\">OG&Oacute;LNA: Aby dzieci, kt&oacute;re zosta\u0142y porzucone lub pad\u0142y ofiar\u0105 przemocy w jakiejkolwiek formie, znalaz\u0142y potrzebn\u0105 im mi\u0142o\u015b\u0107 i opiek\u0119.<\/span>\n<\/p>\n<p style=\"text-align: center;\">\n\t<span style=\"font-size: small;\">MISYJNA: Aby Chrze\u015bcijanie, o\u015bwieceni przez S\u0142owo Wcielone, przygotowali ludzko\u015b\u0107 na przyj\u015bcie Zbawiciela.<\/span><\/p>\n","protected":false},"excerpt":{"rendered":"<p>STYCZE\u0143 OG&Oacute;LNA: Aby w tym &laquo;Roku Wiary&raquo; chrze\u015bcijanie mogli g\u0142\u0119biej pozna\u0107 tajemnic\u0119 Chrystusa i z rado\u015bci\u0105 dawa\u0107 \u015bwiadectwo o darze wiary w Niego. MISYJNA: Aby cz\u0119sto dyskryminowane wsp&oacute;lnoty chrze\u015bcija\u0144skie Bliskiego Wschodu otrzyma\u0142y od Ducha \u015awi\u0119tego si\u0142\u0119 do wierno\u015bci i wytrwania.<span class=\"more-link\"><a href=\"https:\/\/parafiabesko.pl\/?p=414\">Czytaj wi\u0119cej<\/a><\/span><\/p>\n","protected":false},"author":1,"featured_media":670,"comment_status":"closed","ping_status":"open","sticky":false,"template":"","format":"standard","meta":{"footnotes":""},"categories":[6],"tags":[],"class_list":["entry","author-adminparafiibesko","has-more-link","post-414","post","type-post","status-publish","format-standard","has-post-thumbnail","category-uncategorized"],"_links":{"self":[{"href":"https:\/\/parafiabesko.pl\/index.php?rest_route=\/wp\/v2\/posts\/414","targetHints":{"allow":["GET"]}}],"collection":[{"href":"https:\/\/parafiabesko.pl\/index.php?rest_route=\/wp\/v2\/posts"}],"about":[{"href":"https:\/\/parafiabesko.pl\/index.php?rest_route=\/wp\/v2\/types\/post"}],"author":[{"embeddable":true,"href":"https:\/\/parafiabesko.pl\/index.php?rest_route=\/wp\/v2\/users\/1"}],"replies":[{"embeddable":true,"href":"https:\/\/parafiabesko.pl\/index.php?rest_route=%2Fwp%2Fv2%2Fcomments&post=414"}],"version-history":[{"count":0,"href":"https:\/\/parafiabesko.pl\/index.php?rest_route=\/wp\/v2\/posts\/414\/revisions"}],"wp:featuredmedia":[{"embeddable":true,"href":"https:\/\/parafiabesko.pl\/index.php?rest_route=\/"}],"wp:attachment":[{"href":"https:\/\/parafiabesko.pl\/index.php?rest_route=%2Fwp%2Fv2%2Fmedia&parent=414"}],"wp:term":[{"taxonomy":"category","embeddable":true,"href":"https:\/\/parafiabesko.pl\/index.php?rest_route=%2Fwp%2Fv2%2Fcategories&post=414"},{"taxonomy":"post_tag","embeddable":true,"href":"https:\/\/parafiabesko.pl\/index.php?rest_route=%2Fwp%2Fv2%2Ftags&post=414"}],"curies":[{"name":"wp","href":"https:\/\/api.w.org\/{rel}","templated":true}]}}