{"id":401,"date":"2013-06-01T16:28:32","date_gmt":"2013-06-01T16:28:32","guid":{"rendered":"http:\/\/parafiabesko.pl\/?p=401"},"modified":"2013-06-01T16:28:32","modified_gmt":"2013-06-01T16:28:32","slug":"biskupi-diecezji-przemyskiej","status":"publish","type":"post","link":"https:\/\/parafiabesko.pl\/?p=401","title":{"rendered":"Biskupi diecezji przemyskiej"},"content":{"rendered":"<p>\n\t<!--more-->\n<\/p>\n<table width=\"100%\">\n<tbody>\n<tr>\n<td>\n\t\t\t\t<img loading=\"lazy\" decoding=\"async\" align=\"left\" border=\"1\" height=\"272\" src=\"http:\/\/przemyska.pl\/duszp\/foto\/bpi\/abpjm.jpg\" style=\"margin-right:15px; padding:1px; margin-bottom:50px;\" width=\"200\" \/><\/p>\n<p>\n\t\t\t\t\t&nbsp;\n\t\t\t\t<\/p>\n<p>\n\t\t\t\t\t&nbsp;\n\t\t\t\t<\/p>\n<p>\n\t\t\t\t\t&nbsp;\n\t\t\t\t<\/p>\n<p>\n\t\t\t\t\t&nbsp;\n\t\t\t\t<\/p>\n<p style=\"margin-top:0; text-align:center;\">\n\t\t\t\t\tMETROPOLITA PRZEMYSKI<br \/>\n\t\t\t\t\tARCYBISKUP\n\t\t\t\t<\/p>\n<p style=\"margin-top:0; text-align:center;\">\n\t\t\t\t\t<b>J&Oacute;ZEF MICHALIK<\/b><br \/>\n\t\t\t\t\tDOKTOR TEOLOGII\n\t\t\t\t<\/p>\n<p>\n\t\t\t\t\tPrzewodnicz\u0105cy Konferencji Episkopatu Polski,<br \/>\n\t\t\t\t\tCz\u0142onek Kongregacji ds. Biskup&oacute;w,<br \/>\n\t\t\t\t\tKonsultor Papieskiej Rady ds. \u015awieckich,<br \/>\n\t\t\t\t\tWiceprzewodnicz\u0105cy Rady Konferencji Biskup&oacute;w Europy,\n\t\t\t\t<\/p>\n<p>\n\t\t\t\t\tur. 20.04.1941 r. w Zambrowie <i>(diecezja \u0142om\u017cy\u0144ska)<\/i>,<br \/>\n\t\t\t\t\twy\u015bwi\u0119cony na kap\u0142ana 23.05.1964 r. w \u0141om\u017cy,<br \/>\n\t\t\t\t\tmianowany ordynariuszem gorzowskim 1.10.1986 r., konsekrowany przez Ojca \u015awi\u0119tego Jana Paw\u0142a II 16.10.1986 r. w Bazylice \u015bw. Piotra na Watykanie, ustanowiony 17.04.1993 r. Arcybiskupem Metropolit\u0105 Przemyskim.\n\t\t\t\t<\/p>\n<p>\n\t\t\t\t\t&nbsp;\n\t\t\t\t<\/p>\n<div align=\"center\">\n\t\t\t\t\tRezyduje:<br \/>\n\t\t\t\t\t<i>Plac Katedralny 4<\/i>, 37-700 PRZEMY\u015aL<\/p>\n<p>\n\t\t\t\t\t\t&nbsp;\n\t\t\t\t\t<\/p>\n<p>\n\t\t\t\t\t\t&nbsp;\n\t\t\t\t\t<\/p>\n<p>\n\t\t\t\t\t\t&nbsp;\n\t\t\t\t\t<\/p>\n<p>\n\t\t\t\t\t\t&nbsp;\n\t\t\t\t\t<\/p>\n<p>\n\t\t\t\t\t\tSekretarz: <b>ks. dr Roman Chowaniec<\/b> tel. <b>604 631 431<\/b>;<br \/>\n\t\t\t\t\t\tSekretariat czynny w godzinach: 9.00-13.00<br \/>\n\t\t\t\t\t\ttel. <b>16 678 66 94<\/b>; fax <b>16 678 26 74<\/b><br \/>\n\t\t\t\t\t\te-mail: <a href=\"mailto:sekretarz@przemyska.pl\">sekretarz@przemyska.pl<\/a>\n\t\t\t\t\t<\/p>\n<p>\n\t\t\t\t\t\t&nbsp;\n\t\t\t\t\t<\/p>\n<p>\n\t\t\t\t\t\t&nbsp;\n\t\t\t\t\t<\/p>\n<p>\n\t\t\t\t\t\t&nbsp;\n\t\t\t\t\t<\/p>\n<\/p><\/div>\n<p>\n\t\t\t\t\t&nbsp;\n\t\t\t\t<\/p>\n<\/td>\n<\/tr>\n<\/tbody>\n<\/table>\n<table width=\"100%\">\n<tbody>\n<tr>\n<td>\n\t\t\t\t&nbsp;<\/p>\n<p>\n\t\t\t\t\t&nbsp;\n\t\t\t\t<\/p>\n<p>\n\t\t\t\t\t&nbsp;\n\t\t\t\t<\/p>\n<p>\n\t\t\t\t\t&nbsp;\n\t\t\t\t<\/p>\n<p>\n\t\t\t\t\t&nbsp;\n\t\t\t\t<\/p>\n<p align=\"center\" style=\"margin-top:10px\">\n\t\t\t\t\t<img loading=\"lazy\" decoding=\"async\" align=\"left\" border=\"1\" height=\"272\" src=\"http:\/\/przemyska.pl\/duszp\/foto\/bpi\/bpas.jpg\" style=\"margin-right:15px;padding:1px;\" width=\"200\" \/>BISKUP POMOCNICZY<br \/>\n\t\t\t\t\t<b>ADAM SZAL<\/b><br \/>\n\t\t\t\t\tDOKTOR TEOLOGII\n\t\t\t\t<\/p>\n<p>\n\t\t\t\t\tbiskup tytularny Lavello,<br \/>\n\t\t\t\t\twikariusz generalny,<br \/>\n\t\t\t\t\tcz\u0142onek Rady Episkopatu ds. Misji<br \/>\n\t\t\t\t\tDelegat KEP ds Ruchu \u015awiat\u0142o-\u017bycie\n\t\t\t\t<\/p>\n<p>\n\t\t\t\t\tur. 24.12.1953 r. w Wysokiej k. \u0141a\u0144cuta<br \/>\n\t\t\t\t\twy\u015bwi\u0119cony na kap\u0142ana 31.05.1979 r. w Przemy\u015blu<br \/>\n\t\t\t\t\tprekonizowany 16.11.2000 r.<br \/>\n\t\t\t\t\tkonsekrowany 23.12.2000 r.\n\t\t\t\t<\/p>\n<p>\n\t\t\t\t\tRezyduje:<br \/>\n\t\t\t\t\t<i>Plac Katedralny 4 a<\/i>, 37-700 PRZEMY\u015aL<br \/>\n\t\t\t\t\ttel. <b>16 676 86 30<\/b>; <b>16 678 66 94<\/b> w. <b>46<\/b><br \/>\n\t\t\t\t\t&nbsp;\n\t\t\t\t<\/p>\n<hr size=\"1\" \/>\n\t\t\t<\/td>\n<\/tr>\n<tr>\n<td>\n<p align=\"center\" style=\"margin-top:10px\">\n\t\t\t\t\t<img loading=\"lazy\" decoding=\"async\" align=\"left\" border=\"1\" height=\"272\" src=\"http:\/\/przemyska.pl\/duszp\/foto\/bpi\/bpsj.jpg\" style=\"margin-right:15px;padding:1px;\" width=\"200\" \/><br \/>\n\t\t\t\t\tBISKUP POMOCNICZY<br \/>\n\t\t\t\t\t<b>STANIS\u0141AW JAMROZEK<\/b><br \/>\n\t\t\t\t\tDOKTOR TEOLOGII\n\t\t\t\t<\/p>\n<p>\n\t\t\t\t\tbiskup tytularny Che\u0142mski,<br \/>\n\t\t\t\t\twikariusz generalny,\n\t\t\t\t<\/p>\n<p>\n\t\t\t\t\tur. 5.05.1960 r. w Rzeszowie<br \/>\n\t\t\t\t\twy\u015bwi\u0119cony na kap\u0142ana 14.06.1989 r. w Przemy\u015blu<br \/>\n\t\t\t\t\tprekonizowany 20.04.2013 r.<br \/>\n\t\t\t\t\tkonsekrowany 20.05.2013 r.\n\t\t\t\t<\/p>\n<p>\n\t\t\t\t\tRezyduje:<br \/>\n\t\t\t\t\t<i>Plac Katedralny 4a<\/i>, 37-700 PRZEMY\u015aL<br \/>\n\t\t\t\t\ttel. <b>16 678 66 94<\/b> w. <b>51<\/b>\n\t\t\t\t<\/p>\n<\/td>\n<\/tr>\n<\/tbody>\n<\/table>\n","protected":false},"excerpt":{"rendered":"<p><span class=\"more-link\"><a href=\"https:\/\/parafiabesko.pl\/?p=401\">Czytaj wi\u0119cej<\/a><\/span><\/p>\n","protected":false},"author":1,"featured_media":674,"comment_status":"closed","ping_status":"open","sticky":false,"template":"","format":"standard","meta":{"footnotes":""},"categories":[6],"tags":[],"class_list":["entry","author-adminparafiibesko","has-more-link","post-401","post","type-post","status-publish","format-standard","has-post-thumbnail","category-uncategorized"],"_links":{"self":[{"href":"https:\/\/parafiabesko.pl\/index.php?rest_route=\/wp\/v2\/posts\/401","targetHints":{"allow":["GET"]}}],"collection":[{"href":"https:\/\/parafiabesko.pl\/index.php?rest_route=\/wp\/v2\/posts"}],"about":[{"href":"https:\/\/parafiabesko.pl\/index.php?rest_route=\/wp\/v2\/types\/post"}],"author":[{"embeddable":true,"href":"https:\/\/parafiabesko.pl\/index.php?rest_route=\/wp\/v2\/users\/1"}],"replies":[{"embeddable":true,"href":"https:\/\/parafiabesko.pl\/index.php?rest_route=%2Fwp%2Fv2%2Fcomments&post=401"}],"version-history":[{"count":0,"href":"https:\/\/parafiabesko.pl\/index.php?rest_route=\/wp\/v2\/posts\/401\/revisions"}],"wp:featuredmedia":[{"embeddable":true,"href":"https:\/\/parafiabesko.pl\/index.php?rest_route=\/"}],"wp:attachment":[{"href":"https:\/\/parafiabesko.pl\/index.php?rest_route=%2Fwp%2Fv2%2Fmedia&parent=401"}],"wp:term":[{"taxonomy":"category","embeddable":true,"href":"https:\/\/parafiabesko.pl\/index.php?rest_route=%2Fwp%2Fv2%2Fcategories&post=401"},{"taxonomy":"post_tag","embeddable":true,"href":"https:\/\/parafiabesko.pl\/index.php?rest_route=%2Fwp%2Fv2%2Ftags&post=401"}],"curies":[{"name":"wp","href":"https:\/\/api.w.org\/{rel}","templated":true}]}}