{"id":384,"date":"2013-07-07T20:23:49","date_gmt":"2013-07-07T20:23:49","guid":{"rendered":"http:\/\/parafiabesko.pl\/?p=384"},"modified":"2013-07-07T20:23:49","modified_gmt":"2013-07-07T20:23:49","slug":"ogloszenie-30-06-2013","status":"publish","type":"post","link":"https:\/\/parafiabesko.pl\/?p=384","title":{"rendered":"Og\u0142oszenia 7.07.2013"},"content":{"rendered":"<p>\n\t1. Dzisiaj Niedziela Adoracyjna, od godziny 12.00 do 16.00 prywatna adoracja rodzin naszej Parafii, o godzinie 16.00 nabo\u017ce\u0144stwo r&oacute;\u017ca\u0144cowe i zmiana tajemnic, adoruje r&oacute;\u017ca Marii Rajter.\n<\/p>\n<p><!--more--><\/p>\n<p>\n\t2. Taca z dzisiejszej niedzieli przeznaczona na Seminarium Duchowne w Przemy\u015blu.\n<\/p>\n<p>\n\t3. W poniedzia\u0142ek wspomnienie \u015bw. Jana z Dukli patrona naszej Archidiecezji.\n<\/p>\n<p>\n\t4. We wtorek o godzinie 18.00 Nabo\u017ce\u0144stwo do Bo\u017cego Mi\u0142osierdzia.\n<\/p>\n<p>\n\t5. We \u015brod\u0119 o godzinie 18.00 Nowenna do Matki Bo\u017cej Nieustaj\u0105cej Pomocy.\n<\/p>\n<p>\n\t6. W czwartek \u015bwi\u0119to \u015bw. Benedykta Patrona Europy.\n<\/p>\n<p>\n\t7. Dzisiaj po Mszach \u015bwi\u0119tych zg\u0142aszanie dzieci do chrztu \u015bwi\u0119tego. Konferencja dla rodzic&oacute;w chrzestnych we czwartek o godzinie 17.00.<\/p>\n","protected":false},"excerpt":{"rendered":"<p>1. Dzisiaj Niedziela Adoracyjna, od godziny 12.00 do 16.00 prywatna adoracja rodzin naszej Parafii, o godzinie 16.00 nabo\u017ce\u0144stwo r&oacute;\u017ca\u0144cowe i zmiana tajemnic, adoruje r&oacute;\u017ca Marii Rajter.<span class=\"more-link\"><a href=\"https:\/\/parafiabesko.pl\/?p=384\">Czytaj wi\u0119cej<\/a><\/span><\/p>\n","protected":false},"author":1,"featured_media":1059,"comment_status":"closed","ping_status":"open","sticky":false,"template":"","format":"standard","meta":{"footnotes":""},"categories":[7],"tags":[],"class_list":["entry","author-adminparafiibesko","has-more-link","post-384","post","type-post","status-publish","format-standard","has-post-thumbnail","category-ogloszenia-parafialne"],"_links":{"self":[{"href":"https:\/\/parafiabesko.pl\/index.php?rest_route=\/wp\/v2\/posts\/384","targetHints":{"allow":["GET"]}}],"collection":[{"href":"https:\/\/parafiabesko.pl\/index.php?rest_route=\/wp\/v2\/posts"}],"about":[{"href":"https:\/\/parafiabesko.pl\/index.php?rest_route=\/wp\/v2\/types\/post"}],"author":[{"embeddable":true,"href":"https:\/\/parafiabesko.pl\/index.php?rest_route=\/wp\/v2\/users\/1"}],"replies":[{"embeddable":true,"href":"https:\/\/parafiabesko.pl\/index.php?rest_route=%2Fwp%2Fv2%2Fcomments&post=384"}],"version-history":[{"count":0,"href":"https:\/\/parafiabesko.pl\/index.php?rest_route=\/wp\/v2\/posts\/384\/revisions"}],"wp:featuredmedia":[{"embeddable":true,"href":"https:\/\/parafiabesko.pl\/index.php?rest_route=\/"}],"wp:attachment":[{"href":"https:\/\/parafiabesko.pl\/index.php?rest_route=%2Fwp%2Fv2%2Fmedia&parent=384"}],"wp:term":[{"taxonomy":"category","embeddable":true,"href":"https:\/\/parafiabesko.pl\/index.php?rest_route=%2Fwp%2Fv2%2Fcategories&post=384"},{"taxonomy":"post_tag","embeddable":true,"href":"https:\/\/parafiabesko.pl\/index.php?rest_route=%2Fwp%2Fv2%2Ftags&post=384"}],"curies":[{"name":"wp","href":"https:\/\/api.w.org\/{rel}","templated":true}]}}