{"id":2452,"date":"2014-06-15T05:34:42","date_gmt":"2014-06-15T05:34:42","guid":{"rendered":"http:\/\/parafiabesko.pl\/?p=2452"},"modified":"2014-06-15T05:34:42","modified_gmt":"2014-06-15T05:34:42","slug":"ogloszenia-15-06-2014","status":"publish","type":"post","link":"https:\/\/parafiabesko.pl\/?p=2452","title":{"rendered":"Og\u0142oszenia 15.06.2014"},"content":{"rendered":"<p>\n\t1. Dzisiaj ko\u0144czy si\u0119 okres Komunii \u015bw. wielkanocnej.\n<\/p>\n<p><!--more--><\/p>\n<p>\n\t2. Dzisiaj Msza \u015bwi\u0119ta w Por\u0119bach o godz. 13.30, a po niej uroczysto\u015bci stra\u017cackie w zwi\u0105zku z przekazaniem wozu stra\u017cackiego. Organizatorzy zapraszaj\u0105 na te uroczysto\u015bci.\n<\/p>\n<p>\n\t3. &nbsp;We \u015brod\u0119 na Mszy \u015bw. wieczorowej przyj\u0119cie nowych ministrant&oacute;w.\n<\/p>\n<p>\n\t4. W czwartek <strong>Uroczysto\u015b\u0107 Naj\u015bwi\u0119tszego Cia\u0142a i Krwi Chrystusa &ndash; Bo\u017ce Cia\u0142o<\/strong>. Porz\u0105dek Mszy \u015bw. w Besku: rano 7.30, uroczysta suma o godzinie 10.00 &nbsp;i procesja eucharystyczna do 4 o\u0142tarzy.\n<\/p>\n<p>\n\t<strong>Trasa procesji eucharystycznej: <\/strong>\n<\/p>\n<p>\n\t1. o\u0142tarz &ndash; rodzina p. Krzemi\u0144skich i s\u0105siedzi\n<\/p>\n<p>\n\t2. o\u0142tarz &ndash; rodzina p. Stapi\u0144skich i s\u0105siedzi\n<\/p>\n<p>\n\t3. o\u0142tarz &ndash; rodzina p. Ba\u0142aban i s\u0105siedzi\n<\/p>\n<p>\n\t4. o\u0142tarz &ndash; siostry Felicjanki\n<\/p>\n<p>\n\t&nbsp;\n<\/p>\n<p>\n\t&nbsp;&nbsp;&nbsp; Prosimy, aby do udekorowania o\u0142tarzy w\u0142\u0105czyli si\u0119 wszyscy s\u0105siedzi. \u015apiew na procesji prowadzi orkiestra OSP Besko na przemian z panem organist\u0105. Na procesj\u0119 bierzemy &ndash; krzy\u017c, ber\u0142o, chor\u0105gwie, feretron, obrazy i&nbsp; baldachim. Po modlitwie przy 4 o\u0142tarzu od\u015bpiewamy dzi\u0119kczynne &#8211; Ciebie Boga wys\u0142awiamy&hellip; b\u0142ogos\u0142awie\u0144stwo Naj\u015bwi\u0119tszym Sakramentem i powr&oacute;t do ko\u015bcio\u0142a, gdzie hymnem &#8211; Bo\u017ce co\u015b Polsk\u0119&hellip; zako\u0144czymy procesj\u0119 eucharystyczn\u0105. Na procesj\u0119 zapraszamy dzieci klasy drugiej w strojach pierwszokomunijnych oraz ma\u0142e dzieci do sypania kwiat&oacute;w.\n<\/p>\n<p>\n\t&nbsp;&nbsp; &nbsp;Po po\u0142udniu o godzinie 16.00 procesja eucharystyczna wok&oacute;\u0142 ko\u015bcio\u0142a i Msza \u015bwi\u0119ta\n<\/p>\n<p>\n\t&nbsp;&nbsp; W ko\u015bcio\u0142ach filialnych w Mymoniu i Por\u0119bach o godzinie 9.00 Msza \u015bwi\u0119ta i procesja eucharystyczna wok&oacute;\u0142 ko\u015bcio\u0142a.\n<\/p>\n<p>\n\t&nbsp;&nbsp;&nbsp; Procesje eucharystyczne w oktawie Bo\u017cego Cia\u0142a b\u0119d\u0105 odprawiane w dni powszednie po Mszy \u015bwi\u0119tej wieczorowej, a niedziel\u0119 po sumie.<\/p>\n","protected":false},"excerpt":{"rendered":"<p>1. Dzisiaj ko\u0144czy si\u0119 okres Komunii \u015bw. wielkanocnej.<span class=\"more-link\"><a href=\"https:\/\/parafiabesko.pl\/?p=2452\">Czytaj wi\u0119cej<\/a><\/span><\/p>\n","protected":false},"author":1,"featured_media":2350,"comment_status":"closed","ping_status":"open","sticky":false,"template":"","format":"standard","meta":{"footnotes":""},"categories":[7],"tags":[],"class_list":["entry","author-adminparafiibesko","has-more-link","post-2452","post","type-post","status-publish","format-standard","has-post-thumbnail","category-ogloszenia-parafialne"],"_links":{"self":[{"href":"https:\/\/parafiabesko.pl\/index.php?rest_route=\/wp\/v2\/posts\/2452","targetHints":{"allow":["GET"]}}],"collection":[{"href":"https:\/\/parafiabesko.pl\/index.php?rest_route=\/wp\/v2\/posts"}],"about":[{"href":"https:\/\/parafiabesko.pl\/index.php?rest_route=\/wp\/v2\/types\/post"}],"author":[{"embeddable":true,"href":"https:\/\/parafiabesko.pl\/index.php?rest_route=\/wp\/v2\/users\/1"}],"replies":[{"embeddable":true,"href":"https:\/\/parafiabesko.pl\/index.php?rest_route=%2Fwp%2Fv2%2Fcomments&post=2452"}],"version-history":[{"count":0,"href":"https:\/\/parafiabesko.pl\/index.php?rest_route=\/wp\/v2\/posts\/2452\/revisions"}],"wp:featuredmedia":[{"embeddable":true,"href":"https:\/\/parafiabesko.pl\/index.php?rest_route=\/"}],"wp:attachment":[{"href":"https:\/\/parafiabesko.pl\/index.php?rest_route=%2Fwp%2Fv2%2Fmedia&parent=2452"}],"wp:term":[{"taxonomy":"category","embeddable":true,"href":"https:\/\/parafiabesko.pl\/index.php?rest_route=%2Fwp%2Fv2%2Fcategories&post=2452"},{"taxonomy":"post_tag","embeddable":true,"href":"https:\/\/parafiabesko.pl\/index.php?rest_route=%2Fwp%2Fv2%2Ftags&post=2452"}],"curies":[{"name":"wp","href":"https:\/\/api.w.org\/{rel}","templated":true}]}}