{"id":2444,"date":"2014-06-08T05:42:03","date_gmt":"2014-06-08T05:42:03","guid":{"rendered":"http:\/\/parafiabesko.pl\/?p=2444"},"modified":"2014-06-08T05:42:03","modified_gmt":"2014-06-08T05:42:03","slug":"ogloszenia-8-06-2014","status":"publish","type":"post","link":"https:\/\/parafiabesko.pl\/?p=2444","title":{"rendered":"Og\u0142oszenia 8.06.2014"},"content":{"rendered":"<p>\n\t1. Dzisiaj mo\u017cemy zyska\u0107 odpust zupe\u0142ny pod zwyk\u0142ymi warunkami za pobo\u017cne odm&oacute;wienie: &bdquo;O Stworzycielu Duchu przyjd\u017a&hellip; &nbsp;\n<\/p>\n<p><!--more--><\/p>\n<p>\n\t2. Od wczoraj w naszej Parafii trwa 40 &ndash; godzinne nabo\u017ce\u0144stwo Eucharystyczne, a oto&nbsp; program na dzisiaj i na jutro:\n<\/p>\n<p>\n\t<strong><u>NIEDZIELA -Zes\u0142anie Ducha \u015awi\u0119tego.<\/u><\/strong>\n<\/p>\n<ul>\n<li>\n\t\tgodz. 7.30 &#8211;&nbsp;&nbsp; Msza \u015bw., z kazaniem\n\t<\/li>\n<li>\n\t\tgodz. 9.15 &#8211;&nbsp;&nbsp; Msza \u015bw. z kazaniem\n\t<\/li>\n<li>\n\t\tgodz. 11.00 &#8211; Msza \u015bw. z kazaniem\n\t<\/li>\n<li>\n\t\tgodz. 16.00 &#8211;&nbsp; Nabo\u017ce\u0144stwo czerwcowe\n\t<\/li>\n<li>\n\t\tgodz. 16.30 &#8211; &nbsp;Msza \u015bw. z kazaniem\n\t<\/li>\n<\/ul>\n<p>\n\t<strong><u>PONIEDZIA\u0141EK-<\/u><\/strong><strong> <u>\u015awi\u0119to N. M. P. Matki Ko\u015bcio\u0142a<\/u><\/strong>\n<\/p>\n<ul>\n<li>\n\t\tgodz. &#8211;&nbsp;&nbsp;&nbsp; 7.30 &ndash;&nbsp; Msza \u015bw.&nbsp; z kazaniem\n\t<\/li>\n<li>\n\t\tgodz. &ndash;&nbsp; 11.00&nbsp; &ndash; Msza \u015bw. z kazaniem\n\t<\/li>\n<li>\n\t\tgodz. &ndash;&nbsp; 18.00&nbsp; &#8211;&nbsp; Nabo\u017ce\u0144stwo czerwcowe&nbsp; i Msza \u015bw. z kazaniem i zako\u0144czenie Eucharystycznego Nabo\u017ce\u0144stwa.\n\t<\/li>\n<\/ul>\n<p>\n\t<strong><em>&bdquo; Wielbi\u0119 Ciebie w ka\u017cdym momencie \u017cywy Chlebie nasz w tym sakramencie &bdquo;<\/em><\/strong>\n<\/p>\n<p>\n\tNiech s\u0142owa tej pie\u015bni spe\u0142ni\u0105 si\u0119 w ka\u017cdej rodzinie i w ka\u017cdym sercu Parafianki i Parafianina!&nbsp;&nbsp;&nbsp;&nbsp;\n<\/p>\n<p>\n\t&nbsp;&nbsp;&nbsp;&nbsp;&nbsp;&nbsp;&nbsp;&nbsp;&nbsp;&nbsp;&nbsp;&nbsp;&nbsp;&nbsp;&nbsp;&nbsp;&nbsp;&nbsp;&nbsp;&nbsp;&nbsp;\n<\/p>\n<p>\n\t&nbsp;&nbsp;&nbsp;&nbsp;&nbsp;&nbsp;&nbsp;&nbsp;&nbsp;&nbsp;&nbsp;&nbsp;&nbsp;&nbsp;&nbsp;&nbsp;&nbsp;&nbsp;&nbsp;&nbsp;&nbsp;&nbsp;&nbsp;&nbsp;&nbsp;&nbsp;&nbsp;&nbsp;&nbsp;&nbsp;&nbsp;&nbsp;&nbsp;&nbsp;&nbsp;&nbsp;&nbsp;&nbsp;&nbsp;&nbsp;&nbsp;&nbsp;&nbsp;&nbsp;&nbsp;&nbsp;&nbsp;&nbsp;&nbsp;&nbsp;&nbsp; <strong>&nbsp;<u>PORZ\u0104DEK ADORACJI<\/u><\/strong>\n<\/p>\n<p>\n\t<strong>&nbsp;&nbsp;&nbsp;&nbsp;&nbsp;&nbsp;&nbsp;&nbsp;&nbsp;&nbsp;&nbsp;&nbsp;&nbsp;&nbsp;&nbsp;&nbsp;&nbsp;&nbsp;&nbsp;&nbsp;&nbsp;&nbsp;&nbsp;&nbsp;&nbsp;&nbsp;&nbsp;&nbsp;&nbsp;&nbsp;&nbsp;&nbsp;&nbsp;&nbsp;&nbsp;&nbsp;&nbsp;&nbsp;&nbsp;&nbsp;&nbsp;&nbsp;&nbsp; <em>Nabo\u017ce\u0144stwo 40 &ndash; godzinne<\/em><\/strong>\n<\/p>\n<p>\n\t<strong><u>NIEDZIELA<\/u><\/strong>\n<\/p>\n<ul>\n<li>\n\t\tgodz.&nbsp;&nbsp; 7.30 &#8211; 11.00 &#8211; rodziny z dzielnic: <strong>Sucha Wie\u015b, Pom,<\/strong>\n\t<\/li>\n<li>\n\t\tgodz. 11.00 &#8211; 16.00 &#8211; rodziny z dzielnic: <strong>Ogrody, G&oacute;ry,<\/strong><strong> Podg&oacute;ry, Mymo\u0144.<\/strong>\n\t<\/li>\n<\/ul>\n<p>\n\t<strong><u>PONIEDZIA\u0141EK<\/u><\/strong>\n<\/p>\n<ul>\n<li>\n\t\tgodz.&nbsp;&nbsp; 7.30 &#8211; 14.00 &#8211; rodziny z dzielnic: <strong>Wola, Porzecze.<\/strong>\n\t<\/li>\n<li>\n\t\tgodz. 14.00 &#8211; 18.00 &#8211; rodziny z dzielnic: <strong>Wie\u015b, dzielnica od<\/strong><strong> tor&oacute;w w stron\u0119 Por\u0119b i Por\u0119by.<\/strong>\n\t<\/li>\n<\/ul>\n<p>\n\t<strong><u>Drodzy Parafianie <\/u><\/strong><u>!<\/u>\n<\/p>\n<p style=\"margin-left:72.0pt;\">\n\tNiech ten \u015bwi\u0119ty czas, kiedy wielbimy Pana Jezusa w Naj\u015bwi\u0119tszym Sakramencie i rozwa\u017camy Dar jaki zostawi\u0142 nam B&oacute;g&nbsp; b\u0119dzie dla ka\u017cdej rodziny naszej Parafii okazj\u0105 do modlitwy i \u015bwiadectwa naszej mi\u0142o\u015bci do JEZUSA EUCHARYSTYCZNEGO przez liczny udzia\u0142 w nabo\u017ce\u0144stwach i adoracji.\n<\/p>\n<p style=\"margin-left:288.0pt;\">\n\tSzcz\u0119\u015b\u0107 Bo\u017ce !\n<\/p>\n<p>\n\tPorz\u0105dek nabo\u017ce\u0144stw nabo\u017ce\u0144stwa Eucharystycznego 40 &ndash; godzinnego jak i program adoracji poszczeg&oacute;lnych dzielnic Parafii wywieszony jest w przedsionku ko\u015bcio\u0142a, jak i na stronie internetowej Parafii.\n<\/p>\n<p>\n\t3. Dzisiaj&nbsp; po Mszach \u015bw. zbi&oacute;rka do puszki na pomoc dla pokrzywdzonych przez pow&oacute;d\u017a na Ba\u0142kanach.\n<\/p>\n<p>\n\t4. Dzisiaj po Mszach \u015bw. zg\u0142aszanie dzieci do chrztu na przysz\u0142\u0105 niedziel\u0119. Konferencja dla rodzic&oacute;w i chrzestnych we czwartek o godzinie 17.00.\n<\/p>\n<p>\n\t5. W tym tygodniu b\u0119dzie sk\u0142adka po domach na prace przy naszym ko\u015bciele.\n<\/p>\n<p>\n\t6. Nabo\u017ce\u0144stwo czerwcowe od NSPJ codziennie po Mszy \u015bw. wieczorowej.\n<\/p>\n<p>\n\t7. W czwartek \u015bwi\u0119to Jezusa Chrystusa Najwy\u017cszego i Wiecznego Kap\u0142ana, modlimy si\u0119 za kap\u0142an&oacute;w i o nowe powo\u0142ania do \u017cycia kap\u0142a\u0144skiego.\n<\/p>\n<p>\n\t8. W najbli\u017csz\u0105 niedziel\u0119 Uroczysto\u015b\u0107 Tr&oacute;jcy Przenaj\u015bwi\u0119tszej &ndash; ko\u0144czy si\u0119 okres spowiedzi wielkanocnej.\n<\/p>\n<p>\n\t9. W najbli\u017csz\u0105 niedziel\u0119 Msza \u015bwi\u0119ta w Por\u0119bach o godz. 13.30, a po niej uroczysto\u015bci stra\u017cackie w zwi\u0105zku z przekazaniem wozu stra\u017cackiego. Organizatorzy zapraszaj\u0105 na te uroczysto\u015bci.<\/p>\n","protected":false},"excerpt":{"rendered":"<p>1. Dzisiaj mo\u017cemy zyska\u0107 odpust zupe\u0142ny pod zwyk\u0142ymi warunkami za pobo\u017cne odm&oacute;wienie: &bdquo;O Stworzycielu Duchu przyjd\u017a&hellip; &nbsp;<span class=\"more-link\"><a href=\"https:\/\/parafiabesko.pl\/?p=2444\">Czytaj wi\u0119cej<\/a><\/span><\/p>\n","protected":false},"author":1,"featured_media":2350,"comment_status":"closed","ping_status":"open","sticky":false,"template":"","format":"standard","meta":{"footnotes":""},"categories":[7],"tags":[],"class_list":["entry","author-adminparafiibesko","has-more-link","post-2444","post","type-post","status-publish","format-standard","has-post-thumbnail","category-ogloszenia-parafialne"],"_links":{"self":[{"href":"https:\/\/parafiabesko.pl\/index.php?rest_route=\/wp\/v2\/posts\/2444","targetHints":{"allow":["GET"]}}],"collection":[{"href":"https:\/\/parafiabesko.pl\/index.php?rest_route=\/wp\/v2\/posts"}],"about":[{"href":"https:\/\/parafiabesko.pl\/index.php?rest_route=\/wp\/v2\/types\/post"}],"author":[{"embeddable":true,"href":"https:\/\/parafiabesko.pl\/index.php?rest_route=\/wp\/v2\/users\/1"}],"replies":[{"embeddable":true,"href":"https:\/\/parafiabesko.pl\/index.php?rest_route=%2Fwp%2Fv2%2Fcomments&post=2444"}],"version-history":[{"count":0,"href":"https:\/\/parafiabesko.pl\/index.php?rest_route=\/wp\/v2\/posts\/2444\/revisions"}],"wp:featuredmedia":[{"embeddable":true,"href":"https:\/\/parafiabesko.pl\/index.php?rest_route=\/"}],"wp:attachment":[{"href":"https:\/\/parafiabesko.pl\/index.php?rest_route=%2Fwp%2Fv2%2Fmedia&parent=2444"}],"wp:term":[{"taxonomy":"category","embeddable":true,"href":"https:\/\/parafiabesko.pl\/index.php?rest_route=%2Fwp%2Fv2%2Fcategories&post=2444"},{"taxonomy":"post_tag","embeddable":true,"href":"https:\/\/parafiabesko.pl\/index.php?rest_route=%2Fwp%2Fv2%2Ftags&post=2444"}],"curies":[{"name":"wp","href":"https:\/\/api.w.org\/{rel}","templated":true}]}}