{"id":2431,"date":"2014-06-01T05:42:20","date_gmt":"2014-06-01T05:42:20","guid":{"rendered":"http:\/\/parafiabesko.pl\/?p=2431"},"modified":"2014-06-01T05:42:20","modified_gmt":"2014-06-01T05:42:20","slug":"ogloszenia-1-06-2014","status":"publish","type":"post","link":"https:\/\/parafiabesko.pl\/?p=2431","title":{"rendered":"Og\u0142oszenia 1.06.2014"},"content":{"rendered":"<p>\n\t1. Dzisiaj uroczysto\u015b\u0107 Wniebowst\u0105pienia Pa\u0144skiego. Niedziela Adoracyjna, od godziny 12.00 do 16.00 prywatna adoracja rodzin naszej&nbsp; Parafii, o godzinie 16.00 nabo\u017ce\u0144stwo czerwcowe i zmiana tajemnic r&oacute;\u017ca\u0144cowych adoruje r&oacute;\u017ca Marii Mroczkowskiej. Taca dzisiejsza przeznaczona jest na Seminarium.\n<\/p>\n<p>\n\t2. Spowied\u017a przed pierwszym pi\u0105tkiem miesi\u0105ca od poniedzia\u0142ku rano i wieczorem przed Msz\u0105 \u015bwi\u0119ta. Dzieci i m\u0142odzie\u017c do spowiedzi zapraszamy we \u015brod\u0119 od godziny 17.00.\n<\/p>\n<p>\n\t3. Od&nbsp; pi\u0105tku rozpocz\u0119\u0142a si\u0119 Nowenna do Ducha \u015bwi\u0119tego. Dzisiaj w naszej diecezji &nbsp;\u015bwi\u0119cenia diakonatu. Polecamy modlitwie Parafian nowych diakon&oacute;w.\n<\/p>\n<p>\n\t4. Nabo\u017ce\u0144stwo czerwcowe od NSPJ codziennie po Mszy \u015bw. wieczorowej.\n<\/p>\n<p>\n\t5. &nbsp;Pierwszy &nbsp;pi\u0105tek miesi\u0105ca rano o godzinie 7.00 Msza \u015bwi\u0119ta i adoracja, adoruje r&oacute;\u017ca Marii Bacior , wieczorem o godzinie 18.00 Msza \u015bwi\u0119ta i adoracja. W ko\u015bcio\u0142ach filialnych w Mymoniu i&nbsp; w Por\u0119bach o godzinie 16.00 Adoracja, spowied\u017a i Msza&nbsp; \u015bwi\u0119ta. Odwiedzanie chorych w Besku od godziny 8.00.\n<\/p>\n<p>\n\t6.&nbsp; Od najbli\u017cszej soboty rozpocznie si\u0119 w naszej Parafi Eucharystyczne Nabo\u017ce\u0144stwo 40-godzinne.\n<\/p>\n<p>\n\t<strong>7.Komunikat<\/strong><\/p>\n<p>\tW odpowiedzi na s\u0142owa Papie\u017ca Franciszka, wyra\u017cone na audiencji w dniu 21 maja br., kt&oacute;rymi wezwa\u0142 wiernych do pomocy poszkodowanym w powodzi na Ba\u0142kanach: &quot;Zach\u0119cam was do przy\u0142\u0105czenia si\u0119 do mojej modlitwy za ofiary i za wszystkie osoby dotkni\u0119te tym kataklizmem. (&hellip;) Niech naszym braciom nie zabraknie naszej solidarno\u015bci i konkretnego wsparcia ze strony wsp&oacute;lnoty mi\u0119dzynarodowej&quot;. Caritas Polska w imieniu Ko\u015bcio\u0142a w naszej Ojczy\u017anie ju\u017c przeznaczy\u0142a na pomoc 20 tysi\u0119cy euro. Potrzeby s\u0105 jednak o wiele wi\u0119ksze. <strong>Konkretne wsparcie poszkodowanym na Ba\u0142kanach wyra\u017amy w ca\u0142ej Polsce w niedziel\u0119, 8 czerwca br., przez pami\u0119\u0107 w modlitwie oraz zbi&oacute;rk\u0119 do puszek w ko\u015bcio\u0142ach.<\/strong> Jednocze\u015bnie nie zaniedbujemy troski o poszkodowanych w wyniku ulewnych deszcz&oacute;w w Polsce. Wyra\u017cam wdzi\u0119czno\u015b\u0107 za ka\u017cdy gest mi\u0142osierdzia wobec poszkodowanych w powodzi i za wsparcie w duchu chrze\u015bcija\u0144skiej solidarno\u015bci. \u0141\u0105cz\u0119 wyrazy szacunku i jedno\u015bci w Panu\n<\/p>\n<p>\n\t<em>+ Stanis\u0142aw G\u0105decki<br \/>\n\tArcybiskup Metropolita Pozna\u0144ski<br \/>\n\tPrzewodnicz\u0105cy KEP<\/em>\n<\/p>\n<p>\n\t8. W najbli\u017csz\u0105 niedziel\u0119 w naszej Parafii po Mszach \u015bw. zbi&oacute;rka do puszki na powodzian na Ba\u0142kanach.\n<\/p>\n<p>\n\t9. W najbli\u017csz\u0105 sobot\u0119 w katedrze przemyskiej &nbsp;\u015bwi\u0119cenia kap\u0142a\u0144skie. Polecamy modlitwie ksi\u0119\u017cy neoprezbiter&oacute;w.<\/p>\n","protected":false},"excerpt":{"rendered":"<p>1. Dzisiaj uroczysto\u015b\u0107 Wniebowst\u0105pienia Pa\u0144skiego. Niedziela Adoracyjna, od godziny 12.00 do 16.00 prywatna adoracja rodzin naszej&nbsp; Parafii, o godzinie 16.00 nabo\u017ce\u0144stwo czerwcowe i zmiana tajemnic r&oacute;\u017ca\u0144cowych adoruje r&oacute;\u017ca Marii Mroczkowskiej. Taca dzisiejsza przeznaczona jest na Seminarium. 2. Spowied\u017a przed pierwszym pi\u0105tkiem miesi\u0105ca od poniedzia\u0142ku rano i wieczorem przed Msz\u0105 \u015bwi\u0119ta.<span class=\"more-link\"><a href=\"https:\/\/parafiabesko.pl\/?p=2431\">Czytaj wi\u0119cej<\/a><\/span><\/p>\n","protected":false},"author":1,"featured_media":2350,"comment_status":"closed","ping_status":"open","sticky":false,"template":"","format":"standard","meta":{"footnotes":""},"categories":[7],"tags":[],"class_list":["entry","author-adminparafiibesko","post-2431","post","type-post","status-publish","format-standard","has-post-thumbnail","category-ogloszenia-parafialne"],"_links":{"self":[{"href":"https:\/\/parafiabesko.pl\/index.php?rest_route=\/wp\/v2\/posts\/2431","targetHints":{"allow":["GET"]}}],"collection":[{"href":"https:\/\/parafiabesko.pl\/index.php?rest_route=\/wp\/v2\/posts"}],"about":[{"href":"https:\/\/parafiabesko.pl\/index.php?rest_route=\/wp\/v2\/types\/post"}],"author":[{"embeddable":true,"href":"https:\/\/parafiabesko.pl\/index.php?rest_route=\/wp\/v2\/users\/1"}],"replies":[{"embeddable":true,"href":"https:\/\/parafiabesko.pl\/index.php?rest_route=%2Fwp%2Fv2%2Fcomments&post=2431"}],"version-history":[{"count":0,"href":"https:\/\/parafiabesko.pl\/index.php?rest_route=\/wp\/v2\/posts\/2431\/revisions"}],"wp:featuredmedia":[{"embeddable":true,"href":"https:\/\/parafiabesko.pl\/index.php?rest_route=\/"}],"wp:attachment":[{"href":"https:\/\/parafiabesko.pl\/index.php?rest_route=%2Fwp%2Fv2%2Fmedia&parent=2431"}],"wp:term":[{"taxonomy":"category","embeddable":true,"href":"https:\/\/parafiabesko.pl\/index.php?rest_route=%2Fwp%2Fv2%2Fcategories&post=2431"},{"taxonomy":"post_tag","embeddable":true,"href":"https:\/\/parafiabesko.pl\/index.php?rest_route=%2Fwp%2Fv2%2Ftags&post=2431"}],"curies":[{"name":"wp","href":"https:\/\/api.w.org\/{rel}","templated":true}]}}