{"id":2424,"date":"2014-06-01T09:20:01","date_gmt":"2014-06-01T09:20:01","guid":{"rendered":"http:\/\/parafiabesko.pl\/?p=2424"},"modified":"2014-06-01T09:20:01","modified_gmt":"2014-06-01T09:20:01","slug":"eucharystyczne-nabozenstwo-40-godzinne","status":"publish","type":"post","link":"https:\/\/parafiabesko.pl\/?p=2424","title":{"rendered":"EUCHARYSTYCZNE  NABO\u017bE\u0143STWO  40 \u2013 GODZINNE"},"content":{"rendered":"<p>\n\t<strong>7.06.2014 r.&nbsp; SOBOTA<\/strong>\n<\/p>\n<p>\n\tgodz.&nbsp;&nbsp; 7.30 &#8211;&nbsp; Msza \u015bw. z kazaniem na rozpocz\u0119cie nabo\u017ce\u0144stwa eucharystycznego\n<\/p>\n<p>\n\tgodz. 11.00 &#8211;&nbsp; Msza \u015bw. z kazaniem\n<\/p>\n<p>\n\tgodz. 20.00 &ndash;&nbsp; Nabo\u017ce\u0144stwo fatimskie\n<\/p>\n<p>\n\t&nbsp;\n<\/p>\n<p>\n\t<strong>8.06.2014 r.&nbsp; NIEDZIELA &#8211; Zes\u0142anie Ducha \u015awi\u0119tego.<\/strong>\n<\/p>\n<p>\n\tgodz. 7.30 &#8211;&nbsp;&nbsp; Msza \u015bw., z kazaniem\n<\/p>\n<p>\n\tgodz. 9.15 &#8211;&nbsp;&nbsp; Msza \u015bw. z kazaniem\n<\/p>\n<p>\n\tgodz. 11.00 &#8211; Msza \u015bw. z kazaniem\n<\/p>\n<p>\n\tgodz. 16.00 &#8211;&nbsp; Nabo\u017ce\u0144stwo czerwcowe\n<\/p>\n<p>\n\tgodz. 16.30&nbsp;&nbsp; Msza \u015bw. z kazaniem\n<\/p>\n<p>\n\t&nbsp;\n<\/p>\n<p>\n\t<strong>9.06.2014 r.&nbsp; PONIEDZIA\u0141EK &#8211; \u015awi\u0119to N. M. P. Matki Ko\u015bcio\u0142a<\/strong>\n<\/p>\n<p>\n\tgodz. &#8211;&nbsp;&nbsp;&nbsp; 7.30 &ndash;&nbsp; Msza \u015bw.&nbsp; z kazaniem\n<\/p>\n<p>\n\tgodz. &ndash;&nbsp; 11.00&nbsp; &ndash; Msza \u015bw. z kazaniem\n<\/p>\n<p>\n\tgodz. &ndash;&nbsp; 18.00&nbsp; &#8211;&nbsp; Nabo\u017ce\u0144stwo czerwcowe &nbsp;i Msza \u015bw. z kazaniem na&nbsp; zako\u0144czenie nabo\u017ce\u0144stwa eucharystycznego\n<\/p>\n<p>\n\t&nbsp;\n<\/p>\n<p style=\"text-align: center;\">\n\t&nbsp;&nbsp;&nbsp;&nbsp;&nbsp;&nbsp;&nbsp;<em>&nbsp; &bdquo; Wielbi\u0119 Ciebie w ka\u017cdym momencie o \u017cywy Chlebie nasz w tym sakramencie &bdquo;<\/em>\n<\/p>\n<p style=\"text-align: center;\">\n\tNiech s\u0142owa tej pie\u015bni spe\u0142ni\u0105 si\u0119 w ka\u017cdej rodzinie i w ka\u017cdym sercu Parafianki i Parafianina !\n<\/p>\n<p>\n\t&nbsp;\n<\/p>\n<p style=\"text-align: center;\">\n\t<strong>PORZ\u0104DEK ADORACJI<\/strong>\n<\/p>\n<p style=\"text-align: center;\">\n\tNabo\u017ce\u0144stwo 40 &ndash; godzinne\n<\/p>\n<p>\n\t&nbsp;\n<\/p>\n<p>\n\t<strong>7.06.2014 r.&nbsp; SOBOTA<\/strong>\n<\/p>\n<p>\n\tgodz.&nbsp;&nbsp; 7.30 &#8211; 14.00 &#8211; rodziny z dzielnic: Hrabe\u0144, Zak\u0105cie\n<\/p>\n<p>\n\tgodz. 14.00 &#8211; 20.00 &#8211; rodziny z dzielnic: Frysztak, Cieplaki, Zapowied\u017a\n<\/p>\n<p>\n\tgodz. 18.00 &ndash; Adoracja prowadzona przez Wsp&oacute;lnot\u0119\n<\/p>\n<p>\n\t&nbsp;\n<\/p>\n<p>\n\t<strong>8.06.2014 r.&nbsp; NIEDZIELA<\/strong>\n<\/p>\n<p>\n\tgodz.&nbsp;&nbsp; 7.30 &#8211; 11.00 &#8211; rodziny z dzielnic: Sucha Wie\u015b, Pom\n<\/p>\n<p>\n\tgodz. 11.00 &#8211; 16.00 &#8211; rodziny z dzielnic: Ogrody, G&oacute;ry, Podg&oacute;ry, Mymo\u0144\n<\/p>\n<p>\n\t&nbsp;\n<\/p>\n<p>\n\t<strong>9.06.2014 r.&nbsp; PONIEDZIA\u0141EK<\/strong>\n<\/p>\n<p>\n\tgodz.&nbsp;&nbsp; 7.30 &#8211; 14.00 &#8211; rodziny z dzielnic: Wola, Porzecze\n<\/p>\n<p>\n\tgodz. 14.00 &#8211; 18.00 &#8211; rodziny z dzielnic: Wie\u015b, dzielnica od tor&oacute;w w stron\u0119 Por\u0119b i Por\u0119by\n<\/p>\n<p>\n\t&nbsp;\n<\/p>\n<p>\n\tDrodzy Parafianie !\n<\/p>\n<p>\n\tNiech ten \u015bwi\u0119ty czas, kiedy wielbimy Pana Jezusa w Naj\u015bwi\u0119tszym Sakramencie i rozwa\u017camy Dar jaki zostawi\u0142 nam B&oacute;g&nbsp; b\u0119dzie dla ka\u017cdej rodziny naszej Parafii okazj\u0105 do modlitwy i \u015bwiadectwa naszej mi\u0142o\u015bci do JEZUSA EUCHARYSTYCZNEGO przez liczny udzia\u0142 w nabo\u017ce\u0144stwach i adoracji.\n<\/p>\n<p>\n\tSzcz\u0119\u015b\u0107 Bo\u017ce !<\/p>\n","protected":false},"excerpt":{"rendered":"<p>7.06.2014 r.&nbsp; SOBOTA godz.&nbsp;&nbsp; 7.30 &#8211;&nbsp; Msza \u015bw. z kazaniem na rozpocz\u0119cie nabo\u017ce\u0144stwa eucharystycznego godz. 11.00 &#8211;&nbsp; Msza \u015bw. z kazaniem godz. 20.00 &ndash;&nbsp; Nabo\u017ce\u0144stwo fatimskie &nbsp; 8.06.2014 r.&nbsp; NIEDZIELA &#8211; Zes\u0142anie Ducha \u015awi\u0119tego. godz. 7.30 &#8211;&nbsp;&nbsp; Msza \u015bw., z kazaniem godz. 9.15 &#8211;&nbsp;&nbsp; Msza \u015bw. z kazaniem godz. 11.00<span class=\"more-link\"><a href=\"https:\/\/parafiabesko.pl\/?p=2424\">Czytaj wi\u0119cej<\/a><\/span><\/p>\n","protected":false},"author":1,"featured_media":732,"comment_status":"closed","ping_status":"open","sticky":false,"template":"","format":"standard","meta":{"footnotes":""},"categories":[7],"tags":[],"class_list":["entry","author-adminparafiibesko","post-2424","post","type-post","status-publish","format-standard","has-post-thumbnail","category-ogloszenia-parafialne"],"_links":{"self":[{"href":"https:\/\/parafiabesko.pl\/index.php?rest_route=\/wp\/v2\/posts\/2424","targetHints":{"allow":["GET"]}}],"collection":[{"href":"https:\/\/parafiabesko.pl\/index.php?rest_route=\/wp\/v2\/posts"}],"about":[{"href":"https:\/\/parafiabesko.pl\/index.php?rest_route=\/wp\/v2\/types\/post"}],"author":[{"embeddable":true,"href":"https:\/\/parafiabesko.pl\/index.php?rest_route=\/wp\/v2\/users\/1"}],"replies":[{"embeddable":true,"href":"https:\/\/parafiabesko.pl\/index.php?rest_route=%2Fwp%2Fv2%2Fcomments&post=2424"}],"version-history":[{"count":0,"href":"https:\/\/parafiabesko.pl\/index.php?rest_route=\/wp\/v2\/posts\/2424\/revisions"}],"wp:featuredmedia":[{"embeddable":true,"href":"https:\/\/parafiabesko.pl\/index.php?rest_route=\/"}],"wp:attachment":[{"href":"https:\/\/parafiabesko.pl\/index.php?rest_route=%2Fwp%2Fv2%2Fmedia&parent=2424"}],"wp:term":[{"taxonomy":"category","embeddable":true,"href":"https:\/\/parafiabesko.pl\/index.php?rest_route=%2Fwp%2Fv2%2Fcategories&post=2424"},{"taxonomy":"post_tag","embeddable":true,"href":"https:\/\/parafiabesko.pl\/index.php?rest_route=%2Fwp%2Fv2%2Ftags&post=2424"}],"curies":[{"name":"wp","href":"https:\/\/api.w.org\/{rel}","templated":true}]}}