{"id":2420,"date":"2014-05-25T05:26:48","date_gmt":"2014-05-25T05:26:48","guid":{"rendered":"http:\/\/parafiabesko.pl\/?p=2420"},"modified":"2014-05-25T05:26:48","modified_gmt":"2014-05-25T05:26:48","slug":"ogloszenia-25-05-2014","status":"publish","type":"post","link":"https:\/\/parafiabesko.pl\/?p=2420","title":{"rendered":"Og\u0142oszenia 25.05.2014"},"content":{"rendered":"<p>\n\t1. W poniedzia\u0142ek, wtorek i \u015brod\u0119 przypadaj\u0105 Dni Krzy\u017cowe w Besku o godzinie 18.00 procesja b\u0142agalna o urodzaje i b\u0142ogos\u0142awie\u0144stwo Bo\u017ce w pracy. Zapraszamy Parafian na t\u0105 modlitw\u0119.\n<\/p>\n<p><!--more--><\/p>\n<p>\n\t2. Nabo\u017ce\u0144stwo majowe w ko\u015bciele w Besku w dni powszednie o godzinie 18.00, a niedziel\u0119 o godzinie 16.00. Zach\u0119camy dzieci, m\u0142odzie\u017c i starszych do udzia\u0142u w modlitwie do Matki Bo\u017cej w tym pi\u0119knym miesi\u0105cu. W ko\u015bcio\u0142ach filialnych prowadz\u0105 nabo\u017ce\u0144stwo majowe r&oacute;\u017ce r&oacute;\u017ca\u0144cowe w dni powszednie o godzinie 18.00, a niedziel\u0119 po Mszy \u015bwi\u0119tej.\n<\/p>\n<p>\n\t3. W czwartek o godzinie 18.00 Nabo\u017ce\u0144stwo majowe i Msza \u015bwi\u0119ta, a po niej&nbsp; adoracja Naj\u015bwi\u0119tszego sakramentu. Zapraszamy na wsp&oacute;ln\u0105 modlitw\u0119.\n<\/p>\n<p>\n\t4. W pi\u0105tek&nbsp; pocz\u0105tek Nowenny do Ducha \u015bwi\u0119tego. Zach\u0119camy Parafian do modlitwy za kandydat&oacute;w do diakonatu, kt&oacute;rzy przyjm\u0105 \u015bwi\u0119cenia w najbli\u017csz\u0105 niedziel\u0119.\n<\/p>\n<p>\n\t5. W sobot\u0119 \u015bwi\u0119to Nawiedzenia NMP. Zako\u0144czenie nabo\u017ce\u0144stw majowych\n<\/p>\n<p>\n\t6. Stowarzyszenie &bdquo;Beskowianki&rdquo; zaprasza jak w roku ubieg\u0142ym na nabo\u017ce\u0144stwa majowe przy kapliczkach na terenie Beska w najbli\u017csz\u0105&nbsp; sobot\u0119 o godz. 19.00 maj&oacute;wka &nbsp;przy kapliczce ulica Starowiejska &ndash; siostry Felicjanki.\n<\/p>\n<p>\n\t7. Za tydzie\u0144 uroczysto\u015b\u0107 Wniebowst\u0105pienia Pa\u0144skiego. Niedziela Adoracyjna, od godziny 12.00 do 16.00 prywatna adoracja rodzin naszej&nbsp; Parafii, o godzinie 16.00 nabo\u017ce\u0144stwo czerwcowe i zmiana tajemnic r&oacute;\u017ca\u0144cowych adoruje r&oacute;\u017ca Marii Mroczkowskiej.\n<\/p>\n<p>\n\t8. <strong>Komunikat Komisji Wychowania Katolickiego Konferencji Episkopatu Polski dotycz\u0105cy Pierwszej Komunii \u015bw. <\/strong>\n<\/p>\n<p>\n\tW zwi\u0105zku z uchwalon\u0105 przez Parlament nowelizacj\u0105 ustawy o\u015bwiatowej, kt&oacute;ra zak\u0142ada przesuni\u0119cie obowi\u0105zku szkolnego 6-latk&oacute;w z roku 2012 na 2014, Komisja Wychowania Katolickiego w porozumieniu z Rad\u0105 Sta\u0142\u0105 Konferencj\u0105 Episkopatu Polski podj\u0119\u0142a decyzj\u0119, aby zachowa\u0107 wcze\u015bniej praktykowany termin Pierwszej Komunii \u015bw., do kt&oacute;rej dzieci przyst\u0119puj\u0105 w wieku 9 lat.&nbsp; Dzieci, realizuj\u0105 trzyletni program nauczania religii i przyst\u0119puj\u0105 do Pierwszej Komunii \u015bw. w klasie III. W zwi\u0105zku z t\u0105 decyzj\u0105 w &nbsp;Parafii Besko w 2015 roku I Komunii \u015bw. nie b\u0119dzie. W 2016 roku do I Komunii \u015bw. &nbsp;przyst\u0105pi\u0105 dzieci klasy III.\n<\/p>\n<p>\n\t9. Dzisiaj po Mszy \u015bw. wieczornej spotkanie Akcji Katolickiej.<\/p>\n","protected":false},"excerpt":{"rendered":"<p>1. W poniedzia\u0142ek, wtorek i \u015brod\u0119 przypadaj\u0105 Dni Krzy\u017cowe w Besku o godzinie 18.00 procesja b\u0142agalna o urodzaje i b\u0142ogos\u0142awie\u0144stwo Bo\u017ce w pracy. Zapraszamy Parafian na t\u0105 modlitw\u0119.<span class=\"more-link\"><a href=\"https:\/\/parafiabesko.pl\/?p=2420\">Czytaj wi\u0119cej<\/a><\/span><\/p>\n","protected":false},"author":1,"featured_media":2350,"comment_status":"closed","ping_status":"open","sticky":false,"template":"","format":"standard","meta":{"footnotes":""},"categories":[7],"tags":[],"class_list":["entry","author-adminparafiibesko","has-more-link","post-2420","post","type-post","status-publish","format-standard","has-post-thumbnail","category-ogloszenia-parafialne"],"_links":{"self":[{"href":"https:\/\/parafiabesko.pl\/index.php?rest_route=\/wp\/v2\/posts\/2420","targetHints":{"allow":["GET"]}}],"collection":[{"href":"https:\/\/parafiabesko.pl\/index.php?rest_route=\/wp\/v2\/posts"}],"about":[{"href":"https:\/\/parafiabesko.pl\/index.php?rest_route=\/wp\/v2\/types\/post"}],"author":[{"embeddable":true,"href":"https:\/\/parafiabesko.pl\/index.php?rest_route=\/wp\/v2\/users\/1"}],"replies":[{"embeddable":true,"href":"https:\/\/parafiabesko.pl\/index.php?rest_route=%2Fwp%2Fv2%2Fcomments&post=2420"}],"version-history":[{"count":0,"href":"https:\/\/parafiabesko.pl\/index.php?rest_route=\/wp\/v2\/posts\/2420\/revisions"}],"wp:featuredmedia":[{"embeddable":true,"href":"https:\/\/parafiabesko.pl\/index.php?rest_route=\/"}],"wp:attachment":[{"href":"https:\/\/parafiabesko.pl\/index.php?rest_route=%2Fwp%2Fv2%2Fmedia&parent=2420"}],"wp:term":[{"taxonomy":"category","embeddable":true,"href":"https:\/\/parafiabesko.pl\/index.php?rest_route=%2Fwp%2Fv2%2Fcategories&post=2420"},{"taxonomy":"post_tag","embeddable":true,"href":"https:\/\/parafiabesko.pl\/index.php?rest_route=%2Fwp%2Fv2%2Ftags&post=2420"}],"curies":[{"name":"wp","href":"https:\/\/api.w.org\/{rel}","templated":true}]}}