{"id":2414,"date":"2014-05-18T05:39:39","date_gmt":"2014-05-18T05:39:39","guid":{"rendered":"http:\/\/parafiabesko.pl\/?p=2414"},"modified":"2014-05-18T05:39:39","modified_gmt":"2014-05-18T05:39:39","slug":"ogloszenia-18-05-2014","status":"publish","type":"post","link":"https:\/\/parafiabesko.pl\/?p=2414","title":{"rendered":"Og\u0142oszenia 18.05.2014"},"content":{"rendered":"<p>\n\t1. Dzisiaj &nbsp;Msza \u015bwi\u0119ta w Por\u0119bach b\u0119dzie odprawiona o godzinie 8.30, a w Mymoniu o godzinie 11.00 Uroczysto\u015b\u0107 Pierwszej Komunii \u015bwi\u0119tej.\n<\/p>\n<p><!--more--><\/p>\n<p>\n\t2. Dzisiaj na sumie &nbsp;Uroczysto\u015b\u0107 I rocznicy &nbsp;Komunii \u015bwi\u0119tej dla dzieci klasy III.\n<\/p>\n<p>\n\t3.Taca z dzisiejszej niedzieli przeznaczona jest na parafie szczeg&oacute;lnie potrzebuj\u0105ce.\n<\/p>\n<p>\n\t4. Nabo\u017ce\u0144stwo majowe w ko\u015bciele w Besku w dni powszednie o godzinie 18.00, a niedziel\u0119 o godzinie 16.00. Zach\u0119camy dzieci, m\u0142odzie\u017c i starszych do udzia\u0142u w modlitwie do Matki Bo\u017cej w tym pi\u0119knym miesi\u0105cu. W ko\u015bcio\u0142ach filialnych prowadz\u0105 nabo\u017ce\u0144stwo majowe r&oacute;\u017ce r&oacute;\u017ca\u0144cowe w dni powszednie o godzinie 18.00, a niedziel\u0119 po Mszy \u015bwi\u0119tej.\n<\/p>\n<p>\n\t5. W wtorek 20 maja rocznica \u015bwi\u0119ce\u0144 bpa Stanis\u0142awa Jamrozka.&nbsp;\n<\/p>\n<p>\n\t6.&nbsp; W \u015brod\u0119 na godzin\u0119 17.00 zapraszamy do ko\u015bcio\u0142a kandydat&oacute;w na ministrant&oacute;w z klasy II.\n<\/p>\n<p>\n\t7. Stowarzyszenie &bdquo;Beskowianki&rdquo; zaprasza jak w roku ubieg\u0142ym na nabo\u017ce\u0144stwa majowe przy kapliczkach na terenie Beska w najbli\u017csz\u0105&nbsp; sobot\u0119&nbsp; 24 maja o godz. 19.00 maj&oacute;wka &nbsp;przy kapliczce ulica Wolska &ndash; rodzina Kolanko.\n<\/p>\n<p>\n\t8. W przysz\u0142\u0105 niedziel\u0119 25 maja odb\u0119d\u0105 si\u0119 wybory do Parlamentu Europejskiego. <strong>Europ\u0119 trzeba budowa\u0107 nie tylko na warto\u015bciach ekonomicznych, ale przede wszystkim opieraj\u0105c j\u0105 na tych warto\u015bciach duchowych &ndash; przypomina Prezydium Konferencji Episkopatu Polski. Zach\u0119ca do udzia\u0142u w&nbsp;g\u0142osowaniu i&nbsp;apeluje o&nbsp;odpowiedzialny wyb&oacute;r os&oacute;b, kt&oacute;rym na sercu le\u017cy autentyczne dobro Europy i&nbsp;Polski. &nbsp;<\/strong> &bdquo;W\u0142\u0105czaj\u0105c si\u0119 w&nbsp;apel Biskup&oacute;w Wsp&oacute;lnoty Europejskiej, aby ka\u017cdy z&nbsp;nas, obywateli Europy, w&nbsp;duchu odpowiedzialno\u015bci za ni\u0105 i&nbsp;dobrze spe\u0142nionego obowi\u0105zku poszed\u0142 do urn wyborczych i&nbsp;odda\u0142 w&nbsp;wyborach do Parlamentu Europejskiego sw&oacute;j g\u0142os zgodnie z&nbsp;w\u0142asnym dobrze uformowanym sumieniem, przypominamy, \u017ce w&nbsp;ten spos&oacute;b &ndash; poprzez naszych przedstawicieli, kt&oacute;rzy b\u0119d\u0105 dzia\u0142a\u0107 w&nbsp;Parlamencie Europejskim w&nbsp;duchu \u015bw. Jana Paw\u0142a II &ndash;&nbsp; my sami b\u0119dziemy mogli wype\u0142ni\u0107 te zobowi\u0105zania, kt&oacute;re w&nbsp;odniesieniu do budowania jedno\u015bci europejskiej pozostawi\u0142 nam \u015bw. Jan Pawe\u0142 II&rdquo; &ndash; napisali cz\u0142onkowie Prezydium Konferencji Episkopatu Polski: <em>abp Stanis\u0142aw G\u0105decki, abp Marek J\u0119draszewski i&nbsp;bp Wojciech Polak.<\/em>\n<\/p>\n<p align=\"left\">\n\t9.&nbsp; Dzi\u0119kujemy rodzicom dzieci klasy III za &nbsp;dar z\u0142o\u017cony dla Parafii \/dwie fioletowe stu\u0142y\/.<\/p>\n","protected":false},"excerpt":{"rendered":"<p>1. Dzisiaj &nbsp;Msza \u015bwi\u0119ta w Por\u0119bach b\u0119dzie odprawiona o godzinie 8.30, a w Mymoniu o godzinie 11.00 Uroczysto\u015b\u0107 Pierwszej Komunii \u015bwi\u0119tej.<span class=\"more-link\"><a href=\"https:\/\/parafiabesko.pl\/?p=2414\">Czytaj wi\u0119cej<\/a><\/span><\/p>\n","protected":false},"author":1,"featured_media":2350,"comment_status":"closed","ping_status":"open","sticky":false,"template":"","format":"standard","meta":{"footnotes":""},"categories":[7],"tags":[],"class_list":["entry","author-adminparafiibesko","has-more-link","post-2414","post","type-post","status-publish","format-standard","has-post-thumbnail","category-ogloszenia-parafialne"],"_links":{"self":[{"href":"https:\/\/parafiabesko.pl\/index.php?rest_route=\/wp\/v2\/posts\/2414","targetHints":{"allow":["GET"]}}],"collection":[{"href":"https:\/\/parafiabesko.pl\/index.php?rest_route=\/wp\/v2\/posts"}],"about":[{"href":"https:\/\/parafiabesko.pl\/index.php?rest_route=\/wp\/v2\/types\/post"}],"author":[{"embeddable":true,"href":"https:\/\/parafiabesko.pl\/index.php?rest_route=\/wp\/v2\/users\/1"}],"replies":[{"embeddable":true,"href":"https:\/\/parafiabesko.pl\/index.php?rest_route=%2Fwp%2Fv2%2Fcomments&post=2414"}],"version-history":[{"count":0,"href":"https:\/\/parafiabesko.pl\/index.php?rest_route=\/wp\/v2\/posts\/2414\/revisions"}],"wp:featuredmedia":[{"embeddable":true,"href":"https:\/\/parafiabesko.pl\/index.php?rest_route=\/"}],"wp:attachment":[{"href":"https:\/\/parafiabesko.pl\/index.php?rest_route=%2Fwp%2Fv2%2Fmedia&parent=2414"}],"wp:term":[{"taxonomy":"category","embeddable":true,"href":"https:\/\/parafiabesko.pl\/index.php?rest_route=%2Fwp%2Fv2%2Fcategories&post=2414"},{"taxonomy":"post_tag","embeddable":true,"href":"https:\/\/parafiabesko.pl\/index.php?rest_route=%2Fwp%2Fv2%2Ftags&post=2414"}],"curies":[{"name":"wp","href":"https:\/\/api.w.org\/{rel}","templated":true}]}}