{"id":2408,"date":"2014-05-11T19:13:48","date_gmt":"2014-05-11T19:13:48","guid":{"rendered":"http:\/\/parafiabesko.pl\/?p=2408"},"modified":"2014-05-11T19:13:48","modified_gmt":"2014-05-11T19:13:48","slug":"ogloszenia-11-05-2014","status":"publish","type":"post","link":"https:\/\/parafiabesko.pl\/?p=2408","title":{"rendered":"Og\u0142oszenia 11.05.2014"},"content":{"rendered":"<p>\n\t1. Dzisiaj na sumie o godzinie 11.00 Uroczysto\u015b\u0107 Pierwszej &nbsp;Komunii \u015bwi\u0119tej dla dzieci klasy II.\n<\/p>\n<p>\n\t2. Nabo\u017ce\u0144stwo majowe w ko\u015bciele w Besku w dni powszednie o godzinie 18.00, a niedziel\u0119 o godzinie 16.00. Zach\u0119camy dzieci, m\u0142odzie\u017c i starszych do udzia\u0142u w modlitwie do Matki Bo\u017cej w tym pi\u0119knym miesi\u0105cu. W ko\u015bcio\u0142ach filialnych prowadz\u0105 nabo\u017ce\u0144stwo majowe r&oacute;\u017ce r&oacute;\u017ca\u0144cowe w dni powszednie o godzinie 18.00, a niedziel\u0119 po Mszy \u015bwi\u0119tej.\n<\/p>\n<p>\n\t3. W czwartek o godzinie 16.00 spowied\u017a dzieci klasy III przed Pierwsz\u0105 Rocznic\u0105 Komunii \u015bwi\u0119tej.\n<\/p>\n<p>\n\t4.&nbsp; W pi\u0105tek \u015bwi\u0119to \u015bw. Andrzeja Boboli, patrona Polski.\n<\/p>\n<p>\n\t5. &nbsp;W sobot\u0119 o godzinie 9.00 w Mymoniu spowied\u017a&nbsp; dzieci klasy II, rodzic&oacute;w, rodzic&oacute;w chrzestnych i rodzin przed Uroczysto\u015bci\u0105&nbsp; Pierwszej Komunii \u015bwi\u0119tej.\n<\/p>\n<p>\n\t6.&nbsp; Stowarzyszenie &bdquo;Beskowianki&rdquo; zaprasza jak w roku ubieg\u0142ym na nabo\u017ce\u0144stwa majowe przy kapliczkach na terenie Beska w najbli\u017csz\u0105&nbsp; sobot\u0119&nbsp; 17 maja o godz. 19.00 maj&oacute;wka&nbsp; przy kapliczce ulica Hrabe\u0144ska &ndash; rodzina Pojnar.\n<\/p>\n<p>\n\t7.&nbsp; W przysz\u0142\u0105 niedziel\u0119 Msza \u015bwi\u0119ta w Por\u0119bach b\u0119dzie odprawiona o godzinie 8.30, a w Mymoniu o godzinie 11.00 Uroczysto\u015b\u0107 Pierwszej Komunii \u015bwi\u0119tej.<\/p>\n","protected":false},"excerpt":{"rendered":"<p>1. Dzisiaj na sumie o godzinie 11.00 Uroczysto\u015b\u0107 Pierwszej &nbsp;Komunii \u015bwi\u0119tej dla dzieci klasy II. 2. Nabo\u017ce\u0144stwo majowe w ko\u015bciele w Besku w dni powszednie o godzinie 18.00, a niedziel\u0119 o godzinie 16.00. Zach\u0119camy dzieci, m\u0142odzie\u017c i starszych do udzia\u0142u w modlitwie do Matki Bo\u017cej w tym pi\u0119knym miesi\u0105cu. W<span class=\"more-link\"><a href=\"https:\/\/parafiabesko.pl\/?p=2408\">Czytaj wi\u0119cej<\/a><\/span><\/p>\n","protected":false},"author":1,"featured_media":2350,"comment_status":"closed","ping_status":"open","sticky":false,"template":"","format":"standard","meta":{"footnotes":""},"categories":[7],"tags":[],"class_list":["entry","author-adminparafiibesko","post-2408","post","type-post","status-publish","format-standard","has-post-thumbnail","category-ogloszenia-parafialne"],"_links":{"self":[{"href":"https:\/\/parafiabesko.pl\/index.php?rest_route=\/wp\/v2\/posts\/2408","targetHints":{"allow":["GET"]}}],"collection":[{"href":"https:\/\/parafiabesko.pl\/index.php?rest_route=\/wp\/v2\/posts"}],"about":[{"href":"https:\/\/parafiabesko.pl\/index.php?rest_route=\/wp\/v2\/types\/post"}],"author":[{"embeddable":true,"href":"https:\/\/parafiabesko.pl\/index.php?rest_route=\/wp\/v2\/users\/1"}],"replies":[{"embeddable":true,"href":"https:\/\/parafiabesko.pl\/index.php?rest_route=%2Fwp%2Fv2%2Fcomments&post=2408"}],"version-history":[{"count":0,"href":"https:\/\/parafiabesko.pl\/index.php?rest_route=\/wp\/v2\/posts\/2408\/revisions"}],"wp:featuredmedia":[{"embeddable":true,"href":"https:\/\/parafiabesko.pl\/index.php?rest_route=\/"}],"wp:attachment":[{"href":"https:\/\/parafiabesko.pl\/index.php?rest_route=%2Fwp%2Fv2%2Fmedia&parent=2408"}],"wp:term":[{"taxonomy":"category","embeddable":true,"href":"https:\/\/parafiabesko.pl\/index.php?rest_route=%2Fwp%2Fv2%2Fcategories&post=2408"},{"taxonomy":"post_tag","embeddable":true,"href":"https:\/\/parafiabesko.pl\/index.php?rest_route=%2Fwp%2Fv2%2Ftags&post=2408"}],"curies":[{"name":"wp","href":"https:\/\/api.w.org\/{rel}","templated":true}]}}