{"id":2404,"date":"2014-05-04T20:02:44","date_gmt":"2014-05-04T20:02:44","guid":{"rendered":"http:\/\/parafiabesko.pl\/?p=2404"},"modified":"2014-05-04T20:02:44","modified_gmt":"2014-05-04T20:02:44","slug":"intencje-mszalne-5-05-2014-11-05-2014","status":"publish","type":"post","link":"https:\/\/parafiabesko.pl\/?p=2404","title":{"rendered":"Intencje mszalne 5.05.2014-11.05.2014"},"content":{"rendered":"<p style=\"font-size: 13px;\">\n\tW najbli\u017cszym tygodniu zostan\u0105 odprawione nast\u0119puj\u0105ce intencje mszalne:\n<\/p>\n<p style=\"font-size: 13px;\">\n\t<!--more-->\n<\/p>\n<table border=\"1\" cellpadding=\"1\" cellspacing=\"1\" style=\"font-size: 13px;\">\n<tbody>\n<tr>\n<td>\n<p>\n\t\t\t\t\tDzie\u0144 tygodnia\n\t\t\t\t<\/p>\n<\/td>\n<td>\n<p>\n\t\t\t\t\tgodzina\n\t\t\t\t<\/p>\n<\/td>\n<td>\n<p>\n\t\t\t\t\t&nbsp;\n\t\t\t\t<\/p>\n<\/td>\n<\/tr>\n<tr>\n<td colspan=\"1\" rowspan=\"2\">\n<p>\n\t\t\t\t\tPoniedzia\u0142ek\n\t\t\t\t<\/p>\n<\/td>\n<td>\n<p>\n\t\t\t\t\t7.00\n\t\t\t\t<\/p>\n<\/td>\n<td>\n\t\t\t\tDzi\u0119kczynna w 40r. sakramentu ma\u0142\u017ce\u0144stwa Marii i J&oacute;zefa z pro\u015bb\u0105 o dalsze Bo\u017ce b\u0142og. i potrzebne \u0142aski\n\t\t\t<\/td>\n<\/tr>\n<tr>\n<td>\n<p>\n\t\t\t\t\t18.00\n\t\t\t\t<\/p>\n<\/td>\n<td>\n<p>\n\t\t\t\t\t1.+Stanis\u0142awa Folcik greg.\/1\/\n\t\t\t\t<\/p>\n<p>\t\t\t\t2.+Stanis\u0142aw Antonina Mikosz\n\t\t\t<\/td>\n<\/tr>\n<tr>\n<td colspan=\"1\" rowspan=\"2\">\n<p>\n\t\t\t\t\tWtorek\n\t\t\t\t<\/p>\n<\/td>\n<td>\n<p>\n\t\t\t\t\t7.00\n\t\t\t\t<\/p>\n<\/td>\n<td>\n\t\t\t\t+Eugeniusz, El\u017cbieta i Dariusz\n\t\t\t<\/td>\n<\/tr>\n<tr>\n<td>\n<p>\n\t\t\t\t\t18.00\n\t\t\t\t<\/p>\n<\/td>\n<td>\n<p>\n\t\t\t\t\t1.+Agnieszk\u0119\n\t\t\t\t<\/p>\n<p>\t\t\t\t2.+Stanis\u0142awa greg.\/2\/\n\t\t\t<\/td>\n<\/tr>\n<tr>\n<td colspan=\"1\" rowspan=\"2\">\n<p>\n\t\t\t\t\t\u015aroda\n\t\t\t\t<\/p>\n<\/td>\n<td>\n<p>\n\t\t\t\t\t7.00\n\t\t\t\t<\/p>\n<\/td>\n<td>\n\t\t\t\t+Stanis\u0142awa, Ludwika i Marta Stapi\u0144scy oraz Stanis\u0142awa Kielar\n\t\t\t<\/td>\n<\/tr>\n<tr>\n<td>\n<p>\n\t\t\t\t\t18.00\n\t\t\t\t<\/p>\n<\/td>\n<td>\n<p>\n\t\t\t\t\t1.Dzi\u0119kczynna w 20 r. \u015blubu Macieja i Agnieszki z pro\u015bb\u0105 o dalsze \u0142aski\n\t\t\t\t<\/p>\n<p>\t\t\t\t2.+Stanis\u0142awa greg.\/3\/\n\t\t\t<\/td>\n<\/tr>\n<tr>\n<td colspan=\"1\" rowspan=\"2\">\n<p>\n\t\t\t\t\tCzwartek\n\t\t\t\t<\/p>\n<\/td>\n<td>\n<p>\n\t\t\t\t\t7.00\n\t\t\t\t<\/p>\n<\/td>\n<td>\n\t\t\t\t+Stanis\u0142aw, Jan, Maria Szyndler\n\t\t\t<\/td>\n<\/tr>\n<tr>\n<td>\n<p>\n\t\t\t\t\t18.00\n\t\t\t\t<\/p>\n<\/td>\n<td>\n<p>\n\t\t\t\t\t1.+Stanis\u0142aw i Stefania Rajter\n\t\t\t\t<\/p>\n<p>\t\t\t\t2.+Stanis\u0142awa greg.\/4\/\n\t\t\t<\/td>\n<\/tr>\n<tr>\n<td colspan=\"1\" rowspan=\"2\">\n<p>\n\t\t\t\t\tPi\u0105tek\n\t\t\t\t<\/p>\n<\/td>\n<td>\n<p>\n\t\t\t\t\t7.00\n\t\t\t\t<\/p>\n<\/td>\n<td>\n\t\t\t\t+Kazimierz Czech w 20r.\u015bm.\n\t\t\t<\/td>\n<\/tr>\n<tr>\n<td>\n<p>\n\t\t\t\t\t18.00\n\t\t\t\t<\/p>\n<\/td>\n<td>\n<p>\n\t\t\t\t\t1.+Wies\u0142awa, Stefania Ch\u0119\u0107\n\t\t\t\t<\/p>\n<p>\t\t\t\t2.+Stanis\u0142awa greg.\/5\/\n\t\t\t<\/td>\n<\/tr>\n<tr>\n<td colspan=\"1\" rowspan=\"2\">\n<p>\n\t\t\t\t\tSobota\n\t\t\t\t<\/p>\n<\/td>\n<td>\n<p>\n\t\t\t\t\t7.00\n\t\t\t\t<\/p>\n<\/td>\n<td>\n\t\t\t\t+Stanis\u0142awa greg.\/6\/\n\t\t\t<\/td>\n<\/tr>\n<tr>\n<td>\n<p>\n\t\t\t\t\t18.00\n\t\t\t\t<\/p>\n<\/td>\n<td>\n\t\t\t\t+Stanis\u0142awa i Grzegorz Szul (of.&nbsp;J&oacute;zef)\n\t\t\t<\/td>\n<\/tr>\n<tr>\n<td colspan=\"1\" rowspan=\"4\">\n<p>\n\t\t\t\t\tNiedziela\n\t\t\t\t<\/p>\n<\/td>\n<td>\n<p>\n\t\t\t\t\t7.30\n\t\t\t\t<\/p>\n<\/td>\n<td>\n\t\t\t\t+Kazimierz i Genowefa Stapi\u0144scy\n\t\t\t<\/td>\n<\/tr>\n<tr>\n<td>\n<p>\n\t\t\t\t\t9.15\n\t\t\t\t<\/p>\n<\/td>\n<td>\n\t\t\t\tDzi\u0119kczynna w 40r. \u015blubu Stanis\u0142wa i Zofii z pro\u015bb\u0105 o dalsze potrzebne \u0142aski i zdrowie w rodzinie\n\t\t\t<\/td>\n<\/tr>\n<tr>\n<td>\n<p>\n\t\t\t\t\t11.00\n\t\t\t\t<\/p>\n<\/td>\n<td>\n\t\t\t\tW intencji dzieci I-komunijnych\n\t\t\t<\/td>\n<\/tr>\n<tr>\n<td>\n<p>\n\t\t\t\t\t16.30\n\t\t\t\t<\/p>\n<\/td>\n<td>\n<p>\n\t\t\t\t\t+Stanis\u0142awa Folcik greg.\/7\/\n\t\t\t\t<\/p>\n<\/td>\n<\/tr>\n<\/tbody>\n<\/table>\n","protected":false},"excerpt":{"rendered":"<p>W najbli\u017cszym tygodniu zostan\u0105 odprawione nast\u0119puj\u0105ce intencje mszalne:<span class=\"more-link\"><a href=\"https:\/\/parafiabesko.pl\/?p=2404\">Czytaj wi\u0119cej<\/a><\/span><\/p>\n","protected":false},"author":1,"featured_media":2349,"comment_status":"closed","ping_status":"open","sticky":false,"template":"","format":"standard","meta":{"footnotes":""},"categories":[7],"tags":[],"class_list":["entry","author-adminparafiibesko","has-more-link","post-2404","post","type-post","status-publish","format-standard","has-post-thumbnail","category-ogloszenia-parafialne"],"_links":{"self":[{"href":"https:\/\/parafiabesko.pl\/index.php?rest_route=\/wp\/v2\/posts\/2404","targetHints":{"allow":["GET"]}}],"collection":[{"href":"https:\/\/parafiabesko.pl\/index.php?rest_route=\/wp\/v2\/posts"}],"about":[{"href":"https:\/\/parafiabesko.pl\/index.php?rest_route=\/wp\/v2\/types\/post"}],"author":[{"embeddable":true,"href":"https:\/\/parafiabesko.pl\/index.php?rest_route=\/wp\/v2\/users\/1"}],"replies":[{"embeddable":true,"href":"https:\/\/parafiabesko.pl\/index.php?rest_route=%2Fwp%2Fv2%2Fcomments&post=2404"}],"version-history":[{"count":0,"href":"https:\/\/parafiabesko.pl\/index.php?rest_route=\/wp\/v2\/posts\/2404\/revisions"}],"wp:featuredmedia":[{"embeddable":true,"href":"https:\/\/parafiabesko.pl\/index.php?rest_route=\/"}],"wp:attachment":[{"href":"https:\/\/parafiabesko.pl\/index.php?rest_route=%2Fwp%2Fv2%2Fmedia&parent=2404"}],"wp:term":[{"taxonomy":"category","embeddable":true,"href":"https:\/\/parafiabesko.pl\/index.php?rest_route=%2Fwp%2Fv2%2Fcategories&post=2404"},{"taxonomy":"post_tag","embeddable":true,"href":"https:\/\/parafiabesko.pl\/index.php?rest_route=%2Fwp%2Fv2%2Ftags&post=2404"}],"curies":[{"name":"wp","href":"https:\/\/api.w.org\/{rel}","templated":true}]}}