{"id":2402,"date":"2014-05-04T19:59:04","date_gmt":"2014-05-04T19:59:04","guid":{"rendered":"http:\/\/parafiabesko.pl\/?p=2402"},"modified":"2014-05-04T19:59:04","modified_gmt":"2014-05-04T19:59:04","slug":"ogloszenia-04-05-2014","status":"publish","type":"post","link":"https:\/\/parafiabesko.pl\/?p=2402","title":{"rendered":"Og\u0142oszenia 04.05.2014"},"content":{"rendered":"<p>\n\t<span style=\"font-size:12px;\">1. Dzisiaj Niedziela Adoracyjna, od godziny 12.00 do 16.00 prywatna adoracja rodzin naszej&nbsp; Parafii, o godzinie 16.00 nabo\u017ce\u0144stwo majowe i zmiana tajemnic r&oacute;\u017ca\u0144cowych adoruje r&oacute;\u017ca Janiny Suwa\u0142a.<\/span>\n<\/p>\n<p><!--more--><\/p>\n<p>\n\t<span style=\"font-size:12px;\">2. Taca z dzisiejszej niedzieli przeznaczona jest na potrzeby naszej Archidiecezji.<\/span>\n<\/p>\n<p>\n\t<span style=\"font-size:12px;\">3. W czwartek 8 maja Uroczysto\u015b\u0107 \u015bw. Stanis\u0142awa biskupa i m\u0119czennika Patrona Polski.<\/span>\n<\/p>\n<p>\n\t<span style=\"font-size:12px;\">4. Nabo\u017ce\u0144stwo majowe w ko\u015bciele w Besku w dni powszednie o godzinie 18.00, a niedziel\u0119 o godzinie 16.00. Zach\u0119camy dzieci, m\u0142odzie\u017c i starszych do udzia\u0142u w modlitwie do Matki Bo\u017cej w tym pi\u0119knym miesi\u0105cu. W ko\u015bcio\u0142ach filialnych prowadz\u0105 nabo\u017ce\u0144stwo majowe r&oacute;\u017ce r&oacute;\u017ca\u0144cowe w dni powszednie o godzinie 18.00, a niedziel\u0119 po Mszy \u015bwi\u0119tej.<\/span>\n<\/p>\n<p>\n\t<span style=\"font-size:12px;\">5. W sobot\u0119 10 &nbsp;maja o godzinie 10.00 spowied\u017a dzieci i rodzic&oacute;w, rodzic&oacute;w chrzestnych i rodzin przed I Komun\u0105 \u015bwi\u0119t\u0105.<\/span>\n<\/p>\n<p>\n\t<span style=\"font-size:12px;\">6. Stowarzyszenie &bdquo;Beskowianki&rdquo; zaprasza jak w roku ubieg\u0142ym na nabo\u017ce\u0144stwa majowe przy kapliczkach na terenie Beska w najbli\u017csz\u0105 &nbsp;sobot\u0119&nbsp; 10 maja o godz. 19.00 maj&oacute;wka&nbsp; przy kapliczce ul. ulicy B\u0142onie &ndash; rodzina Wasilak<\/span>\n<\/p>\n<p>\n\t<span style=\"font-size:12px;\">7. W najbli\u017csz\u0105 niedziel\u0119 sumie o godzinie 11.00 Uroczysto\u015b\u0107 I Komunii \u015bwi\u0119tej dla dzieci klasy II.<\/span>\n<\/p>\n<p>\n\t<span style=\"font-size:12px;\">8. Dzi\u0119kujemy za sprz\u0105tanie ko\u015bcio\u0142a i ofiary z\u0142o\u017cone na kwiaty. W tym tygodniu ko\u015bci&oacute;\u0142 sprz\u0105taj\u0105 rodzicie dzieci pierwszokomunijnych.<\/span>\n<\/p>\n<p>\n\t<span style=\"font-size:12px;\">9. Dzi\u0119kujemy Parafianom za ofiary z\u0142o\u017cone na witra\u017ce do naszego nowego ko\u015bcio\u0142a. &nbsp;B&oacute;g zap\u0142a\u0107!<\/span><\/p>\n","protected":false},"excerpt":{"rendered":"<p>1. Dzisiaj Niedziela Adoracyjna, od godziny 12.00 do 16.00 prywatna adoracja rodzin naszej&nbsp; Parafii, o godzinie 16.00 nabo\u017ce\u0144stwo majowe i zmiana tajemnic r&oacute;\u017ca\u0144cowych adoruje r&oacute;\u017ca Janiny Suwa\u0142a.<span class=\"more-link\"><a href=\"https:\/\/parafiabesko.pl\/?p=2402\">Czytaj wi\u0119cej<\/a><\/span><\/p>\n","protected":false},"author":1,"featured_media":2350,"comment_status":"closed","ping_status":"open","sticky":false,"template":"","format":"standard","meta":{"footnotes":""},"categories":[7],"tags":[],"class_list":["entry","author-adminparafiibesko","has-more-link","post-2402","post","type-post","status-publish","format-standard","has-post-thumbnail","category-ogloszenia-parafialne"],"_links":{"self":[{"href":"https:\/\/parafiabesko.pl\/index.php?rest_route=\/wp\/v2\/posts\/2402","targetHints":{"allow":["GET"]}}],"collection":[{"href":"https:\/\/parafiabesko.pl\/index.php?rest_route=\/wp\/v2\/posts"}],"about":[{"href":"https:\/\/parafiabesko.pl\/index.php?rest_route=\/wp\/v2\/types\/post"}],"author":[{"embeddable":true,"href":"https:\/\/parafiabesko.pl\/index.php?rest_route=\/wp\/v2\/users\/1"}],"replies":[{"embeddable":true,"href":"https:\/\/parafiabesko.pl\/index.php?rest_route=%2Fwp%2Fv2%2Fcomments&post=2402"}],"version-history":[{"count":0,"href":"https:\/\/parafiabesko.pl\/index.php?rest_route=\/wp\/v2\/posts\/2402\/revisions"}],"wp:featuredmedia":[{"embeddable":true,"href":"https:\/\/parafiabesko.pl\/index.php?rest_route=\/"}],"wp:attachment":[{"href":"https:\/\/parafiabesko.pl\/index.php?rest_route=%2Fwp%2Fv2%2Fmedia&parent=2402"}],"wp:term":[{"taxonomy":"category","embeddable":true,"href":"https:\/\/parafiabesko.pl\/index.php?rest_route=%2Fwp%2Fv2%2Fcategories&post=2402"},{"taxonomy":"post_tag","embeddable":true,"href":"https:\/\/parafiabesko.pl\/index.php?rest_route=%2Fwp%2Fv2%2Ftags&post=2402"}],"curies":[{"name":"wp","href":"https:\/\/api.w.org\/{rel}","templated":true}]}}