{"id":2391,"date":"2014-04-27T06:13:47","date_gmt":"2014-04-27T06:13:47","guid":{"rendered":"http:\/\/parafiabesko.pl\/?p=2391"},"modified":"2014-04-27T06:13:47","modified_gmt":"2014-04-27T06:13:47","slug":"ogloszenia-27-04-2014","status":"publish","type":"post","link":"https:\/\/parafiabesko.pl\/?p=2391","title":{"rendered":"Og\u0142oszenia 27.04.2014"},"content":{"rendered":"<p style=\"text-align: justify;\">\n\t1. Dzisiaj &ndash; <strong>Niedziela Mi\u0142osierdzia Bo\u017cego<\/strong> &ndash; &nbsp;w tym dniu jest wa\u017cna uroczysto\u015b\u0107 dla naszej wiary, a mianowicie Kanonizacja Papie\u017ca Jana Paw\u0142a II&nbsp; i Papie\u017ca Jana XXIII. Bezpo\u015brednia transmisja &nbsp;z Watykanu w telewizji Mszy \u015bw. kanonizacyjnej rozpocznie si\u0119 o godzinie 10.00. Wyniesienie do chwa\u0142y o\u0142tarzy Papie\u017ca Polaka to moment, wa\u017cny w historii Polski i Ko\u015bcio\u0142a. Zach\u0119camy Parafian od ogl\u0105dania w telewizji tego wa\u017cnego wydarzenia &nbsp;W Besku Msze \u015bwi\u0119te odprawione b\u0119d\u0105: 7.30, 9.15. suma o godzinie 11.00 a po po\u0142udniu o godzinie 16.15 Koronka do Bo\u017cego Mi\u0142osierdzia i Msza \u015bwi\u0119ta. <strong>Odpust w Mymoniu&nbsp; o godzinie 12.00<\/strong>. Msza \u015bwi\u0119ta w Por\u0119bach b\u0119dzie odprawiona o godzinie 10.00.\n<\/p>\n<p>\n\t<!--more-->\n<\/p>\n<p style=\"text-align: justify;\">\n\t2. Dzisiaj rozpoczyna si\u0119 Tydzie\u0144 Mi\u0142osierdzia.\n<\/p>\n<p style=\"text-align: justify;\">\n\t3. W poniedzia\u0142ek&nbsp; Uroczysto\u015b\u0107 \u015bw. Wojciech Patrona Polski.\n<\/p>\n<p style=\"text-align: justify;\">\n\t4. We wtorek o godzinie 18.00 Nabo\u017ce\u0144stwo do Bo\u017cego Mi\u0142osierdzia.\n<\/p>\n<p style=\"text-align: justify;\">\n\t5. We&nbsp; \u015brod\u0119 o godzinie 18.00 Nowenna do Matki Bo\u017cej Nieustaj\u0105cej Pomocy.\n<\/p>\n<p style=\"text-align: justify;\">\n\t5. W czwartek &#8211; 1 maja pocz\u0105tek nabo\u017ce\u0144stw majowych. Zach\u0119camy dzieci, m\u0142odzie\u017c i starszych do udzia\u0142u w modlitwie do Matki Bo\u017cej w tym pi\u0119knym miesi\u0105cu. Nabo\u017ce\u0144stwa majowe w Besku o godzinie 18.00 w dni powszednie, a w niedziel\u0119 o godzinie 16.00. W ko\u015bcio\u0142ach filialnych prowadz\u0105 nabo\u017ce\u0144stwo majowe r&oacute;\u017ce r&oacute;\u017ca\u0144cowe w dni powszednie o godzinie 18.00, a niedziel\u0119 po Mszy \u015bwi\u0119tej.\n<\/p>\n<p style=\"text-align: justify;\">\n\t7. I &nbsp;pi\u0105tek miesi\u0105ca rano o godzinie 7.00 Msza \u015bwi\u0119ta i adoracja, adoruje r&oacute;\u017ca Folcik Heleny, wieczorem o godzinie 18.00 Nabo\u017ce\u0144stwo majowe i Msza \u015bwi\u0119ta. W ko\u015bcio\u0142ach filialnych w Mymoniu i&nbsp; w Por\u0119bach o godzinie 16.00 Nabo\u017ce\u0144stwo majowe i Msza&nbsp; \u015bwi\u0119ta. Odwiedzanie chorych w Besku od godziny 8.00.\n<\/p>\n<p style=\"text-align: justify;\">\n\t8. W sobot\u0119 &#8211; 3 maja Uroczysto\u015b\u0107 NMP Kr&oacute;lowej Polski G\u0142&oacute;wnej Patronki Polski i Archidiecezji Przemyskiej. Porz\u0105dek Mszy \u015bwi\u0119tej w Besku: rano o godzinie 7.30, suma o godzinie 10.00 i wieczorem o godzinie 20.00 nabo\u017ce\u0144stwo fatimskie. W ko\u015bcio\u0142ach filialnych w Mymoniu i&nbsp; w Por\u0119bach o godzinie 10.00 Msza&nbsp; \u015bwi\u0119ta i nabo\u017ce\u0144stwo majowe.\n<\/p>\n<p style=\"text-align: justify;\">\n\t&nbsp;\n<\/p>\n<p style=\"text-align: justify;\">\n\t9. W najbli\u017csz\u0105 niedziel\u0119 Niedziela Adoracyjna, od godziny 12.00 do 16.00 prywatna adoracja rodzin Parafii, o godzinie 16.00 nabo\u017ce\u0144stwo majowe i zmiana tajemnic r&oacute;\u017ca\u0144cowych adoruje r&oacute;\u017ca Janiny Suwa\u0142a.\n<\/p>\n<p style=\"text-align: justify;\">\n\t&nbsp;\n<\/p>\n<p style=\"text-align: justify;\">\n\t10. Zach\u0119camy muzyk&oacute;w, aby tak jak w ubieg\u0142ym roku w \u015bwi\u0119ta i niedziele miesi\u0105ca maja na p&oacute;\u0142 godziny przed nabo\u017ce\u0144stwem majowym zagrali koncert pie\u015bni maryjnych z balkonu nowego ko\u015bcio\u0142a.\n<\/p>\n<p style=\"text-align: justify;\">\n\t&nbsp;\n<\/p>\n<p style=\"text-align: justify;\">\n\t11.<strong> Zaproszenie.<\/strong>\n<\/p>\n<p style=\"text-align: justify;\">\n\tStowarzyszenie &bdquo;Beskowianki&rdquo; zaprasza jak w roku ubieg\u0142ym&nbsp; na nabo\u017ce\u0144stwa majowe przy kapliczkach na terenie Beska:\n<\/p>\n<p style=\"text-align: justify;\">\n\t1. sobota&nbsp;&nbsp;&nbsp; 3.05.2014r. godz. 19.00&nbsp; kapliczka przy ulicy Zielonej &ndash; rodzina Zubik\n<\/p>\n<p style=\"text-align: justify;\">\n\t2. sobota&nbsp; 10.05.2014r. godz. 19.00&nbsp; kapliczka przy ulicy B\u0142onie &ndash; rodzina Wasilak\n<\/p>\n<p style=\"text-align: justify;\">\n\t3. sobota&nbsp; 17.05.2014r. godz. 19.00&nbsp; kapliczka przy ulicy Hrabe\u0144skiej &ndash; rodzina Pojnar\n<\/p>\n<p style=\"text-align: justify;\">\n\t4. sobota&nbsp; 24.05.2014r. godz. 19.00&nbsp; kapliczka przy ulicy Wolskiej &ndash; rodzina Kolanko\n<\/p>\n<p style=\"text-align: justify;\">\n\t5. sobota&nbsp; 31.05.2014r. godz. 19.00&nbsp; kapliczka przy ulicy Starowiejskiej &ndash; siostry Felicjanki\n<\/p>\n<p style=\"text-align: justify;\">\n\tJednocze\u015bnie prosimy Parafian,&nbsp; aby odnowi\u0107 kapliczki i krzy\u017ce na terenie Parafii&nbsp; Besko.<\/p>\n","protected":false},"excerpt":{"rendered":"<p>1. Dzisiaj &ndash; Niedziela Mi\u0142osierdzia Bo\u017cego &ndash; &nbsp;w tym dniu jest wa\u017cna uroczysto\u015b\u0107 dla naszej wiary, a mianowicie Kanonizacja Papie\u017ca Jana Paw\u0142a II&nbsp; i Papie\u017ca Jana XXIII. Bezpo\u015brednia transmisja &nbsp;z Watykanu w telewizji Mszy \u015bw. kanonizacyjnej rozpocznie si\u0119 o godzinie 10.00. Wyniesienie do chwa\u0142y o\u0142tarzy Papie\u017ca Polaka to moment, wa\u017cny<span class=\"more-link\"><a href=\"https:\/\/parafiabesko.pl\/?p=2391\">Czytaj wi\u0119cej<\/a><\/span><\/p>\n","protected":false},"author":1,"featured_media":2350,"comment_status":"closed","ping_status":"open","sticky":false,"template":"","format":"standard","meta":{"footnotes":""},"categories":[7],"tags":[],"class_list":["entry","author-adminparafiibesko","has-more-link","post-2391","post","type-post","status-publish","format-standard","has-post-thumbnail","category-ogloszenia-parafialne"],"_links":{"self":[{"href":"https:\/\/parafiabesko.pl\/index.php?rest_route=\/wp\/v2\/posts\/2391","targetHints":{"allow":["GET"]}}],"collection":[{"href":"https:\/\/parafiabesko.pl\/index.php?rest_route=\/wp\/v2\/posts"}],"about":[{"href":"https:\/\/parafiabesko.pl\/index.php?rest_route=\/wp\/v2\/types\/post"}],"author":[{"embeddable":true,"href":"https:\/\/parafiabesko.pl\/index.php?rest_route=\/wp\/v2\/users\/1"}],"replies":[{"embeddable":true,"href":"https:\/\/parafiabesko.pl\/index.php?rest_route=%2Fwp%2Fv2%2Fcomments&post=2391"}],"version-history":[{"count":0,"href":"https:\/\/parafiabesko.pl\/index.php?rest_route=\/wp\/v2\/posts\/2391\/revisions"}],"wp:featuredmedia":[{"embeddable":true,"href":"https:\/\/parafiabesko.pl\/index.php?rest_route=\/"}],"wp:attachment":[{"href":"https:\/\/parafiabesko.pl\/index.php?rest_route=%2Fwp%2Fv2%2Fmedia&parent=2391"}],"wp:term":[{"taxonomy":"category","embeddable":true,"href":"https:\/\/parafiabesko.pl\/index.php?rest_route=%2Fwp%2Fv2%2Fcategories&post=2391"},{"taxonomy":"post_tag","embeddable":true,"href":"https:\/\/parafiabesko.pl\/index.php?rest_route=%2Fwp%2Fv2%2Ftags&post=2391"}],"curies":[{"name":"wp","href":"https:\/\/api.w.org\/{rel}","templated":true}]}}