{"id":2389,"date":"2014-04-27T11:41:14","date_gmt":"2014-04-27T11:41:14","guid":{"rendered":"http:\/\/parafiabesko.pl\/?p=2389"},"modified":"2014-04-27T11:41:14","modified_gmt":"2014-04-27T11:41:14","slug":"intencje-mszalne-28-04-2014-4-05-2014","status":"publish","type":"post","link":"https:\/\/parafiabesko.pl\/?p=2389","title":{"rendered":"Intencje mszalne 28.04.2014-4.05.2014"},"content":{"rendered":"<p style=\"font-size: 13px;\">\n\tW najbli\u017cszym tygodniu zostan\u0105 odprawione nast\u0119puj\u0105ce intencje mszalne:\n<\/p>\n<p style=\"font-size: 13px;\">\n\t<!--more-->\n<\/p>\n<table border=\"1\" cellpadding=\"1\" cellspacing=\"1\" style=\"font-size: 13px;\">\n<tbody>\n<tr>\n<td>\n<p>\n\t\t\t\t\tDzie\u0144 tygodnia\n\t\t\t\t<\/p>\n<\/td>\n<td>\n<p>\n\t\t\t\t\tgodzina\n\t\t\t\t<\/p>\n<\/td>\n<td>\n<p>\n\t\t\t\t\t&nbsp;\n\t\t\t\t<\/p>\n<\/td>\n<\/tr>\n<tr>\n<td colspan=\"1\" rowspan=\"2\">\n<p>\n\t\t\t\t\tPoniedzia\u0142ek\n\t\t\t\t<\/p>\n<\/td>\n<td>\n<p>\n\t\t\t\t\t7.00\n\t\t\t\t<\/p>\n<\/td>\n<td>\n\t\t\t\t+Helena Szybka (of. siostrzenica Joanna z rodzin\u0105)\n\t\t\t<\/td>\n<\/tr>\n<tr>\n<td>\n<p>\n\t\t\t\t\t18.00\n\t\t\t\t<\/p>\n<\/td>\n<td>\n<p>\n\t\t\t\t\t1.+Eugeniusz Pelczar w 4r.\u015bm.\n\t\t\t\t<\/p>\n<p>\t\t\t\t2.+Artur Borkowski i ++ z rodziny\n\t\t\t<\/td>\n<\/tr>\n<tr>\n<td colspan=\"1\" rowspan=\"2\">\n<p>\n\t\t\t\t\tWtorek\n\t\t\t\t<\/p>\n<\/td>\n<td>\n<p>\n\t\t\t\t\t7.00\n\t\t\t\t<\/p>\n<\/td>\n<td>\n\t\t\t\t+Eugeniusz Ciep\u0142y\n\t\t\t<\/td>\n<\/tr>\n<tr>\n<td>\n<p>\n\t\t\t\t\t18.00\n\t\t\t\t<\/p>\n<\/td>\n<td>\n<p>\n\t\t\t\t\t1.+Mieczys\u0142aw Nikody\n\t\t\t\t<\/p>\n<p>\n\t\t\t\t\t2.+Stanis\u0142aw, J&oacute;zefa, Jan i J&oacute;zef Bury\n\t\t\t\t<\/p>\n<\/td>\n<\/tr>\n<tr>\n<td colspan=\"1\" rowspan=\"2\">\n<p>\n\t\t\t\t\t\u015aroda\n\t\t\t\t<\/p>\n<\/td>\n<td>\n<p>\n\t\t\t\t\t7.00\n\t\t\t\t<\/p>\n<\/td>\n<td>\n\t\t\t\t+Sylwester w 14r.\u015bm\n\t\t\t<\/td>\n<\/tr>\n<tr>\n<td>\n<p>\n\t\t\t\t\t18.00\n\t\t\t\t<\/p>\n<\/td>\n<td>\n<p>\n\t\t\t\t\t1.+Jan D\u0119biec w 26r.\u015bm i za ++ z rodziny\n\t\t\t\t<\/p>\n<p>\n\t\t\t\t\t2.+Stanis\u0142aw Kasperkowicz w 11r.\u015bm\n\t\t\t\t<\/p>\n<\/td>\n<\/tr>\n<tr>\n<td colspan=\"1\" rowspan=\"2\">\n<p>\n\t\t\t\t\tCzwartek\n\t\t\t\t<\/p>\n<\/td>\n<td>\n<p>\n\t\t\t\t\t7.00\n\t\t\t\t<\/p>\n<\/td>\n<td>\n\t\t\t\t+Helena Szybka (of. siostrzeniec B\u0142a\u017cej z rodzin\u0105)\n\t\t\t<\/td>\n<\/tr>\n<tr>\n<td>\n<p>\n\t\t\t\t\t18.00\n\t\t\t\t<\/p>\n<\/td>\n<td>\n<p>\n\t\t\t\t\t1.+Eugeniusz Szybka w 9r.\u015bm. (of.\u017cona)\n\t\t\t\t<\/p>\n<p>\n\t\t\t\t\t2.+Stanis\u0142aw Mroczkowski w 13r.\u015bm.\n\t\t\t\t<\/p>\n<\/td>\n<\/tr>\n<tr>\n<td colspan=\"1\" rowspan=\"2\">\n<p>\n\t\t\t\t\tPi\u0105tek\n\t\t\t\t<\/p>\n<\/td>\n<td>\n<p>\n\t\t\t\t\t7.00\n\t\t\t\t<\/p>\n<\/td>\n<td>\n\t\t\t\t+J&oacute;zef Kwiatkowski (of. Edward i Leszek)\n\t\t\t<\/td>\n<\/tr>\n<tr>\n<td>\n<p>\n\t\t\t\t\t18.00\n\t\t\t\t<\/p>\n<\/td>\n<td>\n<p>\n\t\t\t\t\t+Anna Zubik w 2r.\u015bm\n\t\t\t\t<\/p>\n<\/td>\n<\/tr>\n<tr>\n<td colspan=\"1\" rowspan=\"3\">\n<p>\n\t\t\t\t\tSobota\n\t\t\t\t<\/p>\n<\/td>\n<td>\n<p>\n\t\t\t\t\t7.00\n\t\t\t\t<\/p>\n<\/td>\n<td>\n\t\t\t\t+Janina w 15r.\u015b. i +Antoni\n\t\t\t<\/td>\n<\/tr>\n<tr>\n<td>\n\t\t\t\t10.00\n\t\t\t<\/td>\n<td>\n\t\t\t\tW intencji stra\u017cak&oacute;w\n\t\t\t<\/td>\n<\/tr>\n<tr>\n<td>\n<p>\n\t\t\t\t\t20.00\n\t\t\t\t<\/p>\n<\/td>\n<td>\n\t\t\t\t+Czes\u0142awa Czapli\u0144ska w 2r.\u015bm\n\t\t\t<\/td>\n<\/tr>\n<tr>\n<td colspan=\"1\" rowspan=\"4\">\n<p>\n\t\t\t\t\tNiedziela\n\t\t\t\t<\/p>\n<\/td>\n<td>\n<p>\n\t\t\t\t\t7.30\n\t\t\t\t<\/p>\n<\/td>\n<td>\n\t\t\t\t+Stanis\u0142awa Pelczarska w 1r.\u015bm.\n\t\t\t<\/td>\n<\/tr>\n<tr>\n<td>\n<p>\n\t\t\t\t\t9.15\n\t\t\t\t<\/p>\n<\/td>\n<td>\n\t\t\t\t+Irena Suwa\u0142a (of. mama i siostry)\n\t\t\t<\/td>\n<\/tr>\n<tr>\n<td>\n<p>\n\t\t\t\t\t11.00\n\t\t\t\t<\/p>\n<\/td>\n<td>\n\t\t\t\tW intencji parafian\n\t\t\t<\/td>\n<\/tr>\n<tr>\n<td>\n<p>\n\t\t\t\t\t16.30\n\t\t\t\t<\/p>\n<\/td>\n<td>\n<p>\n\t\t\t\t\t+Zbigniew Sza\u0142ankiewicz\n\t\t\t\t<\/p>\n<\/td>\n<\/tr>\n<\/tbody>\n<\/table>\n","protected":false},"excerpt":{"rendered":"<p>W najbli\u017cszym tygodniu zostan\u0105 odprawione nast\u0119puj\u0105ce intencje mszalne:<span class=\"more-link\"><a href=\"https:\/\/parafiabesko.pl\/?p=2389\">Czytaj wi\u0119cej<\/a><\/span><\/p>\n","protected":false},"author":1,"featured_media":2349,"comment_status":"closed","ping_status":"open","sticky":false,"template":"","format":"standard","meta":{"footnotes":""},"categories":[7],"tags":[],"class_list":["entry","author-adminparafiibesko","has-more-link","post-2389","post","type-post","status-publish","format-standard","has-post-thumbnail","category-ogloszenia-parafialne"],"_links":{"self":[{"href":"https:\/\/parafiabesko.pl\/index.php?rest_route=\/wp\/v2\/posts\/2389","targetHints":{"allow":["GET"]}}],"collection":[{"href":"https:\/\/parafiabesko.pl\/index.php?rest_route=\/wp\/v2\/posts"}],"about":[{"href":"https:\/\/parafiabesko.pl\/index.php?rest_route=\/wp\/v2\/types\/post"}],"author":[{"embeddable":true,"href":"https:\/\/parafiabesko.pl\/index.php?rest_route=\/wp\/v2\/users\/1"}],"replies":[{"embeddable":true,"href":"https:\/\/parafiabesko.pl\/index.php?rest_route=%2Fwp%2Fv2%2Fcomments&post=2389"}],"version-history":[{"count":0,"href":"https:\/\/parafiabesko.pl\/index.php?rest_route=\/wp\/v2\/posts\/2389\/revisions"}],"wp:featuredmedia":[{"embeddable":true,"href":"https:\/\/parafiabesko.pl\/index.php?rest_route=\/"}],"wp:attachment":[{"href":"https:\/\/parafiabesko.pl\/index.php?rest_route=%2Fwp%2Fv2%2Fmedia&parent=2389"}],"wp:term":[{"taxonomy":"category","embeddable":true,"href":"https:\/\/parafiabesko.pl\/index.php?rest_route=%2Fwp%2Fv2%2Fcategories&post=2389"},{"taxonomy":"post_tag","embeddable":true,"href":"https:\/\/parafiabesko.pl\/index.php?rest_route=%2Fwp%2Fv2%2Ftags&post=2389"}],"curies":[{"name":"wp","href":"https:\/\/api.w.org\/{rel}","templated":true}]}}