{"id":2382,"date":"2014-04-21T10:22:38","date_gmt":"2014-04-21T10:22:38","guid":{"rendered":"http:\/\/parafiabesko.pl\/?p=2382"},"modified":"2014-04-21T10:22:38","modified_gmt":"2014-04-21T10:22:38","slug":"ogloszenia-20-04-2014","status":"publish","type":"post","link":"https:\/\/parafiabesko.pl\/?p=2382","title":{"rendered":"Og\u0142oszenia 20.04.2014"},"content":{"rendered":"<p style=\"text-align: justify;\">\n\t1. <u>WIELKANOC<\/u> &#8211; <strong>Rezurekcja <\/strong>o godz. 6.00. Pozosta\u0142e Msze \u015bw. w Besku: 9.15, 11.00, 16.00&nbsp; bez Nieszpor&oacute;w. &nbsp;<strong>Msza \u015bw. z procesj\u0105 w Mymoniu i w Por\u0119bach <\/strong>o godz. 9.00<strong>. <\/strong>\n<\/p>\n<p><!--more--><\/p>\n<p style=\"text-align: justify;\">\n\t2. &nbsp;Dzisiaj rozpoczynamy oktaw\u0119 Wielkanocy &ndash; Bia\u0142y Tydzie\u0144, kt&oacute;ry przed\u0142u\u017ca \u015bwi\u0119towania Zmartwychwstania Pana Jezusa, dlatego w najbli\u017cszy pi\u0105tek nie obowi\u0105zuje wstrzemi\u0119\u017aliwo\u015b\u0107 od pokarm&oacute;w mi\u0119snych.\n<\/p>\n<p style=\"text-align: justify;\">\n\t<span style=\"line-height: 1.6em;\">3. Jutro <\/span><strong style=\"line-height: 1.6em;\"><u>Poniedzia\u0142ek Wielkanocny<\/u>.<\/strong><span style=\"line-height: 1.6em;\"> Porz\u0105dek Mszy \u015bwi\u0119tej w Besku: 7.30, 9.15, 11.00 i 16.00 bez Nieszpor&oacute;w. W ko\u015bcio\u0142ach filialnych w Mymoniu 8.30, w Por\u0119bach 10.00. Taca Przeznaczona na Seminarium Duchowne w Przemy\u015blu.<\/span>\n<\/p>\n<p style=\"text-align: justify;\">\n\t4. &nbsp;Sk\u0142adamy serdeczne podzi\u0119kowania za przygotowanie liturgii Wielkiego Tygodnia i \u015bwi\u0105tyni na \u015bwi\u0119ta: ksi\u0119\u017com wikariuszom, panu ko\u015bcielnemu, siostrom zakonnym za przygotowanie wystroju Ciemnicy i Grobu Pa\u0144skiego, panu organi\u015bcie, kantorom \u015bpiewaj\u0105cym M\u0119k\u0119 Pa\u0144sk\u0105 w Wielki Pi\u0105tek, cz\u0142onkom Akcji Katolickiej, ministrantom lektorom, scholii, parafiankom sprz\u0105taj\u0105cym ko\u015bci&oacute;\u0142, stra\u017cakom i pracownikom Zak\u0142adu Energetycznego w Besku za odczyszczenie \u015bcian \u015bwi\u0105tyni, stra\u017cakom wzorow\u0105 s\u0142u\u017cb\u0119 przy Grobie Pa\u0144skim, Policji i stra\u017cakom za zapewnienie bezpiecze\u0144stwa w czasie Parafialnej Drogi Krzy\u017cowej w Wielki Pi\u0105tek, orkiestrze OSP w Besku za u\u015bwietnienie Rezurekcji, r&oacute;\u017com r&oacute;\u017ca\u0144cowym, dzieciom, m\u0142odzie\u017cy za udzia\u0142 w adoracji i wszystkim kt&oacute;rzy w jakikolwiek spos&oacute;b swoim talentem i prac\u0105 przyczynili si\u0119 do godnego prze\u017cycia tych \u015bwi\u0119tych dni. B&oacute;g zap\u0142a\u0107!\n<\/p>\n<p style=\"text-align: justify;\">\n\t<span style=\"line-height: 1.6em;\">5. &nbsp;&nbsp;We wtorek o godzinie 18.00 Nabo\u017ce\u0144stwo do Bo\u017cego Mi\u0142osierdzia.<\/span>\n<\/p>\n<p style=\"text-align: justify;\">\n\t<span style=\"line-height: 1.6em;\">6. &nbsp;&nbsp;We &nbsp;\u015brod\u0119 o godzinie 18.00 Nowenna do Matki Bo\u017cej Nieustaj\u0105cej Pomocy.<\/span>\n<\/p>\n<p style=\"text-align: justify;\">\n\t<span style=\"line-height: 1.6em;\">7. W sobot\u0119 &nbsp;w ko\u015bciele parafialnym w Besku przy relikwiach b\u0142ogos\u0142awionego Jana Paw\u0142a II o godzinie 20.00 rozpocznie si\u0119 czuwanie modlitewne przed kanonizacj\u0105 Jana Paw\u0142a II. O godzinie 21.37 zostanie odprawiona Msza \u015bwi\u0119ta. Zapraszamy Parafian na wsp&oacute;ln\u0105 modlitw\u0119.<\/span>\n<\/p>\n<p style=\"text-align: justify;\">\n\t&nbsp;8. W przysz\u0142\u0105 niedziel\u0119 &ndash; <strong>Niedziela Mi\u0142osierdzia Bo\u017cego<\/strong> &ndash; &nbsp;w tym dniu jest wa\u017cna uroczysto\u015b\u0107 dla naszej wiary, a mianowicie Kanonizacja Papie\u017ca Jana Paw\u0142a II&nbsp; i Papie\u017ca Jana XXIII. Bezpo\u015brednia transmisja &nbsp;z Watykanu w telewizji Mszy \u015bw. kanonizacyjnej rozpocznie si\u0119 o godzinie 10.00. Wyniesienie do chwa\u0142y o\u0142tarzy Papie\u017ca Polaka to moment, wa\u017cny w historii Polski i Ko\u015bcio\u0142a. Zach\u0119camy Parafian od ogl\u0105dania w telewizji tego wa\u017cnego wydarzenia &nbsp;W Besku Msze \u015bwi\u0119te odprawione b\u0119d\u0105: 7.30, 9.15. suma o godzinie 11.00 a po po\u0142udniu o godzinie 16.15 Koronka do Bo\u017cego Mi\u0142osierdzia i Msza \u015bwi\u0119ta. <strong>Odpust w Mymoniu&nbsp; o godzinie 12.00<\/strong>. Msza \u015bwi\u0119ta w Por\u0119bach b\u0119dzie odprawiona o godzinie 10.00.&nbsp;<\/p>\n","protected":false},"excerpt":{"rendered":"<p>1. WIELKANOC &#8211; Rezurekcja o godz. 6.00. Pozosta\u0142e Msze \u015bw. w Besku: 9.15, 11.00, 16.00&nbsp; bez Nieszpor&oacute;w. &nbsp;Msza \u015bw. z procesj\u0105 w Mymoniu i w Por\u0119bach o godz. 9.00.<span class=\"more-link\"><a href=\"https:\/\/parafiabesko.pl\/?p=2382\">Czytaj wi\u0119cej<\/a><\/span><\/p>\n","protected":false},"author":1,"featured_media":2350,"comment_status":"closed","ping_status":"open","sticky":false,"template":"","format":"standard","meta":{"footnotes":""},"categories":[7],"tags":[],"class_list":["entry","author-adminparafiibesko","has-more-link","post-2382","post","type-post","status-publish","format-standard","has-post-thumbnail","category-ogloszenia-parafialne"],"_links":{"self":[{"href":"https:\/\/parafiabesko.pl\/index.php?rest_route=\/wp\/v2\/posts\/2382","targetHints":{"allow":["GET"]}}],"collection":[{"href":"https:\/\/parafiabesko.pl\/index.php?rest_route=\/wp\/v2\/posts"}],"about":[{"href":"https:\/\/parafiabesko.pl\/index.php?rest_route=\/wp\/v2\/types\/post"}],"author":[{"embeddable":true,"href":"https:\/\/parafiabesko.pl\/index.php?rest_route=\/wp\/v2\/users\/1"}],"replies":[{"embeddable":true,"href":"https:\/\/parafiabesko.pl\/index.php?rest_route=%2Fwp%2Fv2%2Fcomments&post=2382"}],"version-history":[{"count":0,"href":"https:\/\/parafiabesko.pl\/index.php?rest_route=\/wp\/v2\/posts\/2382\/revisions"}],"wp:featuredmedia":[{"embeddable":true,"href":"https:\/\/parafiabesko.pl\/index.php?rest_route=\/"}],"wp:attachment":[{"href":"https:\/\/parafiabesko.pl\/index.php?rest_route=%2Fwp%2Fv2%2Fmedia&parent=2382"}],"wp:term":[{"taxonomy":"category","embeddable":true,"href":"https:\/\/parafiabesko.pl\/index.php?rest_route=%2Fwp%2Fv2%2Fcategories&post=2382"},{"taxonomy":"post_tag","embeddable":true,"href":"https:\/\/parafiabesko.pl\/index.php?rest_route=%2Fwp%2Fv2%2Ftags&post=2382"}],"curies":[{"name":"wp","href":"https:\/\/api.w.org\/{rel}","templated":true}]}}