{"id":2370,"date":"2014-04-13T11:22:46","date_gmt":"2014-04-13T11:22:46","guid":{"rendered":"http:\/\/parafiabesko.pl\/?p=2370"},"modified":"2014-04-13T11:22:46","modified_gmt":"2014-04-13T11:22:46","slug":"intencje-mszalne-14-04-2014-21-04-2014","status":"publish","type":"post","link":"https:\/\/parafiabesko.pl\/?p=2370","title":{"rendered":"Intencje mszalne 14.04.2014-21.04.2014"},"content":{"rendered":"<p style=\"font-size: 13px;\">\n\tW najbli\u017cszym tygodniu zostan\u0105 odprawione nast\u0119puj\u0105ce intencje mszalne:\n<\/p>\n<p style=\"font-size: 13px;\">\n\t<!--more-->\n<\/p>\n<table border=\"1\" cellpadding=\"1\" cellspacing=\"1\" style=\"font-size: 13px;\">\n<tbody>\n<tr>\n<td>\n<p>\n\t\t\t\t\tDzie\u0144 tygodnia\n\t\t\t\t<\/p>\n<\/td>\n<td>\n<p>\n\t\t\t\t\tgodzina\n\t\t\t\t<\/p>\n<\/td>\n<td>\n<p>\n\t\t\t\t\t&nbsp;\n\t\t\t\t<\/p>\n<\/td>\n<\/tr>\n<tr>\n<td colspan=\"1\" rowspan=\"2\">\n<p>\n\t\t\t\t\tPoniedzia\u0142ek\n\t\t\t\t<\/p>\n<\/td>\n<td>\n<p>\n\t\t\t\t\t7.00\n\t\t\t\t<\/p>\n<\/td>\n<td>\n<p>\n\t\t\t\t\t1.++ z rodziny J\u0119drych&oacute;w\n\t\t\t\t<\/p>\n<p>\n\t\t\t\t\t2.+Jan, J&oacute;zefa i Stefan oraz Maria Kielar i Robert Folta\n\t\t\t\t<\/p>\n<p>\t\t\t\t3.+Krystyna Bolanowska <em>(of. od s\u0105siad&oacute;w c&oacute;rki)<\/em>\n\t\t\t<\/td>\n<\/tr>\n<tr>\n<td>\n<p>\n\t\t\t\t\t18.00\n\t\t\t\t<\/p>\n<\/td>\n<td>\n<p>\n\t\t\t\t\t&nbsp;\n\t\t\t\t<\/p>\n<\/td>\n<\/tr>\n<tr>\n<td colspan=\"1\" rowspan=\"2\">\n<p>\n\t\t\t\t\tWtorek\n\t\t\t\t<\/p>\n<\/td>\n<td>\n<p>\n\t\t\t\t\t7.00\n\t\t\t\t<\/p>\n<\/td>\n<td>\n<p>\n\t\t\t\t\t1.+Maria Kielar <em>(of. koledzy syna z pracy)<\/em>\n\t\t\t\t<\/p>\n<p>\n\t\t\t\t\t2.+J&oacute;zef Rybicki\n\t\t\t\t<\/p>\n<p>\t\t\t\t3.+Stanis\u0142aw Tele\u017cy\u0144ski\n\t\t\t<\/td>\n<\/tr>\n<tr>\n<td>\n<p>\n\t\t\t\t\t18.00\n\t\t\t\t<\/p>\n<\/td>\n<td>\n<p>\n\t\t\t\t\t&nbsp;\n\t\t\t\t<\/p>\n<\/td>\n<\/tr>\n<tr>\n<td colspan=\"1\" rowspan=\"2\">\n<p>\n\t\t\t\t\t\u015aroda\n\t\t\t\t<\/p>\n<\/td>\n<td>\n<p>\n\t\t\t\t\t7.00\n\t\t\t\t<\/p>\n<\/td>\n<td>\n<p>\n\t\t\t\t\t1.+Bronis\u0142awa, Franciszek Sza\u0142ankiewicz\n\t\t\t\t<\/p>\n<p>\n\t\t\t\t\t2.+Zofia, Stanis\u0142aw, Kazimiera i Janina\n\t\t\t\t<\/p>\n<p>\n\t\t\t\t\t3.+Maksymilian Saczewski w 10r.\u015bm i Janina\n\t\t\t\t<\/p>\n<\/td>\n<\/tr>\n<tr>\n<td>\n<p>\n\t\t\t\t\t18.00\n\t\t\t\t<\/p>\n<\/td>\n<td>\n\t\t\t\t&nbsp;\n\t\t\t<\/td>\n<\/tr>\n<tr>\n<td colspan=\"1\" rowspan=\"2\">\n<p>\n\t\t\t\t\tCzwartek\n\t\t\t\t<\/p>\n<\/td>\n<td>\n<p>\n\t\t\t\t\t7.00\n\t\t\t\t<\/p>\n<\/td>\n<td>\n<p>\n\t\t\t\t\t&nbsp;\n\t\t\t\t<\/p>\n<\/td>\n<\/tr>\n<tr>\n<td>\n<p>\n\t\t\t\t\t18.00\n\t\t\t\t<\/p>\n<\/td>\n<td>\n<p style=\"font-size: 13px;\">\n\t\t\t\t\t1.+Barbara Skubel w 5r.\u015bm i +J&oacute;zef Skubel\n\t\t\t\t<\/p>\n<p style=\"font-size: 13px;\">\n\t\t\t\t\t2.+Franciszek, Maria i zmarli z rodziny\n\t\t\t\t<\/p>\n<p style=\"font-size: 13px;\">\n\t\t\t\t\t3.+\u0141ukasz Nowak\n\t\t\t\t<\/p>\n<\/td>\n<\/tr>\n<tr>\n<td colspan=\"1\" rowspan=\"2\">\n<p>\n\t\t\t\t\tPi\u0105tek\n\t\t\t\t<\/p>\n<\/td>\n<td>\n<p>\n\t\t\t\t\t7.00\n\t\t\t\t<\/p>\n<\/td>\n<td>\n<p>\n\t\t\t\t\t&nbsp;\n\t\t\t\t<\/p>\n<\/td>\n<\/tr>\n<tr>\n<td>\n<p>\n\t\t\t\t\t19.00\n\t\t\t\t<\/p>\n<\/td>\n<td>\n\t\t\t\t<strong>Liturgia ku czci M\u0119ki Pa\u0144skiej<\/strong>\n\t\t\t<\/td>\n<\/tr>\n<tr>\n<td colspan=\"1\" rowspan=\"2\">\n<p>\n\t\t\t\t\tSobota\n\t\t\t\t<\/p>\n<\/td>\n<td>\n<p>\n\t\t\t\t\t7.00\n\t\t\t\t<\/p>\n<\/td>\n<td>\n<p>\n\t\t\t\t\t&nbsp;\n\t\t\t\t<\/p>\n<\/td>\n<\/tr>\n<tr>\n<td>\n<p>\n\t\t\t\t\t19.00\n\t\t\t\t<\/p>\n<\/td>\n<td>\n<p>\n\t\t\t\t\t1.+Zofia i Grzegorz Kielar <em>(of. wnuki)<\/em>\n\t\t\t\t<\/p>\n<p>\n\t\t\t\t\t2.+Micha\u0142 Fedio i Ryszard Kowal\n\t\t\t\t<\/p>\n<p>\t\t\t\t3.+Antoni i Stanis\u0142aw Mikosz\n\t\t\t<\/td>\n<\/tr>\n<tr>\n<td colspan=\"1\" rowspan=\"4\">\n<p>\n\t\t\t\t\tNiedziela\n\t\t\t\t<\/p>\n<\/td>\n<td>\n<p>\n\t\t\t\t\t6.00\n\t\t\t\t<\/p>\n<\/td>\n<td>\n\t\t\t\tW intencji parafian\n\t\t\t<\/td>\n<\/tr>\n<tr>\n<td>\n<p>\n\t\t\t\t\t9.15\n\t\t\t\t<\/p>\n<\/td>\n<td>\n\t\t\t\t+Kazimierz Folcik w 1r.\u015bm.\n\t\t\t<\/td>\n<\/tr>\n<tr>\n<td>\n<p>\n\t\t\t\t\t11.00\n\t\t\t\t<\/p>\n<\/td>\n<td>\n<p>\n\t\t\t\t\t+Boles\u0142aw i Stanis\u0142aw Kornasiewicz i +Czes\u0142awa&nbsp;Czapli\u0144ska\n\t\t\t\t<\/p>\n<\/td>\n<\/tr>\n<tr>\n<td>\n<p>\n\t\t\t\t\t16.00\n\t\t\t\t<\/p>\n<\/td>\n<td>\n<p>\n\t\t\t\t\t+Leszek Jaworek w 9r.\u015bm. <em>(of. \u017cona)<\/em>\n\t\t\t\t<\/p>\n<\/td>\n<\/tr>\n<tr>\n<td colspan=\"1\">\n\t\t\t\tPoniedzia\u0142ek\n\t\t\t<\/td>\n<td>\n\t\t\t\t7.30\n\t\t\t<\/td>\n<td>\n\t\t\t\tDzi\u0119kczynna w 50 r. \u015blubu Zdzis\u0142awa i Marii z pro\u015bb\u0105 o zdrowie, dalsze \u0142aski i Bo\u017ce b\u0142ogos\u0142awie\u0144stwo z dalszym \u017cyciu\n\t\t\t<\/td>\n<\/tr>\n<tr>\n<td colspan=\"1\">\n\t\t\t\t&nbsp;\n\t\t\t<\/td>\n<td>\n\t\t\t\t9.15\n\t\t\t<\/td>\n<td>\n\t\t\t\t+Stanis\u0142aw i Boles\u0142aw Kornasiewicz\n\t\t\t<\/td>\n<\/tr>\n<tr>\n<td colspan=\"1\">\n\t\t\t\t&nbsp;\n\t\t\t<\/td>\n<td>\n\t\t\t\t11.00\n\t\t\t<\/td>\n<td>\n\t\t\t\t+Ewelina Nowak w 14r.\u015bm.\n\t\t\t<\/td>\n<\/tr>\n<tr>\n<td colspan=\"1\">\n\t\t\t\t&nbsp;\n\t\t\t<\/td>\n<td>\n\t\t\t\t16.00\n\t\t\t<\/td>\n<td>\n\t\t\t\t++ z rodziny Migda\u0142&oacute;w i Zawojskich\n\t\t\t<\/td>\n<\/tr>\n<\/tbody>\n<\/table>\n","protected":false},"excerpt":{"rendered":"<p>W najbli\u017cszym tygodniu zostan\u0105 odprawione nast\u0119puj\u0105ce intencje mszalne:<span class=\"more-link\"><a href=\"https:\/\/parafiabesko.pl\/?p=2370\">Czytaj wi\u0119cej<\/a><\/span><\/p>\n","protected":false},"author":1,"featured_media":2349,"comment_status":"closed","ping_status":"open","sticky":false,"template":"","format":"standard","meta":{"footnotes":""},"categories":[7],"tags":[],"class_list":["entry","author-adminparafiibesko","has-more-link","post-2370","post","type-post","status-publish","format-standard","has-post-thumbnail","category-ogloszenia-parafialne"],"_links":{"self":[{"href":"https:\/\/parafiabesko.pl\/index.php?rest_route=\/wp\/v2\/posts\/2370","targetHints":{"allow":["GET"]}}],"collection":[{"href":"https:\/\/parafiabesko.pl\/index.php?rest_route=\/wp\/v2\/posts"}],"about":[{"href":"https:\/\/parafiabesko.pl\/index.php?rest_route=\/wp\/v2\/types\/post"}],"author":[{"embeddable":true,"href":"https:\/\/parafiabesko.pl\/index.php?rest_route=\/wp\/v2\/users\/1"}],"replies":[{"embeddable":true,"href":"https:\/\/parafiabesko.pl\/index.php?rest_route=%2Fwp%2Fv2%2Fcomments&post=2370"}],"version-history":[{"count":0,"href":"https:\/\/parafiabesko.pl\/index.php?rest_route=\/wp\/v2\/posts\/2370\/revisions"}],"wp:featuredmedia":[{"embeddable":true,"href":"https:\/\/parafiabesko.pl\/index.php?rest_route=\/"}],"wp:attachment":[{"href":"https:\/\/parafiabesko.pl\/index.php?rest_route=%2Fwp%2Fv2%2Fmedia&parent=2370"}],"wp:term":[{"taxonomy":"category","embeddable":true,"href":"https:\/\/parafiabesko.pl\/index.php?rest_route=%2Fwp%2Fv2%2Fcategories&post=2370"},{"taxonomy":"post_tag","embeddable":true,"href":"https:\/\/parafiabesko.pl\/index.php?rest_route=%2Fwp%2Fv2%2Ftags&post=2370"}],"curies":[{"name":"wp","href":"https:\/\/api.w.org\/{rel}","templated":true}]}}