{"id":2365,"date":"2014-04-13T11:14:53","date_gmt":"2014-04-13T11:14:53","guid":{"rendered":"http:\/\/parafiabesko.pl\/?p=2365"},"modified":"2014-04-13T11:14:53","modified_gmt":"2014-04-13T11:14:53","slug":"swiete-triduum-paschalne","status":"publish","type":"post","link":"https:\/\/parafiabesko.pl\/?p=2365","title":{"rendered":"\u015aWI\u0118TE TRIDUUM PASCHALNE"},"content":{"rendered":"<p style=\"text-align: justify;\">\n\t<strong>WIELKI CZWARTEK <\/strong>&#8211; Mszy \u015bw. rano nie b\u0119dzie. Zapraszamy Parafian o godz. 18.00 na Msz\u0119 \u015bw. Wieczerzy Pa\u0144skiej. Po zako\u0144czeniu Mszy \u015bw. przeniesienie Naj\u015bwi\u0119tszego Sakramentu do ciemnicy . W ten wiecz&oacute;r dzi\u0119kujemy Panu Jezusowi za ustanowienie Sakrament&oacute;w: Eucharystii i Kap\u0142a\u0144stwa. Adoracja trwa do godz.23.00.\n<\/p>\n<p style=\"text-align: justify;\">\n\t<strong><span style=\"line-height: 1.6em;\">WIELKI PI\u0104TEK<\/span><\/strong><span style=\"line-height: 1.6em;\"><strong> <\/strong>&#8211; dzie\u0144 M\u0119ki i \u015amierci Pana Jezusa. Obowi\u0105zuje post \u015bcis\u0142y ilo\u015bciowy i jako\u015bciowy. Adoracja Naj\u015bwi\u0119tszego Sakramentu od godz. 7.00. Porz\u0105dek adoracji wywieszony jest w przedsionku ko\u015bcio\u0142a i zamieszczony na stronie internetowej Parafii Besko. Prosimy, aby cz\u0142onkowie r&oacute;\u017c zapoznali si\u0119 z godzinami adoracji, a tak\u017ce dzieci Szko\u0142y Podstawowej i m\u0142odzie\u017c Gimnazjum w Besku, by w godzinach dla nich wyznaczonych wsp&oacute;lnie ca\u0142ymi klasami gromadzi\u0142y si\u0119 na swoj\u0105 adoracj\u0119. Rodzic&oacute;w prosimy o dopilnowanie dzieci i przypomnienie o adoracji.<\/span>\n<\/p>\n<p style=\"text-align: justify;\">\n\tNa godz. 15.00 w Wielki Pi\u0105tek zapraszamy na Parafialn\u0105 Drog\u0119 Krzy\u017cow\u0105 &#8211; trasa jak w poprzednie lata. Prosimy o powag\u0119, religijn\u0105 atmosfer\u0119 i ostro\u017cno\u015b\u0107 w czasie Drogi Krzy\u017cowej. Po powrocie na schodach nowego ko\u015bcio\u0142a uca\u0142owanie relikwii \u015bw.\n<\/p>\n<p style=\"text-align: justify;\">\n\tO godz. 19.00 w Wielki Pi\u0105tek rozpocznie si\u0119 w ko\u015bciele Liturgia Wielkiego Pi\u0105tku na kt&oacute;r\u0105 sk\u0142adaj\u0105 si\u0119: Liturgia s\u0142owa, Adoracja Krzy\u017ca i Komunia \u015bw. w tym dniu nie odprawia si\u0119 Mszy \u015bw. czcz\u0105c jedyn\u0105 Ofiar\u0119 Jezusa na krzy\u017cu. Po sko\u0144czeniu Liturgii Wielkiego Pi\u0105tku nast\u0105pi przeniesienie Naj\u015bwi\u0119tszego Sakramentu do grobu, nast\u0119pnie zostanie wystawiony krzy\u017c do prywatnej adoracji. Ofiary sk\u0142adane przy krzy\u017cu przeznaczone sana Bo\u017cy Gr&oacute;b w Jerozolimie. Adoracja trwa do godz. 23.00.\n<\/p>\n<p style=\"text-align: justify;\">\n\t<strong><span style=\"line-height: 1.6em;\">WIELKA SOBOTA<\/span><\/strong><span style=\"line-height: 1.6em;\"> &#8211; tradycyjnie zachowujemy post. Adoracja Naj\u015bwi\u0119tszego Sakramentu przy grobie od godz. 7.00 Porz\u0105dek adoracji wywieszony jest w przedsionku ko\u015bcio\u0142a. \u015awi\u0119cenie pokarm&oacute;w w Besku o godz. 10.00 i 12.00 w Mymoniu i w Por\u0119bach o godz.10.00.<\/span>\n<\/p>\n<p style=\"text-align: justify;\">\n\tO godz. 19.00 rozpocznie si\u0119 Liturgia Wielkiej Soboty na kt&oacute;r\u0105 sk\u0142adaj\u0105 si\u0119: Po\u015bwi\u0119cenie ognia, wody, odnowienie przyrzecze\u0144 chrztu \u015bw. i Uroczystej Mszy \u015bw. Wigilii Paschalnej. Na nabo\u017ce\u0144stwo w Wielk\u0105 Sobot\u0119 przynosimy \u015bwiece. Adoracja trwa do godz. 23.00.\n<\/p>\n<p style=\"text-align: justify;\">\n\t&nbsp;\n<\/p>\n<p style=\"text-align: justify;\">\n\tWIELKANOC &#8211; Rezurekcja o godz. 6.00 (procesja 3 razy wok&oacute;\u0142 ko\u015bcio\u0142a). Na procesj\u0119 zabieramy feretrony, chor\u0105gwie, obrazy po uprzednim przystrojeniu. Pozosta\u0142e Msze \u015bw. w Besku: 9.15; 11.00; 16.00&nbsp; bez Nieszpor&oacute;w. Msza \u015bw. z procesj\u0105 w Mymoniu i w Por\u0119bach o godz. 9.00.\n<\/p>\n<p>\n\t&nbsp;<\/p>\n","protected":false},"excerpt":{"rendered":"<p>WIELKI CZWARTEK &#8211; Mszy \u015bw. rano nie b\u0119dzie. Zapraszamy Parafian o godz. 18.00 na Msz\u0119 \u015bw. Wieczerzy Pa\u0144skiej. Po zako\u0144czeniu Mszy \u015bw. przeniesienie Naj\u015bwi\u0119tszego Sakramentu do ciemnicy . W ten wiecz&oacute;r dzi\u0119kujemy Panu Jezusowi za ustanowienie Sakrament&oacute;w: Eucharystii i Kap\u0142a\u0144stwa. Adoracja trwa do godz.23.00. WIELKI PI\u0104TEK &#8211; dzie\u0144 M\u0119ki i<span class=\"more-link\"><a href=\"https:\/\/parafiabesko.pl\/?p=2365\">Czytaj wi\u0119cej<\/a><\/span><\/p>\n","protected":false},"author":1,"featured_media":2350,"comment_status":"closed","ping_status":"open","sticky":false,"template":"","format":"standard","meta":{"footnotes":""},"categories":[7],"tags":[],"class_list":["entry","author-adminparafiibesko","post-2365","post","type-post","status-publish","format-standard","has-post-thumbnail","category-ogloszenia-parafialne"],"_links":{"self":[{"href":"https:\/\/parafiabesko.pl\/index.php?rest_route=\/wp\/v2\/posts\/2365","targetHints":{"allow":["GET"]}}],"collection":[{"href":"https:\/\/parafiabesko.pl\/index.php?rest_route=\/wp\/v2\/posts"}],"about":[{"href":"https:\/\/parafiabesko.pl\/index.php?rest_route=\/wp\/v2\/types\/post"}],"author":[{"embeddable":true,"href":"https:\/\/parafiabesko.pl\/index.php?rest_route=\/wp\/v2\/users\/1"}],"replies":[{"embeddable":true,"href":"https:\/\/parafiabesko.pl\/index.php?rest_route=%2Fwp%2Fv2%2Fcomments&post=2365"}],"version-history":[{"count":0,"href":"https:\/\/parafiabesko.pl\/index.php?rest_route=\/wp\/v2\/posts\/2365\/revisions"}],"wp:featuredmedia":[{"embeddable":true,"href":"https:\/\/parafiabesko.pl\/index.php?rest_route=\/"}],"wp:attachment":[{"href":"https:\/\/parafiabesko.pl\/index.php?rest_route=%2Fwp%2Fv2%2Fmedia&parent=2365"}],"wp:term":[{"taxonomy":"category","embeddable":true,"href":"https:\/\/parafiabesko.pl\/index.php?rest_route=%2Fwp%2Fv2%2Fcategories&post=2365"},{"taxonomy":"post_tag","embeddable":true,"href":"https:\/\/parafiabesko.pl\/index.php?rest_route=%2Fwp%2Fv2%2Ftags&post=2365"}],"curies":[{"name":"wp","href":"https:\/\/api.w.org\/{rel}","templated":true}]}}