{"id":2357,"date":"2014-04-06T05:29:33","date_gmt":"2014-04-06T05:29:33","guid":{"rendered":"http:\/\/parafiabesko.pl\/?p=2357"},"modified":"2014-04-06T05:29:33","modified_gmt":"2014-04-06T05:29:33","slug":"ogloszenia-6-04-2014","status":"publish","type":"post","link":"https:\/\/parafiabesko.pl\/?p=2357","title":{"rendered":"Og\u0142oszenia 6.04.2014"},"content":{"rendered":"<p style=\"text-align: justify;\">\n\t1. Po Mszach \u015bwi\u0119tych mo\u017cna naby\u0107 \u015bwiece paschaliki i baranki wielkanocne przygotowane przez Caritas. Wielkanocne Dzie\u0142o Pomocy Chorym i Niepe\u0142nosprawnym.&nbsp; Caritas rozprowadza paschaliki i baranki wielkanocne na st&oacute;\u0142 \u015bwi\u0105teczny. Ofiary 7z\u0142 paschalik &nbsp;i 5z\u0142 baranek wielkanocny.&nbsp; R&oacute;wnocze\u015bnie Caritas dzi\u0119kuje za przekazanie 1% podatku na rzecz Stowarzyszenia Caritas.\n<\/p>\n<p>\n\t<!--more-->\n<\/p>\n<p style=\"text-align: justify;\">\n\t2. Od pi\u0105tku w Parafii Besko trwaj\u0105 Wielkopostne Rekolekcje Parafialne.\n<\/p>\n<p style=\"text-align: justify;\">\n\tRekolekcje Wielkopostne w tym roku w naszej Parafii g\u0142osi ojciec Miros\u0142aw Chmielewski &ndash; redemptorysta.\n<\/p>\n<p style=\"text-align: justify;\">\n\t3.&nbsp; Dzisiaj po Mszach \u015bwi\u0119tych zg\u0142aszanie chorych do spowiedzi i komunii \u015bwi\u0119tej na \u015bwi\u0119ta. Chorych b\u0119dziemy odwiedza\u0107 jutro tj. w poniedzia\u0142ek.\n<\/p>\n<p style=\"text-align: justify;\">\n\t4. Taca z dzisiejszej niedzieli przeznaczona jest na Seminarium Duchowne w Przemy\u015blu.\n<\/p>\n<p style=\"text-align: justify;\">\n\t5. Dzisiaj po Mszach \u015bwi\u0119tych w kancelarii parafialnej zg\u0142aszanie dzieci do chrztu \u015bwi\u0119tego na dwa terminy, na przysz\u0142\u0105 niedziel\u0119 i na Poniedzia\u0142ek Wielkanocny. Konferencja dla rodzic&oacute;w chrzestnych w najbli\u017cszy wtorek o godzinie 17.00.\n<\/p>\n<p style=\"text-align: justify;\">\n\t6. W przysz\u0142\u0105 niedziel\u0119 na Gorzkich \u017calach adoruje r&oacute;\u017ca Kuzian Heleny.\n<\/p>\n<p style=\"text-align: justify;\">\n\t7. We wtorek&nbsp; o godzinie 18.00 Nabo\u017ce\u0144stwo do Bo\u017cego Mi\u0142osierdzia.\n<\/p>\n<p style=\"text-align: justify;\">\n\t8. Od najbli\u017cszej \u015brody ze wzgl\u0119du na spowied\u017a wielkanocn\u0105 w naszym dekanacie Msza \u015bwi\u0119ta b\u0119dzie tylko rano o godzinie 7.00. Mszy \u015bwi\u0119tej wieczornej nie b\u0119dzie. Kancelaria parafialna czynna b\u0119dzie tylko po porannej Mszy \u015bwi\u0119tej.\n<\/p>\n<p style=\"text-align: justify;\">\n\t9.&nbsp; W pi\u0105tek Nabo\u017ce\u0144stwo Drogi krzy\u017cowej rano po Mszy \u015bwi\u0119tej o godzinie 7.00,&nbsp; po po\u0142udniu o godzinie 18.00. Zach\u0119camy dzieci m\u0142odzie\u017c i starszych od udzia\u0142u w rozwa\u017caniu M\u0119ki Pa\u0144skiej. Za odprawienie Drogi krzy\u017cowej mo\u017cna zyska\u0107 odpust zupe\u0142ny pod zwyk\u0142ymi warunkami. W ko\u015bcio\u0142ach filialnych Nabo\u017ce\u0144stwo Drogi krzy\u017cowej, o godzinie 17.00, a w Por\u0119bach o godzinie 17.00.\n<\/p>\n<p style=\"text-align: justify;\">\n\t10. &nbsp;Spowied\u017a przed \u015bwi\u0119tami w naszej Parafii&nbsp; b\u0119dzie 12 kwietnia 2014 roku&nbsp; w najbli\u017csz\u0105 sobot\u0119 przed Niedziel\u0105 Palmow\u0105 i tak w Besku od godziny 9.30 do 12.00 i od 14.30 do 17.00. W Ko\u015bciele filialnym w Por\u0119bach spowied\u017a od 9.30 i odwiedzenie chorych. W ko\u015bciele filialnym w Mymoniu spowied\u017a od 14.30 i odwiedzanie chorych. Prosimy Parafian, aby w tym dniu skorzystali ze spowiedzi, gdy\u017c w p&oacute;\u017aniejszym czasie okazji do spowiedzi b\u0119dzie niewiele.\n<\/p>\n<p style=\"text-align: justify;\">\n\t11. W najbli\u017csz\u0105 niedziel\u0119 Niedziela Palmowa na sumie po\u015bwi\u0119cenie palm i procesja wok&oacute;\u0142 ko\u015bcio\u0142a. Prosimy, aby dzieci szkolne jak w lata ubieg\u0142e z pomoc\u0105 rodzic&oacute;w i nauczycieli przygotowa\u0142y pi\u0119kne palmy na t\u0119 uroczysto\u015b\u0107.<\/p>\n","protected":false},"excerpt":{"rendered":"<p>1. Po Mszach \u015bwi\u0119tych mo\u017cna naby\u0107 \u015bwiece paschaliki i baranki wielkanocne przygotowane przez Caritas. Wielkanocne Dzie\u0142o Pomocy Chorym i Niepe\u0142nosprawnym.&nbsp; Caritas rozprowadza paschaliki i baranki wielkanocne na st&oacute;\u0142 \u015bwi\u0105teczny. Ofiary 7z\u0142 paschalik &nbsp;i 5z\u0142 baranek wielkanocny.&nbsp; R&oacute;wnocze\u015bnie Caritas dzi\u0119kuje za przekazanie 1% podatku na rzecz Stowarzyszenia Caritas.<span class=\"more-link\"><a href=\"https:\/\/parafiabesko.pl\/?p=2357\">Czytaj wi\u0119cej<\/a><\/span><\/p>\n","protected":false},"author":1,"featured_media":2350,"comment_status":"closed","ping_status":"open","sticky":false,"template":"","format":"standard","meta":{"footnotes":""},"categories":[7],"tags":[],"class_list":["entry","author-adminparafiibesko","has-more-link","post-2357","post","type-post","status-publish","format-standard","has-post-thumbnail","category-ogloszenia-parafialne"],"_links":{"self":[{"href":"https:\/\/parafiabesko.pl\/index.php?rest_route=\/wp\/v2\/posts\/2357","targetHints":{"allow":["GET"]}}],"collection":[{"href":"https:\/\/parafiabesko.pl\/index.php?rest_route=\/wp\/v2\/posts"}],"about":[{"href":"https:\/\/parafiabesko.pl\/index.php?rest_route=\/wp\/v2\/types\/post"}],"author":[{"embeddable":true,"href":"https:\/\/parafiabesko.pl\/index.php?rest_route=\/wp\/v2\/users\/1"}],"replies":[{"embeddable":true,"href":"https:\/\/parafiabesko.pl\/index.php?rest_route=%2Fwp%2Fv2%2Fcomments&post=2357"}],"version-history":[{"count":0,"href":"https:\/\/parafiabesko.pl\/index.php?rest_route=\/wp\/v2\/posts\/2357\/revisions"}],"wp:featuredmedia":[{"embeddable":true,"href":"https:\/\/parafiabesko.pl\/index.php?rest_route=\/"}],"wp:attachment":[{"href":"https:\/\/parafiabesko.pl\/index.php?rest_route=%2Fwp%2Fv2%2Fmedia&parent=2357"}],"wp:term":[{"taxonomy":"category","embeddable":true,"href":"https:\/\/parafiabesko.pl\/index.php?rest_route=%2Fwp%2Fv2%2Fcategories&post=2357"},{"taxonomy":"post_tag","embeddable":true,"href":"https:\/\/parafiabesko.pl\/index.php?rest_route=%2Fwp%2Fv2%2Ftags&post=2357"}],"curies":[{"name":"wp","href":"https:\/\/api.w.org\/{rel}","templated":true}]}}