{"id":2351,"date":"2014-04-06T07:52:23","date_gmt":"2014-04-06T07:52:23","guid":{"rendered":"http:\/\/parafiabesko.pl\/?p=2351"},"modified":"2014-04-06T07:52:23","modified_gmt":"2014-04-06T07:52:23","slug":"intencje-mszalne-7-04-2014-13-04-2014","status":"publish","type":"post","link":"https:\/\/parafiabesko.pl\/?p=2351","title":{"rendered":"Intencje mszalne 7.04.2014-13.04.2014"},"content":{"rendered":"<p>\n\tW najbli\u017cszym tygodniu zostan\u0105 odprawione nast\u0119puj\u0105ce intencje mszalne:\n<\/p>\n<p>\n\t<!--more-->\n<\/p>\n<table border=\"1\" cellpadding=\"1\" cellspacing=\"1\">\n<tbody>\n<tr>\n<td>\n<p>\n\t\t\t\t\tDzie\u0144 tygodnia\n\t\t\t\t<\/p>\n<\/td>\n<td>\n<p>\n\t\t\t\t\tgodzina\n\t\t\t\t<\/p>\n<\/td>\n<td>\n<p>\n\t\t\t\t\t&nbsp;\n\t\t\t\t<\/p>\n<\/td>\n<\/tr>\n<tr>\n<td colspan=\"1\" rowspan=\"2\">\n<p>\n\t\t\t\t\tPoniedzia\u0142ek\n\t\t\t\t<\/p>\n<\/td>\n<td>\n<p>\n\t\t\t\t\t9.00\n\t\t\t\t<\/p>\n<\/td>\n<td>\n\t\t\t\t+J&oacute;zefa, Jan, Stefan Tele\u017cy\u0144ski\n\t\t\t<\/td>\n<\/tr>\n<tr>\n<td>\n<p>\n\t\t\t\t\t18.00\n\t\t\t\t<\/p>\n<\/td>\n<td>\n<p>\n\t\t\t\t\t1.+Stefania \u015amietana, Aniela, Franciszek Nycz\n\t\t\t\t<\/p>\n<p>\n\t\t\t\t\t2.+J&oacute;zef i zmarli z rodziny (of. od kolegi Janka z rodzin\u0105)\n\t\t\t\t<\/p>\n<\/td>\n<\/tr>\n<tr>\n<td colspan=\"1\" rowspan=\"2\">\n<p>\n\t\t\t\t\tWtorek\n\t\t\t\t<\/p>\n<\/td>\n<td>\n<p>\n\t\t\t\t\t7.00\n\t\t\t\t<\/p>\n<\/td>\n<td>\n\t\t\t\t+Maria Kielar (of. syn z rodzin\u0105)\n\t\t\t<\/td>\n<\/tr>\n<tr>\n<td>\n<p>\n\t\t\t\t\t18.00\n\t\t\t\t<\/p>\n<\/td>\n<td>\n<p>\n\t\t\t\t\t1.+Maria w 2r.\u015bm i Ignacy Kmak\n\t\t\t\t<\/p>\n<p>\n\t\t\t\t\t2.+\u0141ukasz Nowak\n\t\t\t\t<\/p>\n<\/td>\n<\/tr>\n<tr>\n<td colspan=\"1\" rowspan=\"2\">\n<p>\n\t\t\t\t\t\u015aroda\n\t\t\t\t<\/p>\n<\/td>\n<td>\n<p>\n\t\t\t\t\t7.00\n\t\t\t\t<\/p>\n<\/td>\n<td>\n<p>\n\t\t\t\t\t1.+Maria Kielar (of. koledzy syna z pracy)\n\t\t\t\t<\/p>\n<p>\n\t\t\t\t\t2.+Maria Zaj\u0105czkowska w 5r.\u015bm i Edward\n\t\t\t\t<\/p>\n<p>\n\t\t\t\t\t3.+J&oacute;zefa Dere\u0144 (of. syn z rodzin\u0105)\n\t\t\t\t<\/p>\n<\/td>\n<\/tr>\n<tr>\n<td>\n<p>\n\t\t\t\t\t18.00\n\t\t\t\t<\/p>\n<\/td>\n<td>\n\t\t\t\t&nbsp;\n\t\t\t<\/td>\n<\/tr>\n<tr>\n<td colspan=\"1\" rowspan=\"2\">\n<p>\n\t\t\t\t\tCzwartek\n\t\t\t\t<\/p>\n<\/td>\n<td>\n<p>\n\t\t\t\t\t7.00\n\t\t\t\t<\/p>\n<\/td>\n<td>\n<p>\n\t\t\t\t\t1.+Jan Smole\u0144, Natalia i Jan\n\t\t\t\t<\/p>\n<p>\n\t\t\t\t\t2.+\u0141ukasz Nowak i \u0141ukasz Chyna\u0142 (of. s\u0105siedzi z ul. Cichej)\n\t\t\t\t<\/p>\n<\/td>\n<\/tr>\n<tr>\n<td>\n<p>\n\t\t\t\t\t18.00\n\t\t\t\t<\/p>\n<\/td>\n<td>\n\t\t\t\t&nbsp;\n\t\t\t<\/td>\n<\/tr>\n<tr>\n<td colspan=\"1\" rowspan=\"2\">\n<p>\n\t\t\t\t\tPi\u0105tek\n\t\t\t\t<\/p>\n<\/td>\n<td>\n<p>\n\t\t\t\t\t7.00\n\t\t\t\t<\/p>\n<\/td>\n<td>\n<p>\n\t\t\t\t\t1.+Emil Barniak\n\t\t\t\t<\/p>\n<p>\n\t\t\t\t\t<span style=\"font-size: 13px;\">2.+Emilia Barniak<\/span>\n\t\t\t\t<\/p>\n<\/td>\n<\/tr>\n<tr>\n<td>\n<p>\n\t\t\t\t\t18.00\n\t\t\t\t<\/p>\n<\/td>\n<td>\n\t\t\t\t&nbsp;\n\t\t\t<\/td>\n<\/tr>\n<tr>\n<td colspan=\"1\" rowspan=\"2\">\n<p>\n\t\t\t\t\tSobota\n\t\t\t\t<\/p>\n<\/td>\n<td>\n<p>\n\t\t\t\t\t7.00\n\t\t\t\t<\/p>\n<\/td>\n<td>\n<p>\n\t\t\t\t\t1.Za zmar\u0142e siostry r&oacute;\u017ca\u0144cowe z r&oacute;\u017cy Mermer Stanis\u0142awy i ++ z ich rodzin.\n\t\t\t\t<\/p>\n<\/td>\n<\/tr>\n<tr>\n<td>\n<p>\n\t\t\t\t\t18.00\n\t\t\t\t<\/p>\n<\/td>\n<td>\n\t\t\t\t&nbsp;\n\t\t\t<\/td>\n<\/tr>\n<tr>\n<td colspan=\"1\" rowspan=\"4\">\n<p>\n\t\t\t\t\tNiedziela\n\t\t\t\t<\/p>\n<\/td>\n<td>\n<p>\n\t\t\t\t\t7.30\n\t\t\t\t<\/p>\n<\/td>\n<td>\n\t\t\t\tO zdrowie i Bo\u017ce b\u0142ogos\u0142awie\u0144stwo dla Ryszardy i Kazimierza\n\t\t\t<\/td>\n<\/tr>\n<tr>\n<td>\n<p>\n\t\t\t\t\t9.15\n\t\t\t\t<\/p>\n<\/td>\n<td>\n\t\t\t\t+Jan Folcik\n\t\t\t<\/td>\n<\/tr>\n<tr>\n<td>\n<p>\n\t\t\t\t\t11.00\n\t\t\t\t<\/p>\n<\/td>\n<td>\n<p>\n\t\t\t\t\tW intencji parafian\n\t\t\t\t<\/p>\n<\/td>\n<\/tr>\n<tr>\n<td>\n<p>\n\t\t\t\t\t16.30\n\t\t\t\t<\/p>\n<\/td>\n<td>\n<p>\n\t\t\t\t\t+Jan Sza\u0142ankiewicz w 31r.\u015bm.\n\t\t\t\t<\/p>\n<\/td>\n<\/tr>\n<\/tbody>\n<\/table>\n","protected":false},"excerpt":{"rendered":"<p>W najbli\u017cszym tygodniu zostan\u0105 odprawione nast\u0119puj\u0105ce intencje mszalne:<span class=\"more-link\"><a href=\"https:\/\/parafiabesko.pl\/?p=2351\">Czytaj wi\u0119cej<\/a><\/span><\/p>\n","protected":false},"author":1,"featured_media":2349,"comment_status":"closed","ping_status":"open","sticky":false,"template":"","format":"standard","meta":{"footnotes":""},"categories":[7],"tags":[],"class_list":["entry","author-adminparafiibesko","has-more-link","post-2351","post","type-post","status-publish","format-standard","has-post-thumbnail","category-ogloszenia-parafialne"],"_links":{"self":[{"href":"https:\/\/parafiabesko.pl\/index.php?rest_route=\/wp\/v2\/posts\/2351","targetHints":{"allow":["GET"]}}],"collection":[{"href":"https:\/\/parafiabesko.pl\/index.php?rest_route=\/wp\/v2\/posts"}],"about":[{"href":"https:\/\/parafiabesko.pl\/index.php?rest_route=\/wp\/v2\/types\/post"}],"author":[{"embeddable":true,"href":"https:\/\/parafiabesko.pl\/index.php?rest_route=\/wp\/v2\/users\/1"}],"replies":[{"embeddable":true,"href":"https:\/\/parafiabesko.pl\/index.php?rest_route=%2Fwp%2Fv2%2Fcomments&post=2351"}],"version-history":[{"count":0,"href":"https:\/\/parafiabesko.pl\/index.php?rest_route=\/wp\/v2\/posts\/2351\/revisions"}],"wp:featuredmedia":[{"embeddable":true,"href":"https:\/\/parafiabesko.pl\/index.php?rest_route=\/"}],"wp:attachment":[{"href":"https:\/\/parafiabesko.pl\/index.php?rest_route=%2Fwp%2Fv2%2Fmedia&parent=2351"}],"wp:term":[{"taxonomy":"category","embeddable":true,"href":"https:\/\/parafiabesko.pl\/index.php?rest_route=%2Fwp%2Fv2%2Fcategories&post=2351"},{"taxonomy":"post_tag","embeddable":true,"href":"https:\/\/parafiabesko.pl\/index.php?rest_route=%2Fwp%2Fv2%2Ftags&post=2351"}],"curies":[{"name":"wp","href":"https:\/\/api.w.org\/{rel}","templated":true}]}}