{"id":2312,"date":"2014-03-31T05:45:47","date_gmt":"2014-03-31T05:45:47","guid":{"rendered":"http:\/\/parafiabesko.pl\/?p=2312"},"modified":"2014-03-31T05:45:47","modified_gmt":"2014-03-31T05:45:47","slug":"rekolekcje-wielkopostne-w-parafii-besko-2014-r","status":"publish","type":"post","link":"https:\/\/parafiabesko.pl\/?p=2312","title":{"rendered":"Rekolekcje Wielkopostne w Parafii Besko 2014 r."},"content":{"rendered":"<p>\n\t4-7 KWIETNIA 2014\n<\/p>\n<table border=\"1\" cellpadding=\"1\" cellspacing=\"1\" style=\"width: 500px;\">\n<tbody>\n<tr>\n<td colspan=\"2\" style=\"text-align: center;\">\n\t\t\t\t<strong>P I \u0104 T E K&nbsp;<\/strong>\n\t\t\t<\/td>\n<\/tr>\n<tr>\n<td>\n\t\t\t\t<strong>godz. 16.00<\/strong>\n\t\t\t<\/td>\n<td>\n\t\t\t\t<strong>Droga krzy\u017cowa, spowied\u017a i Msza \u015bw. w Mymoniu.<\/strong>\n\t\t\t<\/td>\n<\/tr>\n<tr>\n<td>\n\t\t\t\t<strong>godz. 16.00<\/strong>\n\t\t\t<\/td>\n<td>\n\t\t\t\t<strong>Droga krzy\u017cowa, spowied\u017a i Msza \u015bw. w Por\u0119bach.<\/strong>\n\t\t\t<\/td>\n<\/tr>\n<tr>\n<td>\n\t\t\t\t<strong>godz. 18.00<\/strong>\n\t\t\t<\/td>\n<td>\n<p>\n\t\t\t\t\t<strong>Droga krzy\u017cowa w Besku.<\/strong>\n\t\t\t\t<\/p>\n<p>\n\t\t\t\t\t<strong>Msza \u015bw. z nauk\u0105 na rozpocz\u0119cie rekolekcji w Besku.<\/strong>\n\t\t\t\t<\/p>\n<\/td>\n<\/tr>\n<tr>\n<td colspan=\"2\" style=\"text-align: center;\">\n\t\t\t\t<strong>S O B O T A<\/strong>\n\t\t\t<\/td>\n<\/tr>\n<tr>\n<td>\n\t\t\t\t<strong>godz.&nbsp;&nbsp;&nbsp; 9.00<\/strong>\n\t\t\t<\/td>\n<td>\n\t\t\t\t<strong>Msza \u015bw. z nauk\u0105 og&oacute;ln\u0105 w Besku.<\/strong>\n\t\t\t<\/td>\n<\/tr>\n<tr>\n<td>\n\t\t\t\t<strong>godz.&nbsp; 16.00<\/strong>\n\t\t\t<\/td>\n<td>\n\t\t\t\t<strong>Msza \u015bw. z nauk\u0105 og&oacute;ln\u0105 w Por\u0119bach.<\/strong>\n\t\t\t<\/td>\n<\/tr>\n<tr>\n<td>\n\t\t\t\t<strong>godz.&nbsp; 17.00<\/strong>\n\t\t\t<\/td>\n<td>\n\t\t\t\t<strong>Msza \u015bw. z nauk\u0105 og&oacute;ln\u0105 w &nbsp;Mymoniu.<\/strong>\n\t\t\t<\/td>\n<\/tr>\n<tr>\n<td>\n\t\t\t\t<strong>godz.&nbsp; 18.00<\/strong>\n\t\t\t<\/td>\n<td>\n\t\t\t\t<strong>Msza \u015bw. z nauk\u0105 og&oacute;ln\u0105 w Besku.<\/strong>\n\t\t\t<\/td>\n<\/tr>\n<tr>\n<td colspan=\"2\" style=\"text-align: center;\">\n\t\t\t\t<strong>N I E D Z I E L A&nbsp;<\/strong>\n\t\t\t<\/td>\n<\/tr>\n<tr>\n<td>\n\t\t\t\t<strong>godz.&nbsp;&nbsp;&nbsp; 7.30<\/strong>\n\t\t\t<\/td>\n<td>\n\t\t\t\t<strong>Msza \u015bw. z nauk\u0105 og&oacute;ln\u0105 w Besku.<\/strong>\n\t\t\t<\/td>\n<\/tr>\n<tr>\n<td>\n\t\t\t\t<strong>godz.&nbsp;&nbsp;&nbsp; 8.15<\/strong>\n\t\t\t<\/td>\n<td>\n\t\t\t\t<strong>Msza \u015bw. z nauk\u0105 og&oacute;ln\u0105 w Mymoniu i Gorzkie \u017cale.<\/strong>\n\t\t\t<\/td>\n<\/tr>\n<tr>\n<td>\n\t\t\t\t<strong>godz.&nbsp;&nbsp;&nbsp; 9.15<\/strong>\n\t\t\t<\/td>\n<td>\n\t\t\t\t<strong>Msza \u015bw. z nauk\u0105 og&oacute;ln\u0105&nbsp; w Besku.<\/strong>\n\t\t\t<\/td>\n<\/tr>\n<tr>\n<td>\n\t\t\t\t<strong>godz.&nbsp; 10.15<\/strong>\n\t\t\t<\/td>\n<td>\n\t\t\t\t<strong>Msza \u015bw. z nauk\u0105 og&oacute;ln\u0105 w Por\u0119bach i Gorzkie \u017cale.<\/strong>\n\t\t\t<\/td>\n<\/tr>\n<tr>\n<td>\n\t\t\t\t<strong>godz.&nbsp; 11.00<\/strong>\n\t\t\t<\/td>\n<td>\n\t\t\t\t<strong>Msza \u015bw. z nauk\u0105 og&oacute;ln\u0105 w Besku.<\/strong>\n\t\t\t<\/td>\n<\/tr>\n<tr>\n<td>\n\t\t\t\t<strong>godz.&nbsp; 16.00<\/strong>\n\t\t\t<\/td>\n<td>\n<p>\n\t\t\t\t\t<strong>W Besku Gorzkie \u017cale z kazaniem pasyjnym.<\/strong>\n\t\t\t\t<\/p>\n<p>\n\t\t\t\t\t<strong>Msza \u015bw. bez nauki.<\/strong>\n\t\t\t\t<\/p>\n<\/td>\n<\/tr>\n<tr>\n<td colspan=\"2\" style=\"text-align: center;\">\n\t\t\t\t<strong>P O N I E D Z I A \u0141 E K&nbsp;<\/strong>\n\t\t\t<\/td>\n<\/tr>\n<tr>\n<td>\n\t\t\t\t<strong>godz.&nbsp; &nbsp;&nbsp;9.00<\/strong>\n\t\t\t<\/td>\n<td>\n\t\t\t\t<strong>Msza \u015bw. z nauka dla starszych w Besku.<\/strong>\n\t\t\t<\/td>\n<\/tr>\n<tr>\n<td>\n\t\t\t\t<strong>godz.&nbsp; 16.00<\/strong>\n\t\t\t<\/td>\n<td>\n\t\t\t\t<strong>Msza \u015bw. z nauk\u0105 og&oacute;ln\u0105&nbsp; w Por\u0119bach.<\/strong>\n\t\t\t<\/td>\n<\/tr>\n<tr>\n<td>\n\t\t\t\t<strong>godz.&nbsp; 17.00<\/strong>\n\t\t\t<\/td>\n<td>\n\t\t\t\t<strong>Msza \u015bw. z nauk\u0105 og&oacute;ln\u0105 w Mymoniu.<\/strong>\n\t\t\t<\/td>\n<\/tr>\n<tr>\n<td>\n\t\t\t\t<strong>godz.&nbsp; 18.00&nbsp;<\/strong>\n\t\t\t<\/td>\n<td>\n\t\t\t\t<strong>Msza \u015bw. na zako\u0144czenie rekolekcji w Besku.<\/strong>\n\t\t\t<\/td>\n<\/tr>\n<\/tbody>\n<\/table>\n<p>\n\tRekolekcje Wielkopostne w tym roku w naszej Parafii g\u0142osi ojciec Miros\u0142aw Chmielewski &ndash; redemptorysta.<strong>&nbsp;<\/strong>\n<\/p>\n<p>\n\t<a href=\"http:\/\/pracownik.kul.pl\/miroslaw.chmielewski\/zyciorys\">http:\/\/pracownik.kul.pl\/miroslaw.chmielewski\/zyciorys<strong>&nbsp; <\/strong><\/a>\n<\/p>\n<p style=\"text-align: center;\">\n\t<br \/>\n\t<strong>&nbsp;&nbsp;&nbsp;&nbsp;&nbsp;&nbsp;&nbsp;&nbsp;&nbsp;&nbsp; <\/strong>&nbsp;&nbsp;&nbsp;&nbsp;&nbsp;&nbsp;&nbsp;&nbsp;&nbsp;&nbsp;&nbsp;&nbsp;&nbsp;&nbsp;&nbsp;&nbsp;&nbsp;&nbsp;&nbsp;&nbsp;&nbsp;&nbsp;&nbsp;&nbsp;&nbsp;&nbsp;&nbsp;&nbsp;&nbsp;&nbsp;&nbsp;&nbsp;&nbsp;&nbsp;&nbsp; <a href=\"https:\/\/parafiabesko.pl\/wp-content\/uploads\/2014\/03\/349421_lu3s3_o._Miroslaw_7.jpg\"><img loading=\"lazy\" decoding=\"async\" alt=\"349421_lu3s3_o._Miroslaw_7\" class=\"alignnone size-full wp-image-2316\" height=\"363\" src=\"https:\/\/parafiabesko.pl\/wp-content\/uploads\/2014\/03\/349421_lu3s3_o._Miroslaw_7.jpg\" style=\"float: left;\" width=\"276\" \/><\/a><strong>&nbsp;&nbsp;&nbsp;&nbsp;&nbsp;&nbsp;&nbsp;&nbsp;&nbsp;&nbsp;&nbsp;&nbsp;&nbsp;&nbsp;&nbsp;&nbsp;&nbsp;&nbsp;&nbsp;&nbsp;&nbsp;&nbsp;&nbsp;&nbsp;&nbsp;&nbsp;&nbsp;&nbsp;&nbsp;&nbsp;&nbsp;&nbsp;&nbsp;&nbsp;&nbsp;&nbsp;&nbsp;&nbsp;&nbsp;&nbsp;&nbsp;&nbsp;&nbsp;&nbsp;&nbsp;&nbsp;&nbsp;&nbsp;&nbsp;&nbsp;&nbsp;&nbsp; <\/strong>\n<\/p>\n<p style=\"text-align: center;\">\n\t&nbsp;\n<\/p>\n<p style=\"text-align: center;\">\n\t&nbsp;\n<\/p>\n<p style=\"text-align: center;\">\n\t<strong>&nbsp;&nbsp;&nbsp;&nbsp;&nbsp;&nbsp;&nbsp;&nbsp;&nbsp;&nbsp;&nbsp;&nbsp;&nbsp;&nbsp;&nbsp;&nbsp;&nbsp;&nbsp;&nbsp;&nbsp; &nbsp;&nbsp;&nbsp;&nbsp; <\/strong>\n<\/p>\n<p style=\"text-align: center;\">\n\t<strong>&nbsp;&nbsp;&nbsp;&nbsp;&nbsp;&nbsp;&nbsp;&nbsp;&nbsp;&nbsp;&nbsp;&nbsp;&nbsp;&nbsp; &nbsp;&nbsp;&nbsp;&nbsp;&nbsp;&nbsp;&nbsp;&nbsp;&nbsp; <\/strong>\n<\/p>\n<p style=\"text-align: center;\">\n\t<strong>&nbsp;&nbsp;&nbsp;&nbsp;&nbsp;&nbsp;&nbsp;&nbsp;&nbsp;&nbsp;&nbsp;&nbsp;&nbsp;&nbsp;&nbsp;&nbsp;&nbsp;&nbsp;&nbsp;&nbsp;&nbsp;&nbsp;&nbsp;&nbsp;&nbsp; <\/strong>\n<\/p>\n<p style=\"text-align: center;\">\n\t<strong>&nbsp;&nbsp;&nbsp;&nbsp;&nbsp;&nbsp;&nbsp;&nbsp;&nbsp; &nbsp;&nbsp;&nbsp;&nbsp;&nbsp;&nbsp;&nbsp;&nbsp;&nbsp;&nbsp;&nbsp;&nbsp;&nbsp;&nbsp; <\/strong>\n<\/p>\n<p style=\"text-align: center;\">\n\t&nbsp;\n<\/p>\n<p style=\"text-align: center;\">\n\t&nbsp;\n<\/p>\n<p style=\"text-align: center;\">\n\t&nbsp;\n<\/p>\n<p style=\"text-align: center;\">\n\t&nbsp;<\/p>\n","protected":false},"excerpt":{"rendered":"<p>4-7 KWIETNIA 2014 P I \u0104 T E K&nbsp; godz. 16.00 Droga krzy\u017cowa, spowied\u017a i Msza \u015bw. w Mymoniu. godz. 16.00 Droga krzy\u017cowa, spowied\u017a i Msza \u015bw. w Por\u0119bach. godz. 18.00 Droga krzy\u017cowa w Besku. Msza \u015bw. z nauk\u0105 na rozpocz\u0119cie rekolekcji w Besku. S O B O T A<span class=\"more-link\"><a href=\"https:\/\/parafiabesko.pl\/?p=2312\">Czytaj wi\u0119cej<\/a><\/span><\/p>\n","protected":false},"author":1,"featured_media":731,"comment_status":"closed","ping_status":"open","sticky":false,"template":"","format":"standard","meta":{"footnotes":""},"categories":[7],"tags":[],"class_list":["entry","author-adminparafiibesko","post-2312","post","type-post","status-publish","format-standard","has-post-thumbnail","category-ogloszenia-parafialne"],"_links":{"self":[{"href":"https:\/\/parafiabesko.pl\/index.php?rest_route=\/wp\/v2\/posts\/2312","targetHints":{"allow":["GET"]}}],"collection":[{"href":"https:\/\/parafiabesko.pl\/index.php?rest_route=\/wp\/v2\/posts"}],"about":[{"href":"https:\/\/parafiabesko.pl\/index.php?rest_route=\/wp\/v2\/types\/post"}],"author":[{"embeddable":true,"href":"https:\/\/parafiabesko.pl\/index.php?rest_route=\/wp\/v2\/users\/1"}],"replies":[{"embeddable":true,"href":"https:\/\/parafiabesko.pl\/index.php?rest_route=%2Fwp%2Fv2%2Fcomments&post=2312"}],"version-history":[{"count":0,"href":"https:\/\/parafiabesko.pl\/index.php?rest_route=\/wp\/v2\/posts\/2312\/revisions"}],"wp:featuredmedia":[{"embeddable":true,"href":"https:\/\/parafiabesko.pl\/index.php?rest_route=\/"}],"wp:attachment":[{"href":"https:\/\/parafiabesko.pl\/index.php?rest_route=%2Fwp%2Fv2%2Fmedia&parent=2312"}],"wp:term":[{"taxonomy":"category","embeddable":true,"href":"https:\/\/parafiabesko.pl\/index.php?rest_route=%2Fwp%2Fv2%2Fcategories&post=2312"},{"taxonomy":"post_tag","embeddable":true,"href":"https:\/\/parafiabesko.pl\/index.php?rest_route=%2Fwp%2Fv2%2Ftags&post=2312"}],"curies":[{"name":"wp","href":"https:\/\/api.w.org\/{rel}","templated":true}]}}