{"id":2310,"date":"2014-03-30T05:31:54","date_gmt":"2014-03-30T05:31:54","guid":{"rendered":"http:\/\/parafiabesko.pl\/?p=2310"},"modified":"2014-03-30T05:31:54","modified_gmt":"2014-03-30T05:31:54","slug":"ogloszenia-30-03-2014","status":"publish","type":"post","link":"https:\/\/parafiabesko.pl\/?p=2310","title":{"rendered":"Og\u0142oszenia 30.03.2014"},"content":{"rendered":"<p style=\"text-align: justify;\">\n\t1. &nbsp;Po Mszach \u015bwi\u0119tych mo\u017cna naby\u0107 \u015bwiece paschaliki i baranki wielkanocne przygotowane przez Caritas. Wielkanocne Dzie\u0142o Pomocy Chorym i Niepe\u0142nosprawnym. &nbsp;Caritas rozprowadza paschaliki i baranki wielkanocne na st&oacute;\u0142 \u015bwi\u0105teczny. Ofiary 7z\u0142 paschalik &nbsp;i 5z\u0142 baranek wielkanocny. &nbsp;R&oacute;wnocze\u015bnie Caritas dzi\u0119kuje za przekazanie 1% podatku na rzecz Stowarzyszenia Caritas.\n<\/p>\n<p><!--more--><\/p>\n<p style=\"text-align: justify;\">\n\t2. Dzisiaj Nabo\u017ce\u0144stwo Gorzkich \u017cali z kazaniem pasyjnym w Besku o godzinie 16.00. Adoruje r&oacute;\u017ca &nbsp;Zofii Szul. &nbsp;Taca z tego nabo\u017ce\u0144stwa przeznaczona jest na kwiaty do Bo\u017cego Grobu. W ko\u015bcio\u0142ach filialnych Nabo\u017ce\u0144stwo Gorzkich \u017cali i Msza \u015bwi\u0119ta w Mymoniu o godzinie 8.30, a w Por\u0119bach o godzinie 10.00. W przysz\u0142\u0105 niedziel\u0119 na Gorzkich \u017calach adoruje r&oacute;\u017ca Bronis\u0142awy Ziemia\u0144skiej.\n<\/p>\n<p style=\"text-align: justify;\">\n\t3. Od poniedzia\u0142ku wieczorna Msza \u015bwi\u0119ta b\u0119dzie odprawiana o jedn\u0105 godzin\u0119 p&oacute;\u017aniej, czyli o godzinie 18.00.\n<\/p>\n<p style=\"text-align: justify;\">\n\t4. Spowied\u017a przed pierwszym pi\u0105tkiem miesi\u0105ca od poniedzia\u0142ku rano i wieczorem przed Msz\u0105 \u015bwi\u0119ta. Dzieci i m\u0142odzie\u017c do spowiedzi zapraszamy we \u015brod\u0119 od godziny 17.00.\n<\/p>\n<p style=\"text-align: justify;\">\n\t5. We wtorek&nbsp; o godzinie 18.00 Nabo\u017ce\u0144stwo do Bo\u017cego Mi\u0142osierdzia.\n<\/p>\n<p style=\"text-align: justify;\">\n\t6. We \u015brod\u0119 o&nbsp; godzinie 18.00 Nowenna do Matki Bo\u017cej Nieustaj\u0105cej Pomocy.\n<\/p>\n<p style=\"text-align: justify;\">\n\t7. Pierwszy czwartek miesi\u0105ca o godzinie 18.00 Msza \u015bwi\u0119ta, a po niej&nbsp; adoracja Naj\u015bwi\u0119tszego sakramentu przygotowuj\u0105ca nas do kanonizacji b\u0142ogos\u0142awionego Jana Paw\u0142a II. Zach\u0119camy Parafian do udzia\u0142u w tej modlitwie.\n<\/p>\n<p style=\"text-align: justify;\">\n\t8. &nbsp;W pi\u0105tek w Besku Nabo\u017ce\u0144stwo Drogi krzy\u017cowej rano po Mszy \u015bwi\u0119tej o godzinie 7.00 a po\u0142udniu &nbsp;rozpoczynaj\u0105 si\u0119 Wielkopostne Rekolekcje Parafialne. Rekolekcje Wielkopostne w tym roku w naszej Parafii g\u0142osi ojciec Miros\u0142aw Chmielewski &ndash; redemptorysta.\n<\/p>\n<p style=\"text-align: justify;\">\n\t9.&nbsp; Spowied\u017a przed \u015bwi\u0119tami w naszej Parafii&nbsp; b\u0119dzie 12 kwietnia 2014 roku&nbsp; w sobot\u0119 przed Niedziel\u0105 Palmow\u0105.\n<\/p>\n<p style=\"text-align: justify;\">\n\t10. Chorych przed \u015bwi\u0119tami odwiedza\u0107 b\u0119dziemy&nbsp; udzielaj\u0105c sakramentu Pokuty i Komunii \u015bwi\u0119tej w poniedzia\u0142ek 7 kwietnia 2014 roku. Odwiedzin chorych na pierwszy pi\u0105tek nie b\u0119dzie.\n<\/p>\n<p style=\"text-align: justify;\">\n\t11. Dzisiaj po Mszy \u015bwi\u0119tej wieczorowej spotkanie Akcji Katolickiej.\n<\/p>\n<p style=\"text-align: justify;\">\n\t12. W tym tygodniu b\u0119dzie sk\u0142adka po domach na prace przy naszej \u015bwi\u0105tyni.<\/p>\n","protected":false},"excerpt":{"rendered":"<p>1. &nbsp;Po Mszach \u015bwi\u0119tych mo\u017cna naby\u0107 \u015bwiece paschaliki i baranki wielkanocne przygotowane przez Caritas. Wielkanocne Dzie\u0142o Pomocy Chorym i Niepe\u0142nosprawnym. &nbsp;Caritas rozprowadza paschaliki i baranki wielkanocne na st&oacute;\u0142 \u015bwi\u0105teczny. Ofiary 7z\u0142 paschalik &nbsp;i 5z\u0142 baranek wielkanocny. &nbsp;R&oacute;wnocze\u015bnie Caritas dzi\u0119kuje za przekazanie 1% podatku na rzecz Stowarzyszenia Caritas.<span class=\"more-link\"><a href=\"https:\/\/parafiabesko.pl\/?p=2310\">Czytaj wi\u0119cej<\/a><\/span><\/p>\n","protected":false},"author":1,"featured_media":1059,"comment_status":"closed","ping_status":"open","sticky":false,"template":"","format":"standard","meta":{"footnotes":""},"categories":[7],"tags":[],"class_list":["entry","author-adminparafiibesko","has-more-link","post-2310","post","type-post","status-publish","format-standard","has-post-thumbnail","category-ogloszenia-parafialne"],"_links":{"self":[{"href":"https:\/\/parafiabesko.pl\/index.php?rest_route=\/wp\/v2\/posts\/2310","targetHints":{"allow":["GET"]}}],"collection":[{"href":"https:\/\/parafiabesko.pl\/index.php?rest_route=\/wp\/v2\/posts"}],"about":[{"href":"https:\/\/parafiabesko.pl\/index.php?rest_route=\/wp\/v2\/types\/post"}],"author":[{"embeddable":true,"href":"https:\/\/parafiabesko.pl\/index.php?rest_route=\/wp\/v2\/users\/1"}],"replies":[{"embeddable":true,"href":"https:\/\/parafiabesko.pl\/index.php?rest_route=%2Fwp%2Fv2%2Fcomments&post=2310"}],"version-history":[{"count":0,"href":"https:\/\/parafiabesko.pl\/index.php?rest_route=\/wp\/v2\/posts\/2310\/revisions"}],"wp:featuredmedia":[{"embeddable":true,"href":"https:\/\/parafiabesko.pl\/index.php?rest_route=\/"}],"wp:attachment":[{"href":"https:\/\/parafiabesko.pl\/index.php?rest_route=%2Fwp%2Fv2%2Fmedia&parent=2310"}],"wp:term":[{"taxonomy":"category","embeddable":true,"href":"https:\/\/parafiabesko.pl\/index.php?rest_route=%2Fwp%2Fv2%2Fcategories&post=2310"},{"taxonomy":"post_tag","embeddable":true,"href":"https:\/\/parafiabesko.pl\/index.php?rest_route=%2Fwp%2Fv2%2Ftags&post=2310"}],"curies":[{"name":"wp","href":"https:\/\/api.w.org\/{rel}","templated":true}]}}