{"id":1591,"date":"2014-03-26T10:46:48","date_gmt":"2014-03-26T10:46:48","guid":{"rendered":"http:\/\/parafiabesko.pl\/?p=1591"},"modified":"2014-03-26T10:46:48","modified_gmt":"2014-03-26T10:46:48","slug":"ogloszenia-23-03-2014","status":"publish","type":"post","link":"https:\/\/parafiabesko.pl\/?p=1591","title":{"rendered":"Og\u0142oszenia 23.03.2014"},"content":{"rendered":"<p style=\"text-align: justify;\">\n\t1. &nbsp;Po Mszach \u015bwi\u0119tych mo\u017cna naby\u0107 \u015bwiece paschaliki i baranki wielkanocne przygotowane przez Caritas. Wielkanocne Dzie\u0142o Pomocy Chorym i Niepe\u0142nosprawnym. &nbsp;Caritas rozprowadza paschaliki i baranki wielkanocne na st&oacute;\u0142 \u015bwi\u0105teczny. Ofiary 7z\u0142 paschalik &nbsp;i 5z\u0142 baranek wielkanocny. &nbsp;R&oacute;wnocze\u015bnie Caritas dzi\u0119kuje za przekazanie 1% podatku na rzecz Stowarzyszenia Caritas.\n<\/p>\n<p>\n\t<!--more-->\n<\/p>\n<p style=\"text-align: justify;\">\n\t2. Dzisiaj Nabo\u017ce\u0144stwo Gorzkich \u017cali z kazaniem pasyjnym w Besku o godzinie 16.00. Adoruje r&oacute;\u017ca Kasperkowicz Marii. Taca z tego nabo\u017ce\u0144stwa przeznaczona jest na kwiaty do Bo\u017cego Grobu. W ko\u015bcio\u0142ach filialnych Nabo\u017ce\u0144stwo Gorzkich \u017cali i Msza \u015bwi\u0119ta w Mymoniu o godzinie 8.30, a w Por\u0119bach o godzinie 10.00. W przysz\u0142\u0105 niedziel\u0119 na Gorzkich \u017calach adoruje r&oacute;\u017ca Zofii Szul.\n<\/p>\n<p style=\"text-align: justify;\">\n\t3. W tym tygodniu s\u0105 organizowane w naszej szkole Rekolekcje Wielkopostne i tak w poniedzia\u0142ek i wtorek dzieci Szko\u0142y Podstawowej i m\u0142odzie\u017c Gimnazjum rozpoczynaj\u0105 rekolekcje o godzinie 9.00 w szkole, natomiast w \u015brod\u0119 dzieci szko\u0142y Podstawowej rozpoczynaj\u0105 rekolekcje w ko\u015bciele o godzinie 9.00, a m\u0142odzie\u017c Gimnazjum rozpoczyna rekolekcje w ko\u015bciele o godzinie 9.45. Prosimy rodzic&oacute;w, aby pomogli swoim dzieciom i m\u0142odzie\u017cy owocnie prze\u017cy\u0107 ten czas duchowego przygotowania do \u015awi\u0105t Wielkanocnych.\n<\/p>\n<p style=\"text-align: justify;\">\n\t4. We wtorek 25 marca Uroczysto\u015b\u0107 Zwiastowania Pa\u0144skiego &ndash; Dzie\u0144 \u015awi\u0119to\u015bci \u017bycia &ndash; modlimy si\u0119 o poszanowanie ludzkiego \u017cycia od chwili pocz\u0119cia a\u017c do naturalnej \u015bmierci.\n<\/p>\n<p style=\"text-align: justify;\">\n\t<strong>Duchowa Adopcja. <\/strong>\n<\/p>\n<p style=\"text-align: justify;\">\n\t<strong>W ka\u017cdej godzinie i minucie, gdzie\u015b na \u015bwiecie, umieraj\u0105 najmniejsi i najbardziej bezbronni &#8211; nie narodzone dzieci. One wo\u0142aj\u0105 o pomoc r&oacute;wnie\u017c do Ciebie.&nbsp; Nie zwlekaj. Mo\u017cesz si\u0119 przyczyni\u0107 do ich ocalenia, podejmuj\u0105c Duchow\u0105 Adopcj\u0119.<\/strong>\n<\/p>\n<p style=\"text-align: justify;\">\n\tZasady Duchowej Adopcji s\u0105 proste. Jest to modlitewne zobowi\u0105zanie z\u0142o\u017cone najlepiej przy o\u0142tarzu, podj\u0119te przez konkretn\u0105 osob\u0119 w intencji jednego dziecka zagro\u017conego zabiciem w \u0142onie matki. Imi\u0119 tego dziecka jest znane jedynie Bogu. Przez dziewi\u0119\u0107 miesi\u0119cy osoba podejmuj\u0105ca Duchow\u0105 Adopcj\u0119 ogarnia modlitw\u0105 dziecko i jego rodzic&oacute;w, prosz\u0105c Boga o szcz\u0119\u015bliwe jego narodzenie. W ten spos&oacute;b staje si\u0119 duchowym rodzicem tego dziecka. Na modlitw\u0119 Duchowej Adopcji sk\u0142ada si\u0119 jeden dziesi\u0105tek R&oacute;\u017ca\u0144ca \u015awi\u0119tego, codzienna modlitwa, kt&oacute;rej tekst podajemy, oraz dodatkowa dowolna ofiara czy wyrzeczenie &#8211; jak post lub walka z na\u0142ogiem.\n<\/p>\n<p style=\"text-align: justify;\">\n\tDuchow\u0105 Adopcj\u0119 mo\u017ce podj\u0105\u0107 ka\u017cdy. Najpierw mo\u017cna obj\u0105\u0107 modlitw\u0105 tylko jedno dziecko. Po jej zako\u0144czeniu mo\u017cna adoptowa\u0107 duchowo kolejne, pod warunkiem dope\u0142nienia poprzednich zobowi\u0105za\u0144. Nale\u017cy pami\u0119ta\u0107 o codziennym wype\u0142nianiu przyrzecze\u0144.\n<\/p>\n<p style=\"text-align: justify;\">\n\t<strong>Modlitwa codzienna<\/strong> <em>Panie Jezu &#8211; za wstawiennictwem Twojej Matki Maryi, kt&oacute;ra urodzi\u0142a Ci\u0119 z mi\u0142o\u015bci\u0105 oraz za wstawiennictwem \u015bw. J&oacute;zefa, cz\u0142owieka zawierzenia, kt&oacute;ry opiekowa\u0142 si\u0119 Tob\u0105 po urodzeniu &#8211; prosz\u0119 Ci\u0119 w intencji tego nie narodzonego dziecka, kt&oacute;re duchowo adoptowa\u0142em, a kt&oacute;re znajduje si\u0119 w niebezpiecze\u0144stwie zag\u0142ady. Prosz\u0119, daj rodzicom mi\u0142o\u015b\u0107 i odwag\u0119, aby swoje dziecko pozostawili przy \u017cyciu, kt&oacute;re Ty sam mu przeznaczy\u0142e\u015b. Amen<\/em>\n<\/p>\n<p style=\"text-align: justify;\">\n\t<strong>Na stoliku w kaplicy Matki Bo\u017cej wy\u0142o\u017cona jest Parafialna Ksi\u0119ga Duchowej Adopcji, prosimy wpisywa\u0107 si\u0119 do niej.<\/strong>\n<\/p>\n<p style=\"text-align: justify;\">\n\t5.&nbsp; We \u015brod\u0119 o godzinie 17.00 Nowenna do Matki Bo\u017cej Nieustaj\u0105cej Pomocy.\n<\/p>\n<p style=\"text-align: justify;\">\n\t6. &nbsp;W czwartek o godzinie 17.00 Msza \u015bwi\u0119ta, a po niej&nbsp; adoracja Naj\u015bwi\u0119tszego sakramentu przygotowuj\u0105ca nas do kanonizacji b\u0142ogos\u0142awionego Jana Paw\u0142a II. Zach\u0119camy Parafian do udzia\u0142u w tej modlitwie. Na godzin\u0119 17.00 zapraszamy m\u0142odzie\u017c trzeciej klasy Gimnazjum.\n<\/p>\n<p style=\"text-align: justify;\">\n\t7. &nbsp;W pi\u0105tek Nabo\u017ce\u0144stwo Drogi krzy\u017cowej rano po Mszy \u015bwi\u0119tej o godzinie 7.00,&nbsp; po po\u0142udniu o godzinie 17.00. Zach\u0119camy dzieci, m\u0142odzie\u017c i starszych od udzia\u0142u w rozwa\u017caniu M\u0119ki Pa\u0144skiej. Za odprawienie Drogi krzy\u017cowej mo\u017cna zyska\u0107 odpust zupe\u0142ny pod zwyk\u0142ymi warunkami. W ko\u015bcio\u0142ach filialnych Nabo\u017ce\u0144stwo Drogi krzy\u017cowej, uca\u0142owanie relikwii \u015bwi\u0119tych i Komunia \u015bwi\u0119ta w Mymoniu o godzinie 16.00, a w Por\u0119bach o godzinie 17.00.\n<\/p>\n<p style=\"text-align: justify;\">\n\t8. Dzisiaj u si&oacute;str felicjanek od godziny 8.00 do 15.00 adoracja Naj\u015bwi\u0119tszego Sakramentu z okazji Patrona domu \u015bwi\u0119tego J&oacute;zefa. Siostry serdecznie zapraszaj\u0105 na wsp&oacute;ln\u0105 modlitw\u0119.<\/p>\n","protected":false},"excerpt":{"rendered":"<p>1. &nbsp;Po Mszach \u015bwi\u0119tych mo\u017cna naby\u0107 \u015bwiece paschaliki i baranki wielkanocne przygotowane przez Caritas. Wielkanocne Dzie\u0142o Pomocy Chorym i Niepe\u0142nosprawnym. &nbsp;Caritas rozprowadza paschaliki i baranki wielkanocne na st&oacute;\u0142 \u015bwi\u0105teczny. Ofiary 7z\u0142 paschalik &nbsp;i 5z\u0142 baranek wielkanocny. &nbsp;R&oacute;wnocze\u015bnie Caritas dzi\u0119kuje za przekazanie 1% podatku na rzecz Stowarzyszenia Caritas.<span class=\"more-link\"><a href=\"https:\/\/parafiabesko.pl\/?p=1591\">Czytaj wi\u0119cej<\/a><\/span><\/p>\n","protected":false},"author":1,"featured_media":1059,"comment_status":"closed","ping_status":"open","sticky":false,"template":"","format":"standard","meta":{"footnotes":""},"categories":[7],"tags":[],"class_list":["entry","author-adminparafiibesko","has-more-link","post-1591","post","type-post","status-publish","format-standard","has-post-thumbnail","category-ogloszenia-parafialne"],"_links":{"self":[{"href":"https:\/\/parafiabesko.pl\/index.php?rest_route=\/wp\/v2\/posts\/1591","targetHints":{"allow":["GET"]}}],"collection":[{"href":"https:\/\/parafiabesko.pl\/index.php?rest_route=\/wp\/v2\/posts"}],"about":[{"href":"https:\/\/parafiabesko.pl\/index.php?rest_route=\/wp\/v2\/types\/post"}],"author":[{"embeddable":true,"href":"https:\/\/parafiabesko.pl\/index.php?rest_route=\/wp\/v2\/users\/1"}],"replies":[{"embeddable":true,"href":"https:\/\/parafiabesko.pl\/index.php?rest_route=%2Fwp%2Fv2%2Fcomments&post=1591"}],"version-history":[{"count":0,"href":"https:\/\/parafiabesko.pl\/index.php?rest_route=\/wp\/v2\/posts\/1591\/revisions"}],"wp:featuredmedia":[{"embeddable":true,"href":"https:\/\/parafiabesko.pl\/index.php?rest_route=\/"}],"wp:attachment":[{"href":"https:\/\/parafiabesko.pl\/index.php?rest_route=%2Fwp%2Fv2%2Fmedia&parent=1591"}],"wp:term":[{"taxonomy":"category","embeddable":true,"href":"https:\/\/parafiabesko.pl\/index.php?rest_route=%2Fwp%2Fv2%2Fcategories&post=1591"},{"taxonomy":"post_tag","embeddable":true,"href":"https:\/\/parafiabesko.pl\/index.php?rest_route=%2Fwp%2Fv2%2Ftags&post=1591"}],"curies":[{"name":"wp","href":"https:\/\/api.w.org\/{rel}","templated":true}]}}