{"id":1582,"date":"2014-03-23T11:24:40","date_gmt":"2014-03-23T11:24:40","guid":{"rendered":"http:\/\/parafiabesko.pl\/?p=1582"},"modified":"2014-03-23T11:24:40","modified_gmt":"2014-03-23T11:24:40","slug":"intencje-mszalne-24-03-2014-30-03-2014","status":"publish","type":"post","link":"https:\/\/parafiabesko.pl\/?p=1582","title":{"rendered":"Intencje mszalne 24.03.2014-30.03.2014"},"content":{"rendered":"<p>\n\tW najbli\u017cszym tygodniu zostan\u0105 odprawione nast\u0119puj\u0105ce intencje mszalne:\n<\/p>\n<p>\n\t<!--more-->\n<\/p>\n<table border=\"1\" cellpadding=\"1\" cellspacing=\"1\">\n<tbody>\n<tr>\n<td>\n<p>\n\t\t\t\t\tDzie\u0144 tygodnia\n\t\t\t\t<\/p>\n<\/td>\n<td>\n<p>\n\t\t\t\t\tgodzina\n\t\t\t\t<\/p>\n<\/td>\n<td>\n<p>\n\t\t\t\t\t&nbsp;\n\t\t\t\t<\/p>\n<\/td>\n<\/tr>\n<tr>\n<td colspan=\"1\" rowspan=\"2\">\n<p>\n\t\t\t\t\tPoniedzia\u0142ek\n\t\t\t\t<\/p>\n<\/td>\n<td>\n<p>\n\t\t\t\t\t7.00\n\t\t\t\t<\/p>\n<\/td>\n<td>\n<p>\n\t\t\t\t\t&nbsp;\n\t\t\t\t<\/p>\n<\/td>\n<\/tr>\n<tr>\n<td>\n<p>\n\t\t\t\t\t17.00\n\t\t\t\t<\/p>\n<\/td>\n<td>\n<p>\n\t\t\t\t\t1.+Krystyna P\u0142atek (of. koledzy i kole\u017canki c&oacute;rki Renaty)\n\t\t\t\t<\/p>\n<p>\n\t\t\t\t\t2.+Antoni i Stanis\u0142awa Rajchel i Henryka Stawierej\n\t\t\t\t<\/p>\n<\/td>\n<\/tr>\n<tr>\n<td colspan=\"1\" rowspan=\"2\">\n<p>\n\t\t\t\t\tWtorek\n\t\t\t\t<\/p>\n<\/td>\n<td>\n<p>\n\t\t\t\t\t7.00\n\t\t\t\t<\/p>\n<\/td>\n<td>\n<p>\n\t\t\t\t\t+\u0141ukasz Nowak\n\t\t\t\t<\/p>\n<\/td>\n<\/tr>\n<tr>\n<td>\n<p>\n\t\t\t\t\t17.00\n\t\t\t\t<\/p>\n<\/td>\n<td>\n<p>\n\t\t\t\t\t1.+Irena Suwa\u0142a (of. c&oacute;rka z rodzin\u0105)\n\t\t\t\t<\/p>\n<p>\n\t\t\t\t\t2.+\u0141ukasz Chyna\u0142 (of rodz. Kornasiewicz)\n\t\t\t\t<\/p>\n<\/td>\n<\/tr>\n<tr>\n<td colspan=\"1\" rowspan=\"2\">\n<p>\n\t\t\t\t\t\u015aroda\n\t\t\t\t<\/p>\n<\/td>\n<td>\n<p>\n\t\t\t\t\t7.00\n\t\t\t\t<\/p>\n<\/td>\n<td>\n<p><style type=\"text\/css\">\nP { margin-bottom: 0.21cm; direction: ltr; color: rgb(0, 0, 0); widows: 2; orphans: 2; }P.western { font-family: \"Times New Roman\",serif; font-size: 12pt; }P.cjk { font-family: \"Times New Roman\",serif; font-size: 12pt; }P.ctl { font-family: \"Times New Roman\",serif; font-size: 12pt; }\t\t\t\t\t<\/style>\n<\/p>\n<p>\n\t\t\t\t\tO zdrowie i b\u0142ogos\u0142awie\u0144stwo Bo\u017ce dla si&oacute;str z r&oacute;\u017cy Mermer Stanis\u0142awy\n\t\t\t\t<\/p>\n<\/td>\n<\/tr>\n<tr>\n<td>\n<p>\n\t\t\t\t\t17.00\n\t\t\t\t<\/p>\n<\/td>\n<td>\n<p><style type=\"text\/css\">\nP { margin-bottom: 0.21cm; direction: ltr; color: rgb(0, 0, 0); widows: 2; orphans: 2; }P.western { font-family: \"Times New Roman\",serif; font-size: 12pt; }P.cjk { font-family: \"Times New Roman\",serif; font-size: 12pt; }P.ctl { font-family: \"Times New Roman\",serif; font-size: 12pt; }\t\t\t\t\t<\/style>\n<\/p>\n<p>\n\t\t\t\t\t1.+Henryk Kiero\u0144ski w 15r.\u015bm\n\t\t\t\t<\/p>\n<p>\n\t\t\t\t\t2.O zdrowie i b\u0142ogos\u0142awie\u0144stwo Bo\u017ce dla si&oacute;str z r&oacute;\u017cy Ewy \u0106wi\u0105ka\u0142y\n\t\t\t\t<\/p>\n<\/td>\n<\/tr>\n<tr>\n<td colspan=\"1\" rowspan=\"2\">\n<p>\n\t\t\t\t\tCzwartek\n\t\t\t\t<\/p>\n<\/td>\n<td>\n<p>\n\t\t\t\t\t7.00\n\t\t\t\t<\/p>\n<\/td>\n<td>\n<p>\n\t\t\t\t\t&nbsp;\n\t\t\t\t<\/p>\n<\/td>\n<\/tr>\n<tr>\n<td>\n<p>\n\t\t\t\t\t17.00\n\t\t\t\t<\/p>\n<\/td>\n<td>\n<p><style type=\"text\/css\">\nP { margin-bottom: 0.21cm; direction: ltr; color: rgb(0, 0, 0); widows: 2; orphans: 2; }P.western { font-family: \"Times New Roman\",serif; font-size: 12pt; }P.cjk { font-family: \"Times New Roman\",serif; font-size: 12pt; }P.ctl { font-family: \"Times New Roman\",serif; font-size: 12pt; }\t\t\t\t\t<\/style>\n<\/p>\n<p>\n\t\t\t\t\t1.+Stanis\u0142aw Nycz\n\t\t\t\t<\/p>\n<p>\n\t\t\t\t\t2.+Krystyna Krupska w 6r.\u015bm (of. m\u0105\u017c z synami)\n\t\t\t\t<\/p>\n<\/td>\n<\/tr>\n<tr>\n<td colspan=\"1\" rowspan=\"2\">\n<p>\n\t\t\t\t\tPi\u0105tek\n\t\t\t\t<\/p>\n<\/td>\n<td>\n<p>\n\t\t\t\t\t7.00\n\t\t\t\t<\/p>\n<\/td>\n<td>\n<p><style type=\"text\/css\">\nP { margin-bottom: 0.21cm; direction: ltr; color: rgb(0, 0, 0); widows: 2; orphans: 2; }P.western { font-family: \"Times New Roman\",serif; font-size: 12pt; }P.cjk { font-family: \"Times New Roman\",serif; font-size: 12pt; }P.ctl { font-family: \"Times New Roman\",serif; font-size: 12pt; }\t\t\t\t\t<\/style>\n<\/p>\n<p>\n\t\t\t\t\t+\u0141ukasz Nowak\n\t\t\t\t<\/p>\n<\/td>\n<\/tr>\n<tr>\n<td>\n<p>\n\t\t\t\t\t17.00\n\t\t\t\t<\/p>\n<\/td>\n<td>\n<p><style type=\"text\/css\">\nP { margin-bottom: 0.21cm; direction: ltr; color: rgb(0, 0, 0); widows: 2; orphans: 2; }P.western { font-family: \"Times New Roman\",serif; font-size: 12pt; }P.cjk { font-family: \"Times New Roman\",serif; font-size: 12pt; }P.ctl { font-family: \"Times New Roman\",serif; font-size: 12pt; }\t\t\t\t\t<\/style>\n<\/p>\n<p>\n\t\t\t\t\t1.+Jakub i rodzic&oacute;w: Ignacy i Joanna, Zofia i Bronis\u0142aw\n\t\t\t\t<\/p>\n<p>\n\t\t\t\t\t2.+Kazimierz i Maria\n\t\t\t\t<\/p>\n<\/td>\n<\/tr>\n<tr>\n<td colspan=\"1\" rowspan=\"2\">\n<p>\n\t\t\t\t\tSobota\n\t\t\t\t<\/p>\n<\/td>\n<td>\n<p>\n\t\t\t\t\t7.00\n\t\t\t\t<\/p>\n<\/td>\n<td>\n<p><style type=\"text\/css\">\nP { margin-bottom: 0.21cm; direction: ltr; color: rgb(0, 0, 0); widows: 2; orphans: 2; }P.western { font-family: \"Times New Roman\",serif; font-size: 12pt; }P.cjk { font-family: \"Times New Roman\",serif; font-size: 12pt; }P.ctl { font-family: \"Times New Roman\",serif; font-size: 12pt; }\t\t\t\t\t<\/style>\n<\/p>\n<p>\n\t\t\t\t\t+Jan, Czes\u0142awa Niekowal\n\t\t\t\t<\/p>\n<\/td>\n<\/tr>\n<tr>\n<td>\n<p>\n\t\t\t\t\t17.00\n\t\t\t\t<\/p>\n<\/td>\n<td>\n<p><style type=\"text\/css\">\nP { margin-bottom: 0.21cm; direction: ltr; color: rgb(0, 0, 0); widows: 2; orphans: 2; }P.western { font-family: \"Times New Roman\",serif; font-size: 12pt; }P.cjk { font-family: \"Times New Roman\",serif; font-size: 12pt; }P.ctl { font-family: \"Times New Roman\",serif; font-size: 12pt; }\t\t\t\t\t<\/style>\n<\/p>\n<p>\n\t\t\t\t\t1.+W\u0142adys\u0142aw Knurek w 7r.\u015bm.\n\t\t\t\t<\/p>\n<p>\n\t\t\t\t\t2.+Stanis\u0142aw Sza\u0142ankiewicz w 1r. \u015bm (of. c&oacute;rka z rodzin\u0105)\n\t\t\t\t<\/p>\n<\/td>\n<\/tr>\n<tr>\n<td colspan=\"1\" rowspan=\"4\">\n<p>\n\t\t\t\t\tNiedziela\n\t\t\t\t<\/p>\n<\/td>\n<td>\n<p>\n\t\t\t\t\t7.30\n\t\t\t\t<\/p>\n<\/td>\n<td>\n<p><style type=\"text\/css\">\nP { margin-bottom: 0.21cm; direction: ltr; color: rgb(0, 0, 0); widows: 2; orphans: 2; }P.western { font-family: \"Times New Roman\",serif; font-size: 12pt; }P.cjk { font-family: \"Times New Roman\",serif; font-size: 12pt; }P.ctl { font-family: \"Times New Roman\",serif; font-size: 12pt; }\t\t\t\t\t<\/style>\n<\/p>\n<p>\n\t\t\t\t\t+J&oacute;zef i Kazimiera De\u0144ko (of. wnuki z rodziny Kielar)\n\t\t\t\t<\/p>\n<\/td>\n<\/tr>\n<tr>\n<td>\n<p>\n\t\t\t\t\t9.15\n\t\t\t\t<\/p>\n<\/td>\n<td>\n<p><style type=\"text\/css\">\nP { margin-bottom: 0.21cm; direction: ltr; color: rgb(0, 0, 0); widows: 2; orphans: 2; }P.western { font-family: \"Times New Roman\",serif; font-size: 12pt; }P.cjk { font-family: \"Times New Roman\",serif; font-size: 12pt; }P.ctl { font-family: \"Times New Roman\",serif; font-size: 12pt; }\t\t\t\t\t<\/style>\n<\/p>\n<p>\n\t\t\t\t\t+Stanis\u0142aw Pola\u0144ski\n\t\t\t\t<\/p>\n<\/td>\n<\/tr>\n<tr>\n<td>\n<p>\n\t\t\t\t\t11.00\n\t\t\t\t<\/p>\n<\/td>\n<td>\n<p>\n\t\t\t\t\tW intencji parafian\n\t\t\t\t<\/p>\n<\/td>\n<\/tr>\n<tr>\n<td>\n<p>\n\t\t\t\t\t16.30\n\t\t\t\t<\/p>\n<\/td>\n<td>\n<p>\n\t\t\t\t\t+J&oacute;zefa Ziemia\u0144ska w 17r.\u015bm\n\t\t\t\t<\/p>\n<\/td>\n<\/tr>\n<\/tbody>\n<\/table>\n","protected":false},"excerpt":{"rendered":"<p>W najbli\u017cszym tygodniu zostan\u0105 odprawione nast\u0119puj\u0105ce intencje mszalne:<span class=\"more-link\"><a href=\"https:\/\/parafiabesko.pl\/?p=1582\">Czytaj wi\u0119cej<\/a><\/span><\/p>\n","protected":false},"author":1,"featured_media":1055,"comment_status":"closed","ping_status":"open","sticky":false,"template":"","format":"standard","meta":{"footnotes":""},"categories":[7],"tags":[],"class_list":["entry","author-adminparafiibesko","has-more-link","post-1582","post","type-post","status-publish","format-standard","has-post-thumbnail","category-ogloszenia-parafialne"],"_links":{"self":[{"href":"https:\/\/parafiabesko.pl\/index.php?rest_route=\/wp\/v2\/posts\/1582","targetHints":{"allow":["GET"]}}],"collection":[{"href":"https:\/\/parafiabesko.pl\/index.php?rest_route=\/wp\/v2\/posts"}],"about":[{"href":"https:\/\/parafiabesko.pl\/index.php?rest_route=\/wp\/v2\/types\/post"}],"author":[{"embeddable":true,"href":"https:\/\/parafiabesko.pl\/index.php?rest_route=\/wp\/v2\/users\/1"}],"replies":[{"embeddable":true,"href":"https:\/\/parafiabesko.pl\/index.php?rest_route=%2Fwp%2Fv2%2Fcomments&post=1582"}],"version-history":[{"count":0,"href":"https:\/\/parafiabesko.pl\/index.php?rest_route=\/wp\/v2\/posts\/1582\/revisions"}],"wp:featuredmedia":[{"embeddable":true,"href":"https:\/\/parafiabesko.pl\/index.php?rest_route=\/"}],"wp:attachment":[{"href":"https:\/\/parafiabesko.pl\/index.php?rest_route=%2Fwp%2Fv2%2Fmedia&parent=1582"}],"wp:term":[{"taxonomy":"category","embeddable":true,"href":"https:\/\/parafiabesko.pl\/index.php?rest_route=%2Fwp%2Fv2%2Fcategories&post=1582"},{"taxonomy":"post_tag","embeddable":true,"href":"https:\/\/parafiabesko.pl\/index.php?rest_route=%2Fwp%2Fv2%2Ftags&post=1582"}],"curies":[{"name":"wp","href":"https:\/\/api.w.org\/{rel}","templated":true}]}}