{"id":1577,"date":"2014-03-16T19:49:37","date_gmt":"2014-03-16T19:49:37","guid":{"rendered":"http:\/\/parafiabesko.pl\/?p=1577"},"modified":"2014-03-16T19:49:37","modified_gmt":"2014-03-16T19:49:37","slug":"komunikat-z-364-zebrania-plenarnego-konferencji-episkopatu-polski","status":"publish","type":"post","link":"https:\/\/parafiabesko.pl\/?p=1577","title":{"rendered":"Komunikat z 364. zebrania plenarnego KEP"},"content":{"rendered":"<p style=\"text-align: justify;\">\n\tW dniach 12 i&nbsp;13 marca 2014 r. biskupi zgromadzili si\u0119 w&nbsp;Warszawie na 364. zebraniu plenarnym Konferencji Episkopatu Polski. By\u0142 na nim obecny tak\u017ce abp Celestino Migliore, nuncjusz apostolski w&nbsp;Polsce.\n<\/p>\n<p>\n\t<!--more-->\n<\/p>\n<p style=\"text-align: justify;\">\n\t1. Zebranie Episkopatu odbywa\u0142o si\u0119 w&nbsp;pierwsz\u0105 rocznic\u0119 wyboru na Stolic\u0119 Piotrow\u0105 Ojca \u015awi\u0119tego Franciszka, kt&oacute;ry zadziwi\u0142 \u015bwiat swoim entuzjazmem g\u0142oszenia Ewangelii i&nbsp;rado\u015bci\u0105 wychodzenia na spotkanie cz\u0142owieka. Jego wezwanie do duszpasterskiego i&nbsp;misyjnego nawr&oacute;cenia Ko\u015bcio\u0142a by\u0142o przedmiotem debaty biskup&oacute;w w&nbsp;pierwszym dniu obrad. S\u0142owo Papie\u017ca przekazane biskupom podczas ostatniej wizyty <em>ad limina apostolorum<\/em> stanie si\u0119 programem dzia\u0142ania Ko\u015bcio\u0142a w&nbsp;Polsce na najbli\u017csze lata. Na zako\u0144czenie spotkania biskupi celebrowali pod przewodnictwem Nuncjusza Apostolskiego Msz\u0119 \u015awi\u0119t\u0105 w&nbsp;intencji Ojca \u015awi\u0119tego w&nbsp;Bazylice \u015bw. Krzy\u017ca w&nbsp;Warszawie.\n<\/p>\n<p style=\"text-align: justify;\">\n\t2. Biskupi dokonali wyboru przewodnicz\u0105cego i&nbsp;zast\u0119pcy przewodnicz\u0105cego Konferencji Episkopatu Polski w&nbsp;zwi\u0105zku z&nbsp;zako\u0144czeniem drugiej kadencji dotychczasowego przewodnicz\u0105cego, abp. J&oacute;zefa Michalika. Nowym przewodnicz\u0105cym zosta\u0142 wybrany abp Stanis\u0142aw G\u0105decki, metropolita pozna\u0144ski, za\u015b jego zast\u0119pc\u0105 abp Marek J\u0119draszewski, metropolita \u0142&oacute;dzki. Biskupi wyrazili wdzi\u0119czno\u015b\u0107 abp. J&oacute;zefowi Michalikowi za 10 lat przewodniczenia Konferencji Episkopatu. Z&nbsp;wielkim zaanga\u017cowaniem i&nbsp;ofiarno\u015bci\u0105 kierowa\u0142 pracami Konferencji, d\u017awigaj\u0105c ci\u0119\u017car odpowiedzialno\u015bci za Ko\u015bci&oacute;\u0142 w&nbsp;naszej Ojczy\u017anie. Z&nbsp;godn\u0105 podziwu determinacj\u0105 broni\u0142 zagro\u017conych warto\u015bci, odwa\u017cnie nazywaj\u0105c rzeczy po imieniu. Z&nbsp;cierpliwo\u015bci\u0105 i&nbsp;mi\u0142o\u015bci\u0105 umacnia\u0142 jedno\u015b\u0107 pasterzy oraz wiernych. Dobrze si\u0119 wpisa\u0142 w&nbsp;najnowsze dzieje Ko\u015bcio\u0142a w&nbsp;Polsce.\n<\/p>\n<p style=\"text-align: justify;\">\n\t3. Dzielimy rado\u015b\u0107 Ko\u015bcio\u0142a powszechnego z&nbsp;daru kanonizacji b\u0142ogos\u0142awionych Jana Paw\u0142a II i&nbsp;Jana XXIII. W&nbsp;osobie Papie\u017ca z&nbsp;Polski mamy jeszcze jednego or\u0119downika u&nbsp;Boga, szczeg&oacute;lnie bliskiego przez swoj\u0105 pastersk\u0105 mi\u0142o\u015b\u0107. Staje przed nami jako wielki \u015awiadek wiary w&nbsp;Chrystusa, jedynego Odkupiciela cz\u0142owieka i&nbsp;\u015bwiata. Wzywa nas, aby\u015bmy stawali si\u0119 \u015bwiadkami i&nbsp;narz\u0119dziami Bo\u017cego Mi\u0142osierdzia. Niech udzia\u0142 w&nbsp;uroczysto\u015bciach kanonizacyjnych &nbsp;w Rzymie i&nbsp;w dzi\u0119kczynieniu na terenie diecezji i&nbsp;parafii, pozwoli lepiej pozna\u0107 i&nbsp;realizowa\u0107 duchowe dziedzictwo naszego wielkiego Rodaka.\n<\/p>\n<p style=\"text-align: justify;\">\n\t&nbsp;4. Trwaj\u0105 przygotowania do XXXI \u015awiatowego Dnia M\u0142odzie\u017cy &ndash; Krak&oacute;w 2016. B\u0142ogos\u0142awiony Jan Pawe\u0142 II podkre\u015bla\u0142, \u017ce \u015awiatowy Dzie\u0144 M\u0142odzie\u017cy &bdquo;jest nie tylko \u015bwi\u0119tem, ale tak\u017ce powa\u017cnym duchowym zadaniem. Aby by\u0142 owocny, potrzebne jest przygotowanie pod kierunkiem pasterzy w&nbsp;diecezjach i&nbsp;parafiach, w&nbsp;stowarzyszeniach i&nbsp;ruchach&rdquo;. Zach\u0119camy duszpasterzy i&nbsp;m\u0142odzie\u017c do korzystania z&nbsp;przygotowanego programu duszpasterskiego. Wszystkich wiernych prosimy o&nbsp;modlitw\u0119 w&nbsp;intencji tego niezwykle wa\u017cnego wydarzenia. Jego rang\u0119 podnosi fakt, \u017ce w&nbsp;roku 2016 obchodzi\u0107 b\u0119dziemy tysi\u0105c pi\u0119\u0107dziesi\u0105t\u0105 rocznic\u0119 Chrztu Polski.\n<\/p>\n<p style=\"text-align: justify;\">\n\tW Niedziel\u0119 Palmow\u0105 polska m\u0142odzie\u017c otrzyma w&nbsp;Rzymie od Ojca \u015awi\u0119tego Franciszka Krzy\u017c \u015awiatowych Dni M\u0142odzie\u017cy. Krzy\u017c ten nawiedzi wszystkie diecezje naszej Ojczyzny. Modlitwa przy Krzy\u017cu b\u0119dzie wa\u017cnym etapem przygotowania do \u015awiatowego Dnia M\u0142odzie\u017cy w&nbsp;Krakowie. W&nbsp;Niedziel\u0119 Palmow\u0105 duchowo b\u0119dziemy \u0142\u0105czy\u0107 si\u0119 z&nbsp;Ojcem \u015awi\u0119tym Franciszkiem i&nbsp;polsk\u0105 delegacj\u0105 przebywaj\u0105c\u0105 w&oacute;wczas w&nbsp;Rzymie.\n<\/p>\n<p style=\"text-align: justify;\">\n\t&nbsp;5. Biskupi Ko\u015bcio\u0142a&nbsp; bizantyjsko-ukrai\u0144skiego w&nbsp;Polsce, uczestnicz\u0105cy w&nbsp;zebraniu plenarnym Konferencji Episkopatu, wyrazili wdzi\u0119czno\u015b\u0107 za liczne przejawy solidarno\u015bci, troski i&nbsp;pomocy pod adresem narodu ukrai\u0144skiego w&nbsp;obliczu dramatycznych wydarze\u0144 ostatnich tygodni. Nadal wspieramy Ukrain\u0119 w&nbsp;jej zmaganiach o&nbsp;wolno\u015b\u0107 oraz integralno\u015b\u0107 terytorialn\u0105. Apelujemy do wiernych o&nbsp;modlitw\u0119 w&nbsp;intencji pokojowego rozwi\u0105zania narastaj\u0105cych konflikt&oacute;w. Kierujemy braterskie pozdrowienia do pasterzy i&nbsp;wiernych dzia\u0142aj\u0105cych na terenie Ukrainy Ko\u015bcio\u0142&oacute;w i&nbsp;wsp&oacute;lnot chrze\u015bcija\u0144skich. Niech B&oacute;g pokoju Was umacnia, nape\u0142nia darem roztropno\u015bci i&nbsp;m\u0119stwa oraz wspomaga w&nbsp;budowaniu nowego \u0142adu spo\u0142ecznego i&nbsp;ekonomicznego w&nbsp;Waszym kraju.\n<\/p>\n<p style=\"text-align: justify;\">\n\t&nbsp;6. Konferencja Episkopatu Polski kieruje szczeg&oacute;lne podzi\u0119kowania za dzia\u0142alno\u015b\u0107 i&nbsp;zaanga\u017cowanie Caritas Polska. W&nbsp;ostatnim czasie organizacja ta, przy wielkim zaanga\u017cowaniu Polak&oacute;w, prowadzi akcj\u0119 &bdquo;Solidarni z&nbsp;Ukrain\u0105&rdquo;, dzi\u0119ki kt&oacute;rej przekaza\u0142a ju\u017c 150 tysi\u0119cy z\u0142otych lwowskiej instytucji charytatywnej <em>Caritas Spes<\/em>, za\u015b ponad milion z\u0142otych przeznaczy\u0142a na projekty pomocy poszkodowanym w&nbsp;Kijowie oraz dzieciom i&nbsp;osobom starszym potrzebuj\u0105cym wsparcia. Jednocze\u015bnie trwa wsp&oacute;lna inicjatywa Caritas Polska i&nbsp;Poczty Polskiej &bdquo;Rodzina Rodzinie&rdquo;, dzi\u0119ki kt&oacute;rej Polacy wysy\u0142aj\u0105 paczki do potrzebuj\u0105cych na Ukrainie.\n<\/p>\n<p style=\"text-align: justify;\">\n\tCaritas Polska od kilku lat przeznacza wp\u0142ywy pozyskane z&nbsp;jednego procenta podatku na zakup sprz\u0119tu medycznego do wypo\u017cyczalni Caritas na terenie ca\u0142ego kraju. Potrzeby tych plac&oacute;wek s\u0105 wielkie, dlatego biskupi zwracaj\u0105 si\u0119 z&nbsp;pro\u015bb\u0105 do wiernych, by podobnie, jak w&nbsp;latach poprzednich wspierali dzia\u0142alno\u015b\u0107 Caritas, przekazuj\u0105c 1% swojego podatku.\n<\/p>\n<p style=\"text-align: justify;\">\n\t&nbsp;7. Biskupi przyj\u0119li do wiadomo\u015bci informacje na temat inicjatywy parlamentarnej odno\u015bnie do ustawy o&nbsp;planowaniu rodziny, ochronie p\u0142odu ludzkiego i&nbsp;warunkach dopuszczalno\u015bci przerywania ci\u0105\u017cy. Inicjatywa ta proponuje wprowadzenie obowi\u0105zku gromadzenia danych statystycznych na temat dokonanych aborcji. Informacje te ukazywa\u0142yby zakres zjawiska i&nbsp;w opinii biskup&oacute;w uwra\u017cliwia\u0142yby jeszcze bardziej na potrzeb\u0119 ochrony \u017cycia ludzkiego.\n<\/p>\n<p style=\"text-align: justify;\">\n\t&nbsp;8. Wobec planowanej przez Rz\u0105d Rzeczypospolitej Polskiej ratyfikacji Konwencji Rady Europy o&nbsp;zapobieganiu i&nbsp;zwalczaniu przemocy wobec kobiet i&nbsp;przemocy domowej biskupi kolejny raz zaznaczaj\u0105, \u017ce s\u0105 przeciwni jakiejkolwiek formie przemocy wobec kobiet i&nbsp;wypowiadaj\u0105 si\u0119 zdecydowanie<strong> <\/strong>za ich r&oacute;wnouprawnieniem. Podkre\u015blaj\u0105 r&oacute;wnie\u017c, \u017ce Polska ma ju\u017c obecnie wystarczaj\u0105ce rozwi\u0105zania prawne, by przeciwdzia\u0142a\u0107 przemocy wobec kobiet i&nbsp;przemocy domowej. Nie ma \u017cadnej potrzeby wprowadzania rozwi\u0105za\u0144 opartych na redefinicji takich poj\u0119\u0107, jak np. p\u0142e\u0107, rodzina czy ma\u0142\u017ce\u0144stwo. Niebezpiecze\u0144stwa przyj\u0119cia tej konwencji dostrzegaj\u0105 liczne \u015brodowiska prorodzinne i&nbsp;kobiece oraz przedstawiciele \u015brodowisk naukowych. Ich g\u0142osy docieraj\u0105 do Sekretariatu Konferencji Episkopatu.\n<\/p>\n<p style=\"text-align: justify;\">\n\t&nbsp;Biskupi b\u0142ogos\u0142awi\u0105 kap\u0142anom i&nbsp;wiernym uczestnicz\u0105cym w&nbsp;rekolekcjach i&nbsp;zach\u0119caj\u0105 wszystkich do wielkopostnej przemiany.\n<\/p>\n<p style=\"text-align: justify;\">\n\t&nbsp;<em>Podpisali: Pasterze Ko\u015bcio\u0142a katolickiego w&nbsp;Polsce<\/em>\n<\/p>\n<p style=\"text-align: justify;\">\n\t&nbsp;Warszawa, 13 marca 2014 r.<\/p>\n","protected":false},"excerpt":{"rendered":"<p>W dniach 12 i&nbsp;13 marca 2014 r. biskupi zgromadzili si\u0119 w&nbsp;Warszawie na 364. zebraniu plenarnym Konferencji Episkopatu Polski. By\u0142 na nim obecny tak\u017ce abp Celestino Migliore, nuncjusz apostolski w&nbsp;Polsce.<span class=\"more-link\"><a href=\"https:\/\/parafiabesko.pl\/?p=1577\">Czytaj wi\u0119cej<\/a><\/span><\/p>\n","protected":false},"author":1,"featured_media":668,"comment_status":"closed","ping_status":"open","sticky":false,"template":"","format":"standard","meta":{"footnotes":""},"categories":[6],"tags":[],"class_list":["entry","author-adminparafiibesko","has-more-link","post-1577","post","type-post","status-publish","format-standard","has-post-thumbnail","category-uncategorized"],"_links":{"self":[{"href":"https:\/\/parafiabesko.pl\/index.php?rest_route=\/wp\/v2\/posts\/1577","targetHints":{"allow":["GET"]}}],"collection":[{"href":"https:\/\/parafiabesko.pl\/index.php?rest_route=\/wp\/v2\/posts"}],"about":[{"href":"https:\/\/parafiabesko.pl\/index.php?rest_route=\/wp\/v2\/types\/post"}],"author":[{"embeddable":true,"href":"https:\/\/parafiabesko.pl\/index.php?rest_route=\/wp\/v2\/users\/1"}],"replies":[{"embeddable":true,"href":"https:\/\/parafiabesko.pl\/index.php?rest_route=%2Fwp%2Fv2%2Fcomments&post=1577"}],"version-history":[{"count":0,"href":"https:\/\/parafiabesko.pl\/index.php?rest_route=\/wp\/v2\/posts\/1577\/revisions"}],"wp:featuredmedia":[{"embeddable":true,"href":"https:\/\/parafiabesko.pl\/index.php?rest_route=\/"}],"wp:attachment":[{"href":"https:\/\/parafiabesko.pl\/index.php?rest_route=%2Fwp%2Fv2%2Fmedia&parent=1577"}],"wp:term":[{"taxonomy":"category","embeddable":true,"href":"https:\/\/parafiabesko.pl\/index.php?rest_route=%2Fwp%2Fv2%2Fcategories&post=1577"},{"taxonomy":"post_tag","embeddable":true,"href":"https:\/\/parafiabesko.pl\/index.php?rest_route=%2Fwp%2Fv2%2Ftags&post=1577"}],"curies":[{"name":"wp","href":"https:\/\/api.w.org\/{rel}","templated":true}]}}