{"id":1565,"date":"2014-03-09T21:49:18","date_gmt":"2014-03-09T21:49:18","guid":{"rendered":"http:\/\/parafiabesko.pl\/?p=1565"},"modified":"2014-03-09T21:49:18","modified_gmt":"2014-03-09T21:49:18","slug":"list-pasterski-na-wielki-post-2014","status":"publish","type":"post","link":"https:\/\/parafiabesko.pl\/?p=1565","title":{"rendered":"List pasterski na Wielki Post 2014"},"content":{"rendered":"<p>\n\t<strong><em>Prze\u017cyjmy Wielki Post w duchu zalece\u0144 Papie\u017ca Franciszka<\/em><\/strong>\n<\/p>\n<p><!--more--><\/p>\n<p style=\"margin-left: 70.8pt; text-align: justify;\">\n\tDrodzy Bracia Kap\u0142ani, Drodzy Diecezjanie.\n<\/p>\n<p style=\"text-align: justify;\">\n\t&nbsp;&nbsp;&nbsp;&nbsp;&nbsp;&nbsp;&nbsp;&nbsp;&nbsp;&nbsp;&nbsp;&nbsp;&nbsp;&nbsp;&nbsp;&nbsp;&nbsp;&nbsp;&nbsp;&nbsp;&nbsp;&nbsp; Rozpoczynamy Wielki Post, okres liturgiczny, kt&oacute;ry ma nas przygotowa\u0107 do Wielkanocy, ma pom&oacute;c pog\u0142\u0119bi\u0107 nasz\u0105 wiar\u0119 przez zrozumienie jak wielkim z\u0142em jest grzech i jak wielka jest warto\u015b\u0107 odkupie\u0144czej \u015bmierci Syna Bo\u017cego: <em>Albowiem jak przez niepos\u0142usze\u0144stwo jednego cz\u0142owieka wszyscy stali si\u0119 grzesznikami, tak przez pos\u0142usze\u0144stwo Jednego wszyscy stan\u0105 si\u0119 sprawiedliwymi <\/em>(Rz 5, 19). Chrystus &ndash; Nowy Adam zwyci\u0119\u017ca pokusy szatana, nie ulega grzechowi a z Nim i nasze zwyci\u0119stwa nad szatanem staj\u0105 si\u0119 mo\u017cliwe. Pan Jezus got&oacute;w jest uzdrowi\u0107 wszystkie nasze s\u0142abo\u015bci i doda\u0107 nam si\u0142 do lepszego \u017cycia.\n<\/p>\n<p style=\"text-align: justify;\">\n\t&nbsp;&nbsp;&nbsp;&nbsp;&nbsp;&nbsp;&nbsp;&nbsp;&nbsp;&nbsp;&nbsp; W tym roku chcia\u0142bym podzieli\u0107 si\u0119 z Wami refleksj\u0105, jak nasz\u0105 wiar\u0119 odbieraj\u0105 inni. Jak wiecie, w dniach od 1 do 8 lutego br. wraz z biskupami Adamem i Stanis\u0142awem odbyli\u015bmy wizyt\u0119 u grob&oacute;w Aposto\u0142&oacute;w Piotra i Paw\u0142a, wype\u0142niaj\u0105c obowi\u0105zek z\u0142o\u017cenia sprawozda\u0144 Papie\u017cowi i Urz\u0119dom Stolicy Apostolskiej.\n<\/p>\n<p style=\"text-align: justify;\">\n\t&nbsp;&nbsp;&nbsp;&nbsp;&nbsp;&nbsp;&nbsp;&nbsp;&nbsp;&nbsp;&nbsp; Spotkanie naszej grupy z Ojcem \u015awi\u0119tym Franciszkiem obj\u0119\u0142o trzy metropolie: Przemysk\u0105, Lubelsk\u0105 i Bia\u0142ostock\u0105, mia\u0142o miejsce w dniu 6 lutego i trwa\u0142o p&oacute;\u0142torej godziny, co pozwoli\u0142o na wymian\u0119 zda\u0144 na szereg wa\u017cnych spraw, dotycz\u0105cych \u017cycia Ko\u015bcio\u0142a w archidiecezji, w Polsce i na \u015bwiecie. Ojciec \u015awi\u0119ty okaza\u0142 si\u0119 bezpo\u015brednim rozm&oacute;wc\u0105 i bardzo przyst\u0119pnym cz\u0142owiekiem. Z trosk\u0105 pyta\u0142 o to, czy Polacy uczestnicz\u0105 w niedzielnej Mszy \u015bwi\u0119tej i jak wygl\u0105da nasze \u017cycie sakramentalne, kilkakrotnie wraca\u0142 do pytania o powo\u0142ania kap\u0142a\u0144skie i zakonne, o styl \u017cycia i pracy ksi\u0119\u017cy oraz o kryzysy kap\u0142a\u0144skie. Zach\u0119ca\u0142 do promocji misji katolickich, szczeg&oacute;\u0142owo zainteresowa\u0142 si\u0119 histori\u0105 \u017cycia i beatyfikacj\u0105 s\u0142ug Bo\u017cych rodziny Ulm&oacute;w, zamordowanych za pomoc \u017bydom w czasie okupacji. Zach\u0119ca\u0142 tak\u017ce do wytrwania i obrony przed naporem laicyzacji zw\u0142aszcza tak&nbsp; agresywnie atakuj\u0105cej zasady moralno\u015bci. Wida\u0107 wyra\u017anie, \u017ce nie brak dzi\u015b centr&oacute;w mi\u0119dzynarodowych, kt&oacute;re zach\u0119caj\u0105 do relatywizmu moralnego, atakuj\u0105c &nbsp;przy tym Ko\u015bci&oacute;\u0142 katolicki.\n<\/p>\n<p style=\"text-align: justify;\">\n\tNa zako\u0144czenie naszego pierwszego spotkania Papie\u017c stwierdzi\u0142, \u017ce \u015bwiat dzisiaj jest g\u0142\u0119boko poraniony i prze\u017cywa ci\u0119\u017ck\u0105 chorob\u0119 moraln\u0105, Ko\u015bci&oacute;\u0142 zatem musi spe\u0142nia\u0107 misj\u0119 &bdquo;szpitala polowego&rdquo;, spiesz\u0105c na ratunek z natychmiastow\u0105 pomoc\u0105. T\u0105 pomoc\u0105 jest Bo\u017ce mi\u0142osierdzie. Nasza epoka jest epok\u0105 mi\u0142osierdzia, w kt&oacute;r\u0105 wprowadzi\u0142 nas b\u0142. Jan Pawe\u0142 II, za\u015b do nas nale\u017cy kontynuacja, pog\u0142\u0119bianie tej prawdy przez ufn\u0105 modlitw\u0119 do Jezusa Mi\u0142osiernego oraz czyny. Mi\u0142osierdziem jest g\u0142oszenie ewangelii &ndash; prawdy Bo\u017cej wobec oszczerstw i k\u0142amstw, okazywanie mi\u0142o\u015bci wobec doznawanych atak&oacute;w nienawi\u015bci i wynagradzanie dobremu Bogu za grzechy blu\u017anierstw, zniewag i przemocy wobec s\u0142abszych, a tak\u017ce czynna, \u017cyczliwa pomoc biednym, chorym, samotnym.\n<\/p>\n<p style=\"text-align: justify;\">\n\t&nbsp;&nbsp;&nbsp;&nbsp;&nbsp;&nbsp;&nbsp;&nbsp;&nbsp;&nbsp;&nbsp; W pewnym momencie Ojciec \u015awi\u0119ty powiedzia\u0142 z przej\u0119ciem: <em>biskup, kt&oacute;ry si\u0119 modli za diecezj\u0119, adoruje Pana Jezusa w Naj\u015bwi\u0119tszym Sakramencie przez godzin\u0119 albo dwie, mo\u017ce by\u0107 spokojny o wiar\u0119 swoich kap\u0142an&oacute;w i wiernych<\/em>. Widzia\u0142em, \u017ce dzieli\u0142 si\u0119 wtedy z nami swoim do\u015bwiadczeniem modlitwy za Ko\u015bci&oacute;\u0142.\n<\/p>\n<p style=\"text-align: justify;\">\n\t&nbsp;&nbsp;&nbsp;&nbsp;&nbsp;&nbsp;&nbsp;&nbsp;&nbsp;&nbsp;&nbsp; Drodzy Bracia Kap\u0142ani, to samo pragn\u0119 odnie\u015b\u0107 dzi\u015b do Was, Ksi\u0119\u017cy Proboszcz&oacute;w i Wikariuszy, do nas wszystkich, zatroskanych o nawr&oacute;cenie grzesznik&oacute;w, potrzeb\u0119 nowych powo\u0142a\u0144 do seminarium, zatroskanych o misje, o wytrwanie powo\u0142anych, o wiar\u0119 w rodzinach i przywi\u0105zanie do Ko\u015bcio\u0142a ludzi m\u0142odych z naszych rodzin. Zach\u0119ta do adoracji Naj\u015bwi\u0119tszego Sakramentu, to dopowiedzenie Papie\u017ca do mego ostatniego listu pasterskiego.\n<\/p>\n<p style=\"text-align: justify;\">\n\t&nbsp;&nbsp;&nbsp;&nbsp;&nbsp;&nbsp;&nbsp;&nbsp;&nbsp;&nbsp;&nbsp; Warto te\u017c powiedzie\u0107, \u017ce w czasie odwiedzin w kilkunastu dykasteriach Stolicy Apostolskiej wsz\u0119dzie spotykali\u015bmy si\u0119 z szacunkiem i uznaniem wobec \u015bwiadectwa wiary Ko\u015bcio\u0142a w Polsce. Niekt&oacute;rzy kardyna\u0142owie z rado\u015bci\u0105 stwierdzali, \u017ce myli\u0142y si\u0119 przepowiednie fatalist&oacute;w, i\u017c Polska po odzyskaniu wolno\u015bci straci rozmach wiary, ozi\u0119bnie i przestanie by\u0107 katolicka, a ko\u015bcio\u0142y i seminaria opustoszej\u0105.\n<\/p>\n<p style=\"text-align: justify;\">\n\t&nbsp;&nbsp;&nbsp;&nbsp;&nbsp;&nbsp;&nbsp;&nbsp;&nbsp;&nbsp;&nbsp; Dzi\u0119kujemy Bogu, \u017ce to si\u0119 dot\u0105d nie sta\u0142o, ale przecie\u017c widzimy jak mocno atakuje nas szatan przez swoje przewrotne ideologie, o kt&oacute;rych jeszcze niedawno nie mieli\u015bmy poj\u0119cia. Boli nas to, \u017ce wielu ludzi zaczyna mu ufa\u0107, oddalaj\u0105c si\u0119 od Boga i Ko\u015bcio\u0142a. S\u0105 ju\u017c i w Polsce centra antyklerykalne i antyko\u015bcielne, naszym obowi\u0105zkiem jest je rozpozna\u0107 i odwr&oacute;ci\u0107 si\u0119 od nich. Naszym \u015bwi\u0119tym i wielkim zadaniem jest poznawa\u0107 g\u0142\u0119biej i lepiej nasz\u0105 wiar\u0119 i mocniej przylgn\u0105\u0107 do Boga i Ko\u015bcio\u0142a. Przez dwa tysi\u0105ce lat Chrystus i Ko\u015bci&oacute;\u0142 nikogo nie zawi&oacute;d\u0142, nie zawiedzie nas nigdy.\n<\/p>\n<p style=\"text-align: justify;\">\n\t&nbsp;&nbsp;&nbsp;&nbsp;&nbsp;&nbsp;&nbsp;&nbsp;&nbsp;&nbsp;&nbsp; Na zako\u0144czenie naszego pobytu w Rzymie jeszcze raz wszyscy spotkali\u015bmy si\u0119 z Papie\u017cem Franciszkiem. Podczas tego spotkania przedstawi\u0142em Ojcu \u015awi\u0119temu sprawozdanie z sytuacji Ko\u015bcio\u0142a w Polsce, wskazuj\u0105c na owoce dobre i pi\u0119kne naszej pracy, ale te\u017c m&oacute;wi\u0142em o niepokojach.\n<\/p>\n<p style=\"text-align: justify;\">\n\t&nbsp;&nbsp;&nbsp;&nbsp;&nbsp;&nbsp;&nbsp;&nbsp;&nbsp;&nbsp;&nbsp; Papie\u017c przekaza\u0142 nam swoje s\u0142owo i wskazania, kt&oacute;re warto pozna\u0107 w ca\u0142o\u015bci. Warto te\u017c zwr&oacute;ci\u0107 uwag\u0119 na pe\u0142n\u0105 jedno\u015b\u0107 Ojca \u015awi\u0119tego z biskupami polskimi, kt&oacute;ry zach\u0119ca\u0142 i nas do czuwania w tej sprawie: <em>&nbsp;Nikt i nic niech nie wprowadza podzia\u0142&oacute;w mi\u0119dzy wami&hellip; Jeste\u015bcie wezwani, aby budowa\u0107 jedno\u015b\u0107 i pok&oacute;j, zakorzenione w mi\u0142o\u015bci braterskiej i by wszystkim da\u0107 tego podnosz\u0105cy na duchu przyk\u0142ad. <\/em>Dalej Franciszek kontynuowa\u0142: <em>Ko\u015bci&oacute;\u0142 w Polsce ma ogromny potencja\u0142 wiary, modlitwy, mi\u0142osierdzia i praktyki chrze\u015bcija\u0144skiej, <\/em>i zach\u0119ca\u0142 aby\u015bmy zwr&oacute;cili szczeg&oacute;ln\u0105 uwag\u0119 na rodzin\u0119, bo prze\u017cywa swoje kryzysy i pokusy. Wa\u017cnym zadaniem jest te\u017c duszpasterska troska o m\u0142odzie\u017c i niepok&oacute;j o zagro\u017cenia wiary w\u015br&oacute;d setek tysi\u0119cy emigrant&oacute;w.\n<\/p>\n<p style=\"text-align: justify;\">\n\t&nbsp;&nbsp;&nbsp;&nbsp;&nbsp;&nbsp;&nbsp;&nbsp;&nbsp;&nbsp;&nbsp; &nbsp;&nbsp;&nbsp;&nbsp;&nbsp;&nbsp;&nbsp;&nbsp;&nbsp;&nbsp;&nbsp; Czy biskupi, ksi\u0119\u017ca i zakony&nbsp; potrafi\u0105 rozwi\u0105za\u0107 wszystkie te spi\u0119trzone problemy? Sami nie potrafi\u0105, ale je\u015bli zdo\u0142amy obudzi\u0107 now\u0105 odpowiedzialno\u015b\u0107 i gorliwo\u015b\u0107 we wszystkich ochrzczonych, a przecie\u017c jest &nbsp;nas w Polsce 93, a mo\u017ce nawet 95%, to oblicze moralne i materialne Polski stanie si\u0119 inne. Czy to mo\u017cliwe? Bez \u0142aski Bo\u017cej pozostanie pustym \u017cyczeniem, dzi\u0119ki Bo\u017cej \u0142asce stanie si\u0119 o\u017cywcz\u0105 si\u0142\u0105, stanie si\u0119 mo\u017cliwe. B&oacute;g jest mocniejszy ni\u017c nasze grzechy i s\u0142abo\u015bci.\n<\/p>\n<p style=\"text-align: justify;\">\n\tZ trosk\u0105 my\u015bl\u0119 o s\u0142abn\u0105cej wi\u0119zi w rodzinach, ale te\u017c z trosk\u0105 my\u015bl\u0119 o samotno\u015bci wielu ksi\u0119\u017cy, kt&oacute;rych bro\u0144cie modlitw\u0105 i okazywan\u0105 \u017cyczliwo\u015bci\u0105 przed zw\u0105tpieniem i s\u0142abo\u015bci\u0105, pom&oacute;\u017ccie im przez ochotne i ofiarne zaanga\u017cowanie znale\u017a\u0107 g\u0142\u0119bszy sens pracy kap\u0142a\u0144skiej, \u017cywej &nbsp;modlitwy i ofiary.\n<\/p>\n<p style=\"text-align: justify;\">\n\t&nbsp;&nbsp;&nbsp;&nbsp;&nbsp;&nbsp;&nbsp;&nbsp;&nbsp;&nbsp;&nbsp; Zatem, drodzy Bracia i Siostry &ndash; w tym Wielkim Po\u015bcie, w duchu przygotowa\u0144 do kanonizacji Jana Paw\u0142a II zabierajmy si\u0119 do pracy i gorliwszej modlitwy. Adoruj\u0105c za\u015b Pana Jezusa w Naj\u015bwi\u0119tszym Sakramencie m&oacute;dlmy si\u0119 za Ojca \u015awi\u0119tego, za Ko\u015bci&oacute;\u0142 i Ojczyzn\u0119, aby mog\u0142a sta\u0107 si\u0119 miejscem braterskiej i s\u0105siedzkiej \u017cyczliwo\u015bci, miejscem mi\u0142osierdzia dla grzesznik&oacute;w i \u015bwiat\u0142em prawdy dla nieprzyjaci&oacute;\u0142 Ko\u015bcio\u0142a, aby mog\u0142a sta\u0107 si\u0119 Kr&oacute;lestwem Chrystusa.\n<\/p>\n<p style=\"text-align: justify;\">\n\tZapraszam na wsp&oacute;lne modlitewne spotkanie m\u0142odzie\u017c z ca\u0142ej archidiecezji na Niedziel\u0119 Palmow\u0105 do Le\u017cajska. Drodzy m\u0142odzi &ndash; Wasza modlitwa jest potrzebna Ko\u015bcio\u0142owi, aby m&oacute;g\u0142 w pe\u0142ni uwielbia\u0107 Boga, a Wasze radosne, dobre czyny utwierdzaj\u0105 nasz\u0105 nadziej\u0119 na bezpieczn\u0105 przysz\u0142o\u015b\u0107. Pami\u0119tajcie &ndash; Chrystus Was kocha, jeste\u015bcie potrzebni Ko\u015bcio\u0142owi.\n<\/p>\n<p style=\"text-align: justify;\">\n\tNa zako\u0144czenie zach\u0119cam do szczerego rachunku sumienia, do szczerej spowiedzi wielkanocnej, do modlitwy za oddalonych od Boga. Wiem, \u017ce szczeg&oacute;lnie uczestnicy naszej pielgrzymki do Cz\u0119stochowy, podejmuj\u0105c has\u0142o <em>Wierz\u0119 w Syna Bo\u017cego, <\/em>uto\u017csamiaj\u0105 si\u0119 z tym zatroskaniem Ko\u015bcio\u0142a, kt&oacute;re niech w tym Wielkim Po\u015bcie obejmie nasze serca. Matce Naj\u015bwi\u0119tszej polecam Was wszystkich i b\u0142ogos\u0142awi\u0119 na \u017cycie z wiary.\n<\/p>\n<p style=\"margin-left: 141.6pt; text-align: justify;\">\n\tWasz Arcybiskup<em> J&oacute;zef Michalik<\/em>\n<\/p>\n<p style=\"text-align: justify;\">\n\tPrzemy\u015bl, 09 03. 2014 r.<\/p>\n","protected":false},"excerpt":{"rendered":"<p>Prze\u017cyjmy Wielki Post w duchu zalece\u0144 Papie\u017ca Franciszka<span class=\"more-link\"><a href=\"https:\/\/parafiabesko.pl\/?p=1565\">Czytaj wi\u0119cej<\/a><\/span><\/p>\n","protected":false},"author":1,"featured_media":700,"comment_status":"closed","ping_status":"open","sticky":false,"template":"","format":"standard","meta":{"footnotes":""},"categories":[6],"tags":[],"class_list":["entry","author-adminparafiibesko","has-more-link","post-1565","post","type-post","status-publish","format-standard","has-post-thumbnail","category-uncategorized"],"_links":{"self":[{"href":"https:\/\/parafiabesko.pl\/index.php?rest_route=\/wp\/v2\/posts\/1565","targetHints":{"allow":["GET"]}}],"collection":[{"href":"https:\/\/parafiabesko.pl\/index.php?rest_route=\/wp\/v2\/posts"}],"about":[{"href":"https:\/\/parafiabesko.pl\/index.php?rest_route=\/wp\/v2\/types\/post"}],"author":[{"embeddable":true,"href":"https:\/\/parafiabesko.pl\/index.php?rest_route=\/wp\/v2\/users\/1"}],"replies":[{"embeddable":true,"href":"https:\/\/parafiabesko.pl\/index.php?rest_route=%2Fwp%2Fv2%2Fcomments&post=1565"}],"version-history":[{"count":0,"href":"https:\/\/parafiabesko.pl\/index.php?rest_route=\/wp\/v2\/posts\/1565\/revisions"}],"wp:featuredmedia":[{"embeddable":true,"href":"https:\/\/parafiabesko.pl\/index.php?rest_route=\/"}],"wp:attachment":[{"href":"https:\/\/parafiabesko.pl\/index.php?rest_route=%2Fwp%2Fv2%2Fmedia&parent=1565"}],"wp:term":[{"taxonomy":"category","embeddable":true,"href":"https:\/\/parafiabesko.pl\/index.php?rest_route=%2Fwp%2Fv2%2Fcategories&post=1565"},{"taxonomy":"post_tag","embeddable":true,"href":"https:\/\/parafiabesko.pl\/index.php?rest_route=%2Fwp%2Fv2%2Ftags&post=1565"}],"curies":[{"name":"wp","href":"https:\/\/api.w.org\/{rel}","templated":true}]}}