{"id":1563,"date":"2014-03-09T21:47:33","date_gmt":"2014-03-09T21:47:33","guid":{"rendered":"http:\/\/parafiabesko.pl\/?p=1563"},"modified":"2014-03-09T21:47:33","modified_gmt":"2014-03-09T21:47:33","slug":"ogloszenia-9-03-2014","status":"publish","type":"post","link":"https:\/\/parafiabesko.pl\/?p=1563","title":{"rendered":"Og\u0142oszenia 9.03.2014"},"content":{"rendered":"<p>\n\t1. Dzisiaj Nabo\u017ce\u0144stwo Gorzkich \u017cali z kazaniem pasyjnym w Besku o godzinie 16.00. Adoruje r&oacute;\u017ca Zofii Rzo\u0144cy. Taca z tego nabo\u017ce\u0144stwa przeznaczona jest na kwiaty do Bo\u017cego Grobu. W ko\u015bcio\u0142ach filialnych Nabo\u017ce\u0144stwo Gorzkich \u017cali i Msza \u015bwi\u0119ta w Mymoniu o godzinie 8.30, a w Por\u0119bach o godzinie 10.00. W przysz\u0142\u0105 niedziel\u0119 na Gorzkich \u017calach adoruje r&oacute;\u017ca Rajter Marii.\n<\/p>\n<p><!--more--><\/p>\n<p>\n\t2. &nbsp;W poniedzia\u0142ek pocz\u0105tek nowenny przed uroczysto\u015bci\u0105 \u015bw. J&oacute;zefa.\n<\/p>\n<p>\n\t3. &nbsp;W czwartek 13 marca, pierwsza rocznica wyboru papie\u017ca Franciszka o godzinie 17.00 Msza \u015bwi\u0119ta, a po niej&nbsp; adoracja Naj\u015bwi\u0119tszego sakramentu przygotowuj\u0105ca nas do kanonizacji b\u0142ogos\u0142awionego Jana Paw\u0142a II. Zach\u0119camy Parafian do udzia\u0142u w tej modlitwie.\n<\/p>\n<p>\n\t4.&nbsp; W czwartek na godzin\u0119 17.00 zapraszamy m\u0142odzie\u017c drugiej klasy gimnazjum na spotkanie formacyjne do ko\u015bcio\u0142a przed Bierzmowaniem.\n<\/p>\n<p>\n\t4. &nbsp;&nbsp;W pi\u0105tek Nabo\u017ce\u0144stwo Drogi krzy\u017cowej rano po Mszy \u015bwi\u0119tej o godzinie 7.00,&nbsp; po po\u0142udniu o godzinie 17.00. Zach\u0119camy dzieci, m\u0142odzie\u017c i starszych od udzia\u0142u w rozwa\u017caniu M\u0119ki Pa\u0144skiej. Za odprawienie Drogi krzy\u017cowej mo\u017cna zyska\u0107 odpust zupe\u0142ny pod zwyk\u0142ymi warunkami. W ko\u015bcio\u0142ach filialnych Nabo\u017ce\u0144stwo Drogi krzy\u017cowej, uca\u0142owanie relikwii \u015bwi\u0119tych i Komunia \u015bwi\u0119ta w Mymoniu o godzinie 16.00, a w Por\u0119bach o godzinie 17.00.\n<\/p>\n<p>\n\t5.&nbsp; Dzi\u0119kujemy za ofiary z\u0142o\u017cone w tym roku na witra\u017ce. B&oacute;g zap\u0142a\u0107!<\/p>\n","protected":false},"excerpt":{"rendered":"<p>1. Dzisiaj Nabo\u017ce\u0144stwo Gorzkich \u017cali z kazaniem pasyjnym w Besku o godzinie 16.00. Adoruje r&oacute;\u017ca Zofii Rzo\u0144cy. Taca z tego nabo\u017ce\u0144stwa przeznaczona jest na kwiaty do Bo\u017cego Grobu. W ko\u015bcio\u0142ach filialnych Nabo\u017ce\u0144stwo Gorzkich \u017cali i Msza \u015bwi\u0119ta w Mymoniu o godzinie 8.30, a w Por\u0119bach o godzinie 10.00. W przysz\u0142\u0105<span class=\"more-link\"><a href=\"https:\/\/parafiabesko.pl\/?p=1563\">Czytaj wi\u0119cej<\/a><\/span><\/p>\n","protected":false},"author":1,"featured_media":1059,"comment_status":"closed","ping_status":"open","sticky":false,"template":"","format":"standard","meta":{"footnotes":""},"categories":[7],"tags":[],"class_list":["entry","author-adminparafiibesko","has-more-link","post-1563","post","type-post","status-publish","format-standard","has-post-thumbnail","category-ogloszenia-parafialne"],"_links":{"self":[{"href":"https:\/\/parafiabesko.pl\/index.php?rest_route=\/wp\/v2\/posts\/1563","targetHints":{"allow":["GET"]}}],"collection":[{"href":"https:\/\/parafiabesko.pl\/index.php?rest_route=\/wp\/v2\/posts"}],"about":[{"href":"https:\/\/parafiabesko.pl\/index.php?rest_route=\/wp\/v2\/types\/post"}],"author":[{"embeddable":true,"href":"https:\/\/parafiabesko.pl\/index.php?rest_route=\/wp\/v2\/users\/1"}],"replies":[{"embeddable":true,"href":"https:\/\/parafiabesko.pl\/index.php?rest_route=%2Fwp%2Fv2%2Fcomments&post=1563"}],"version-history":[{"count":0,"href":"https:\/\/parafiabesko.pl\/index.php?rest_route=\/wp\/v2\/posts\/1563\/revisions"}],"wp:featuredmedia":[{"embeddable":true,"href":"https:\/\/parafiabesko.pl\/index.php?rest_route=\/"}],"wp:attachment":[{"href":"https:\/\/parafiabesko.pl\/index.php?rest_route=%2Fwp%2Fv2%2Fmedia&parent=1563"}],"wp:term":[{"taxonomy":"category","embeddable":true,"href":"https:\/\/parafiabesko.pl\/index.php?rest_route=%2Fwp%2Fv2%2Fcategories&post=1563"},{"taxonomy":"post_tag","embeddable":true,"href":"https:\/\/parafiabesko.pl\/index.php?rest_route=%2Fwp%2Fv2%2Ftags&post=1563"}],"curies":[{"name":"wp","href":"https:\/\/api.w.org\/{rel}","templated":true}]}}