{"id":1549,"date":"2014-03-02T06:26:40","date_gmt":"2014-03-02T06:26:40","guid":{"rendered":"http:\/\/parafiabesko.pl\/?p=1549"},"modified":"2014-03-02T06:26:40","modified_gmt":"2014-03-02T06:26:40","slug":"ogloszenia-2-03-2014","status":"publish","type":"post","link":"https:\/\/parafiabesko.pl\/?p=1549","title":{"rendered":"Og\u0142oszenia 2.03.2014"},"content":{"rendered":"<p align=\"left\">\n\t1. Dzisiaj&nbsp; Niedziela Adoracyjna od godziny 12.00 do 16.00 prywatna adoracja rodzin. O godzinie 16.00 nabo\u017ce\u0144stwo r&oacute;\u017ca\u0144cowe i zmiana tajemnic adoruje r&oacute;\u017c Kielar Stanis\u0142awy.\n<\/p>\n<p><!--more--><\/p>\n<p align=\"left\">\n\t2. Taca z dzisiejszej niedzieli przeznaczona jest na Seminarium Duchowne w Przemy\u015blu.\n<\/p>\n<p align=\"left\">\n\t3. Dzisiaj po Mszach \u015bwi\u0119tych zg\u0142aszanie dzieci do Chrztu \u015bwi\u0119tego na przysz\u0142\u0105 niedziel\u0119. Konferencja dla rodzic&oacute;w i chrzestnych we wtorek o godzinie 16.00.\n<\/p>\n<p align=\"left\">\n\t4. &nbsp;Dzisiaj rozpoczyna si\u0119 Tydzie\u0144 Modlitw o Trze\u017awo\u015b\u0107 Narodu.\n<\/p>\n<p align=\"left\">\n\t5. Spowied\u017a przed pierwszym pi\u0105tkiem miesi\u0105ca codziennie rano i wieczorem przed Msz\u0105 \u015bwi\u0119t\u0105. Dzieci i m\u0142odzie\u017c w tym miesi\u0105cu do spowiedzi zapraszamy w czwartek od godziny 16.00.\n<\/p>\n<p align=\"left\">\n\t6. &nbsp;We wtorek&nbsp; o godzinie 17.00 Nabo\u017ce\u0144stwo do Bo\u017cego Mi\u0142osierdzia.\n<\/p>\n<p>\n\t7. &nbsp;W tym tygodniu przypada \u015aroda Popielcowa &ndash; rozpoczyna si\u0119 Wielki Post.\n<\/p>\n<p>\n\t<strong><u>Przepisy Postne<\/u><\/strong>\n<\/p>\n<p>\n\t<em>Fragmenty dokument&oacute;w Ko\u015bcio\u0142a dotycz\u0105ce okres&oacute;w pokuty i post&oacute;w.<\/em>\n<\/p>\n<p>\n\tPodobnie jak u&nbsp;prorok&oacute;w, wezwanie Jezusa do nawr&oacute;cenia i&nbsp;pokuty nie ma na celu najpierw czyn&oacute;w zewn\u0119trznych, &quot;wora pokutnego i&nbsp;popio\u0142u&quot;, post&oacute;w i&nbsp;umartwie\u0144, lecz nawr&oacute;cenie serca, pokut\u0119 wewn\u0119trzn\u0105. Bez niej czyny pokutne pozostaj\u0105 bezowocne i&nbsp;k\u0142amliwe. Przeciwnie, nawr&oacute;cenie wewn\u0119trzne sk\u0142ania do uzewn\u0119trznienia tej postawy przez znaki widzialne, gesty i&nbsp;czyny pokutne. \/1430\/ Wewn\u0119trzna pokuta chrze\u015bcijanina mo\u017ce wyra\u017ca\u0107 si\u0119 w&nbsp;bardzo zr&oacute;\u017cnicowanych formach. Pismo \u015awi\u0119te i&nbsp;Ojcowie Ko\u015bcio\u0142a k\u0142ad\u0105 nacisk szczeg&oacute;lnie na trzy formy: post, modlitw\u0119 i&nbsp;ja\u0142mu\u017cn\u0119. Wyra\u017caj\u0105 one nawr&oacute;cenie w&nbsp;odniesieniu do samego siebie, do Boga i&nbsp;do innych ludzi. \/1434\/ Okresy i&nbsp;dni pokuty w&nbsp;ci\u0105gu roku liturgicznego (Okres Wielkiego Postu, ka\u017cdy pi\u0105tek jako wspomnienie \u015bmierci Pana) s\u0105 w&nbsp;Ko\u015bciele specjalnym czasem praktyki pokutnej. Okresy te s\u0105 szczeg&oacute;lnie odpowiednie dla \u0107wicze\u0144 duchowych, liturgii pokutnej, pielgrzymek o&nbsp;charakterze pokutnym, dobrowolnych wyrzecze\u0144, jak post i&nbsp;ja\u0142mu\u017cna, braterskiego dzielenia si\u0119 z&nbsp;innymi (dzie\u0142a charytatywne i&nbsp;misyjne). \/1438\/\n<\/p>\n<p>\n\tKodeks Prawa Kanonicznego&nbsp;Kan.1249 &#8211;&nbsp;Wszyscy wierni, ka\u017cdy na sw&oacute;j spos&oacute;b, obowi\u0105zani s\u0105 na podstawie prawa Bo\u017cego czyni\u0107 pokut\u0119. \u017beby jednak wszyscy przez jakie\u015b wsp&oacute;lne zachowanie pokuty z\u0142\u0105czyli si\u0119 mi\u0119dzy sob\u0105, zostaj\u0105 nakazane dni pokuty, w&nbsp;kt&oacute;re wierni powinni modli\u0107 si\u0119 w&nbsp;spos&oacute;b szczeg&oacute;lny, wykonywa\u0107 uczynki pobo\u017cno\u015bci i&nbsp;mi\u0142o\u015bci, podejmowa\u0107 akty umartwienia siebie przez wierniejsze wype\u0142nianie w\u0142asnych obowi\u0105zk&oacute;w, zw\u0142aszcza za\u015b zachowywa\u0107 post i&nbsp;wstrzemi\u0119\u017aliwo\u015b\u0107, zgodnie z&nbsp;postanowieniami zamieszczonych poni\u017cej kanon&oacute;w.&nbsp;Kan. 1250 &#8211;&nbsp;W Ko\u015bciele Powszechnym dniami i&nbsp;okresami pokutnymi s\u0105 poszczeg&oacute;lne pi\u0105tki ca\u0142ego roku i&nbsp;czas wielkiego postu.&nbsp;Kan. 1251 -Wstrzemi\u0119\u017aliwo\u015b\u0107 od spo\u017cywania mi\u0119sa lub innych pokarm&oacute;w, zgodnie z&nbsp;zarz\u0105dzeniem Konferencji Episkopatu, nale\u017cy zachowywa\u0107 we wszystkie pi\u0105tki ca\u0142ego roku, chyba, \u017ce w&nbsp;danym dniu przypada jaka\u015b uroczysto\u015b\u0107. Natomiast wstrzemi\u0119\u017aliwo\u015b\u0107 i&nbsp;post obowi\u0105zuj\u0105 w&nbsp;\u015arod\u0119 Popielcow\u0105 oraz w&nbsp;pi\u0105tek M\u0119ki i&nbsp;\u015amierci Pana naszego Jezusa Chrystusa.&nbsp;Kan. 1252 &#8211;&nbsp;Prawem o&nbsp;wstrzemi\u0119\u017aliwo\u015bci s\u0105 zwi\u0105zane osoby, kt&oacute;re uko\u0144czy\u0142y czternasty rok \u017cycia, prawem za\u015b o&nbsp;po\u015bcie s\u0105 zwi\u0105zane wszystkie osoby pe\u0142noletnie, a\u017c do rozpocz\u0119cia sze\u015b\u0107dziesi\u0105tego roku \u017cycia. Duszpasterze oraz rodzice winni zatroszczy\u0107 si\u0119 o&nbsp;to, a\u017ceby r&oacute;wnie\u017c ci, kt&oacute;rzy z&nbsp;racji m\u0142odszego wieku nie zwi\u0105zani jeszcze prawem postu i&nbsp;wstrzemi\u0119\u017aliwo\u015bci, byli wprowadzeni w&nbsp;autentyczny duch pokuty.\n<\/p>\n<p>\n\t<strong>Dekret Prymasa Polski<\/strong>\n<\/p>\n<p>\n\t<em>DYSPENSA<\/em>\n<\/p>\n<p>\n\t1.&nbsp;Od zachowywania powy\u017cszych przepis&oacute;w s\u0105 zwolnione osoby sto\u0142uj\u0105ce si\u0119 w&nbsp;zak\u0142adach zbiorowego \u017cywienia, w&nbsp;kt&oacute;rych nie s\u0105 przestrzegane ko\u015bcielne przepisy postne.\n<\/p>\n<p>\n\t2.&nbsp;Zwolnieni s\u0105 r&oacute;wnie\u017c ci, kt&oacute;rzy nie maj\u0105 mo\u017cliwo\u015bci czynienia wyboru potraw, a&nbsp;musz\u0105 spo\u017cywa\u0107 to, co jest dost\u0119pne Dyspensy nie dotycz\u0105 Wielkiego Pi\u0105tku i&nbsp;\u015arody Popielcowej (&#8230;). Wierni korzystaj\u0105cy z&nbsp;dyspensy winni zast\u0119pczo pomodli\u0107 si\u0119 w&nbsp;intencjach Ojca \u015awi\u0119tego i&nbsp;z\u0142o\u017cy\u0107 ofiar\u0119 do skarbonki &quot;Ja\u0142mu\u017cna postna&quot; lub spe\u0142ni\u0107 inny uczynek mi\u0142osierdzia.\n<\/p>\n<p>\n\t<strong>PRZEPISY POSTNE<\/strong>\n<\/p>\n<p>\n\tNa mocy dekretu Prymasa Polski z dnia 30.11.1966 roku, nr 4082\/66\/P. wiernych w Polsce obowi\u0105zuje:<br \/>\n\t1. wstrzymanie si\u0119 od pokarm&oacute;w mi\u0119snych we wszystkie pi\u0105tki w roku i w dniu 24 grudnia (dawna wigilia Bo\u017cego Narodzenia), o ile nie przypada r&oacute;wnocze\u015bnie jaka\u015b uroczysto\u015b\u0107 (K.P.K. kan. 1251).<br \/>\n\t2. wstrzymanie si\u0119 od pokarm&oacute;w mi\u0119snych i zachowanie postu ilo\u015bciowego w \u015arod\u0119 Popielcow\u0105 i w Wielki Pi\u0105tek.<br \/>\n\tWed\u0142ug Konstytucji Apostolskiej &bdquo;Paenitemini&rdquo;, zakaz spo\u017cywania potraw mi\u0119snych nie oznacza zakazu spo\u017cywania jaj i nabia\u0142u oraz przyprawiania potraw t\u0142uszczami zwierz\u0119cymi. Post ilo\u015bciowy polega na jednym posi\u0142ku dziennie do syta; wolno jednak przyj\u0105\u0107 troch\u0119 pokarmu rano i wieczorem, zachowuj\u0105c co do ilo\u015bci i jako\u015bci pokarmu zwyczaje miejscowe.<br \/>\n\tAbstynencja, czyli wstrzymanie si\u0119 od pokarm&oacute;w mi\u0119snych, obowi\u0105zuje tych, kt&oacute;rzy uko\u0144czyli 14 rok \u017cycia, natomiast do zachowania postu ilo\u015bciowego zobowi\u0105zani s\u0105 wszyscy wierni, kt&oacute;rzy uko\u0144czyli 18 rok \u017cycia, a nie rozpocz\u0119li 60 roku.<br \/>\n\tPrymas Polski w wy\u017cej wymienionym dekrecie udzieli\u0142, a\u017c do odwo\u0142ania, dyspensy od obowi\u0105zku wstrzymania si\u0119 od potraw mi\u0119snych w pi\u0105tki:<br \/>\n\ta) wszystkim sto\u0142uj\u0105cym si\u0119 w zak\u0142adach zbiorowego \u017cywienia, w kt&oacute;rych nie s\u0105 przestrzegane ko\u015bcielne przepisy postne;<br \/>\n\tb) wszystkim, kt&oacute;rzy nie maj\u0105 mo\u017cno\u015bci czynienia wyboru potraw, a musz\u0105 spo\u017cywa\u0107 to, co jest dost\u0119pne do spo\u017cycia.<br \/>\n\tDyspensa ta nie dotyczy Wielkiego Pi\u0105tku, \u015arody Popielcowej i dawnej Wigilii Bo\u017cego Narodzenia.<br \/>\n\tWierni, kt&oacute;rzy korzystaj\u0105 z dyspensy, powinni od czasu do czasu pomodli\u0107 si\u0119 w intencji Ojca \u015awi\u0119tego oraz z\u0142o\u017cy\u0107 ofiar\u0119 do skarbonki z napisem &bdquo;Ja\u0142mu\u017cna postna&rdquo;, albo te\u017c spe\u0142nia\u0107 cz\u0119\u015bciej uczynki mi\u0142osierdzia chrze\u015bcija\u0144skiego.\n<\/p>\n<p>\n\t8. W \u015arod\u0119 Popielcow\u0105 Msze \u015bwi\u0119te z posypywaniem g\u0142&oacute;w popio\u0142em w Besku o godzinie 7.00 i 17.00, a w ko\u015bcio\u0142ach filialnych o godzinie 15.30.\n<\/p>\n<p>\n\t9. &nbsp;Pierwszy czwartek miesi\u0105ca o godzinie 17.00 Msza \u015bwi\u0119ta, a po niej&nbsp; adoracja Naj\u015bwi\u0119tszego sakramentu przygotowuj\u0105ca nas do kanonizacji b\u0142ogos\u0142awionego Jana Paw\u0142a II. Zach\u0119camy Parafian do udzia\u0142u w tej modlitwie.\n<\/p>\n<p>\n\t10.&nbsp; W pi\u0105tek Nabo\u017ce\u0144stwo Drogi krzy\u017cowej w Besku rano po Mszy \u015bwi\u0119tej o godzinie 7.00, po po\u0142udniu o godzinie 17.00. Zach\u0119camy dzieci, m\u0142odzie\u017c i starszych od udzia\u0142u w rozwa\u017caniu M\u0119ki Pa\u0144skiej. Za odprawienie Drogi krzy\u017cowej mo\u017cna zyska\u0107 odpust zupe\u0142ny pod zwyk\u0142ymi warunkami. W ko\u015bcio\u0142ach filialnych Nabo\u017ce\u0144stwo Drogi krzy\u017cowej, uca\u0142owanie relikwii \u015bwi\u0119tych, spowied\u017a i Msza \u015bwi\u0119ta w Mymoniu o godzinie 15.30 i w Por\u0119bach o godzinie 15.30.\n<\/p>\n<p>\n\t11. Nabo\u017ce\u0144stwo Gorzkich \u017cali z kazaniem pasyjnym w niedziel\u0119 w Besku o godzinie 16.00. Adoruje r&oacute;\u017ca Zofii Rzo\u0144cy. Taca z tego nabo\u017ce\u0144stwa przeznaczona jest na kwiaty do Bo\u017cego Grobu. W ko\u015bcio\u0142ach filialnych Nabo\u017ce\u0144stwo Gorzkich \u017cali i Msza \u015bwi\u0119ta w Mymoniu o godzinie 8.30, a w Por\u0119bach o godzinie 10.00.\n<\/p>\n<p>\n\t12. Dzi\u0119kujemy za z\u0142o\u017cone ofiary na prace przy naszym ko\u015bciele . Nast\u0119pna sk\u0142adka b\u0119dzie w kwietniu br.<\/p>\n","protected":false},"excerpt":{"rendered":"<p>1. Dzisiaj&nbsp; Niedziela Adoracyjna od godziny 12.00 do 16.00 prywatna adoracja rodzin. O godzinie 16.00 nabo\u017ce\u0144stwo r&oacute;\u017ca\u0144cowe i zmiana tajemnic adoruje r&oacute;\u017c Kielar Stanis\u0142awy.<span class=\"more-link\"><a href=\"https:\/\/parafiabesko.pl\/?p=1549\">Czytaj wi\u0119cej<\/a><\/span><\/p>\n","protected":false},"author":1,"featured_media":1059,"comment_status":"closed","ping_status":"open","sticky":false,"template":"","format":"standard","meta":{"footnotes":""},"categories":[7],"tags":[],"class_list":["entry","author-adminparafiibesko","has-more-link","post-1549","post","type-post","status-publish","format-standard","has-post-thumbnail","category-ogloszenia-parafialne"],"_links":{"self":[{"href":"https:\/\/parafiabesko.pl\/index.php?rest_route=\/wp\/v2\/posts\/1549","targetHints":{"allow":["GET"]}}],"collection":[{"href":"https:\/\/parafiabesko.pl\/index.php?rest_route=\/wp\/v2\/posts"}],"about":[{"href":"https:\/\/parafiabesko.pl\/index.php?rest_route=\/wp\/v2\/types\/post"}],"author":[{"embeddable":true,"href":"https:\/\/parafiabesko.pl\/index.php?rest_route=\/wp\/v2\/users\/1"}],"replies":[{"embeddable":true,"href":"https:\/\/parafiabesko.pl\/index.php?rest_route=%2Fwp%2Fv2%2Fcomments&post=1549"}],"version-history":[{"count":0,"href":"https:\/\/parafiabesko.pl\/index.php?rest_route=\/wp\/v2\/posts\/1549\/revisions"}],"wp:featuredmedia":[{"embeddable":true,"href":"https:\/\/parafiabesko.pl\/index.php?rest_route=\/"}],"wp:attachment":[{"href":"https:\/\/parafiabesko.pl\/index.php?rest_route=%2Fwp%2Fv2%2Fmedia&parent=1549"}],"wp:term":[{"taxonomy":"category","embeddable":true,"href":"https:\/\/parafiabesko.pl\/index.php?rest_route=%2Fwp%2Fv2%2Fcategories&post=1549"},{"taxonomy":"post_tag","embeddable":true,"href":"https:\/\/parafiabesko.pl\/index.php?rest_route=%2Fwp%2Fv2%2Ftags&post=1549"}],"curies":[{"name":"wp","href":"https:\/\/api.w.org\/{rel}","templated":true}]}}