{"id":1539,"date":"2014-02-23T20:06:51","date_gmt":"2014-02-23T20:06:51","guid":{"rendered":"http:\/\/parafiabesko.pl\/?p=1539"},"modified":"2014-02-23T20:06:51","modified_gmt":"2014-02-23T20:06:51","slug":"dzien-modlitwy-i-postu-w-intencji-ukrainy","status":"publish","type":"post","link":"https:\/\/parafiabesko.pl\/?p=1539","title":{"rendered":"Dzie\u0144 modlitwy i postu w intencji Ukrainy"},"content":{"rendered":"<p style=\"text-align: justify;\">\n\tUmi\u0142owani w Panu Bracia i Siostry!\n<\/p>\n<p style=\"text-align: justify;\">\n\t&nbsp;&nbsp;&nbsp;&nbsp;&nbsp;&nbsp;&nbsp;&nbsp;&nbsp;&nbsp;&nbsp;&nbsp;&nbsp;&nbsp; Wydarzenia na Ukrainie, kt&oacute;rych jeste\u015bmy \u015bwiadkami, s\u0105 dla nas wezwaniem do modlitewnej solidarno\u015bci w intencji pokojowego rozwi\u0105zania tego dramatycznego konfliktu. Dlatego zwracamy si\u0119 z pro\u015bb\u0105 do wszystkich wiernych Ko\u015bcio\u0142a Katolickiego w Polsce, aby najbli\u017cszy pi\u0105tek 28 lutego br., sta\u0142 si\u0119 dla nas dniem modlitwy i postu w intencji Ukrainy. Prosimy kap\u0142an&oacute;w i wszystkich wiernych, aby t\u0119 intencj\u0119 w\u0142\u0105czyli w sw\u0105 modlitw\u0119, zw\u0142aszcza w modlitw\u0119 powszechn\u0105, zanoszon\u0105 do Boga w czasie sprawowanych w tym dniu Mszy \u015awi\u0119tych. Ufaj\u0105c, \u017ce ludzie dobrej woli wci\u0105\u017c znajduj\u0105 si\u0119 po obu stronach konfliktu, do Was, Bracia i Siostry, kierujemy apel o gesty solidarno\u015bci i wsparcie dla narodu ukrai\u0144skiego w tym szczeg&oacute;lnie trudnym dla niego czasie. Nasz\u0105 bratersk\u0105 pami\u0119ci\u0105 obejmujemy wszystkie ofiary bratob&oacute;jczego konfliktu, a rodzinom poleg\u0142ych wyra\u017camy s\u0142owa serdecznego wsp&oacute;\u0142czucia i modlitewnej pami\u0119ci.\n<\/p>\n<p style=\"margin-left: 141.6pt; text-align: justify;\">\n\tPrezydium Konferencji Episkopatu Polski<\/p>\n","protected":false},"excerpt":{"rendered":"<p>Umi\u0142owani w Panu Bracia i Siostry! &nbsp;&nbsp;&nbsp;&nbsp;&nbsp;&nbsp;&nbsp;&nbsp;&nbsp;&nbsp;&nbsp;&nbsp;&nbsp;&nbsp; Wydarzenia na Ukrainie, kt&oacute;rych jeste\u015bmy \u015bwiadkami, s\u0105 dla nas wezwaniem do modlitewnej solidarno\u015bci w intencji pokojowego rozwi\u0105zania tego dramatycznego konfliktu. Dlatego zwracamy si\u0119 z pro\u015bb\u0105 do wszystkich wiernych Ko\u015bcio\u0142a Katolickiego w Polsce, aby najbli\u017cszy pi\u0105tek 28 lutego br., sta\u0142 si\u0119 dla nas dniem<span class=\"more-link\"><a href=\"https:\/\/parafiabesko.pl\/?p=1539\">Czytaj wi\u0119cej<\/a><\/span><\/p>\n","protected":false},"author":1,"featured_media":1540,"comment_status":"closed","ping_status":"open","sticky":false,"template":"","format":"standard","meta":{"footnotes":""},"categories":[7],"tags":[],"class_list":["entry","author-adminparafiibesko","post-1539","post","type-post","status-publish","format-standard","has-post-thumbnail","category-ogloszenia-parafialne"],"_links":{"self":[{"href":"https:\/\/parafiabesko.pl\/index.php?rest_route=\/wp\/v2\/posts\/1539","targetHints":{"allow":["GET"]}}],"collection":[{"href":"https:\/\/parafiabesko.pl\/index.php?rest_route=\/wp\/v2\/posts"}],"about":[{"href":"https:\/\/parafiabesko.pl\/index.php?rest_route=\/wp\/v2\/types\/post"}],"author":[{"embeddable":true,"href":"https:\/\/parafiabesko.pl\/index.php?rest_route=\/wp\/v2\/users\/1"}],"replies":[{"embeddable":true,"href":"https:\/\/parafiabesko.pl\/index.php?rest_route=%2Fwp%2Fv2%2Fcomments&post=1539"}],"version-history":[{"count":0,"href":"https:\/\/parafiabesko.pl\/index.php?rest_route=\/wp\/v2\/posts\/1539\/revisions"}],"wp:featuredmedia":[{"embeddable":true,"href":"https:\/\/parafiabesko.pl\/index.php?rest_route=\/"}],"wp:attachment":[{"href":"https:\/\/parafiabesko.pl\/index.php?rest_route=%2Fwp%2Fv2%2Fmedia&parent=1539"}],"wp:term":[{"taxonomy":"category","embeddable":true,"href":"https:\/\/parafiabesko.pl\/index.php?rest_route=%2Fwp%2Fv2%2Fcategories&post=1539"},{"taxonomy":"post_tag","embeddable":true,"href":"https:\/\/parafiabesko.pl\/index.php?rest_route=%2Fwp%2Fv2%2Ftags&post=1539"}],"curies":[{"name":"wp","href":"https:\/\/api.w.org\/{rel}","templated":true}]}}