{"id":1536,"date":"2014-02-23T20:04:00","date_gmt":"2014-02-23T20:04:00","guid":{"rendered":"http:\/\/parafiabesko.pl\/?p=1536"},"modified":"2014-02-23T20:04:00","modified_gmt":"2014-02-23T20:04:00","slug":"ogloszenia-23-02-2014","status":"publish","type":"post","link":"https:\/\/parafiabesko.pl\/?p=1536","title":{"rendered":"Og\u0142oszenia 23.02.2014"},"content":{"rendered":"<p>\n\t1. W tym tygodniu w poniedzia\u0142ek i czwartek Mszy \u015bwi\u0119tej wieczorowej nie b\u0119dzie ze wzgl\u0119du na kongregacje kap\u0142a\u0144skie.\n<\/p>\n<p>\n\t2. We wtorek&nbsp; o godzinie 17.00 Nabo\u017ce\u0144stwo do Bo\u017cego Mi\u0142osierdzia.\n<\/p>\n<p>\n\t3. We \u015brod\u0119 o &nbsp;godzinie 17.00 Nowenna do Matki Bo\u017cej Nieustaj\u0105cej Pomocy.\n<\/p>\n<p>\n\t4. W tym tygodniu przypada pierwsza sobota miesi\u0105ca. rano o godzinie 7.00 Msza \u015bwi\u0119ta i nabo\u017ce\u0144stwo do Matki Bo\u017cej, adoruje r&oacute;\u017ca Marii Marczyszyn, wieczorem o godzinie 17.00 Msza \u015bwi\u0119ta i Nabo\u017ce\u0144stwo do Matki Bo\u017cej.\n<\/p>\n<p>\n\t5. W najbli\u017csz\u0105 niedziel\u0119 Niedziela Adoracyjna od godziny 12.00 do 16.00 prywatna adoracja rodzin. O godzinie 16.00 nabo\u017ce\u0144stwo r&oacute;\u017ca\u0144cowe i zmiana tajemnic adoruje r&oacute;\u017c Kielar Stanis\u0142awy.<\/p>\n","protected":false},"excerpt":{"rendered":"<p>1. W tym tygodniu w poniedzia\u0142ek i czwartek Mszy \u015bwi\u0119tej wieczorowej nie b\u0119dzie ze wzgl\u0119du na kongregacje kap\u0142a\u0144skie. 2. We wtorek&nbsp; o godzinie 17.00 Nabo\u017ce\u0144stwo do Bo\u017cego Mi\u0142osierdzia. 3. We \u015brod\u0119 o &nbsp;godzinie 17.00 Nowenna do Matki Bo\u017cej Nieustaj\u0105cej Pomocy. 4. W tym tygodniu przypada pierwsza sobota miesi\u0105ca. rano o<span class=\"more-link\"><a href=\"https:\/\/parafiabesko.pl\/?p=1536\">Czytaj wi\u0119cej<\/a><\/span><\/p>\n","protected":false},"author":1,"featured_media":1059,"comment_status":"closed","ping_status":"open","sticky":false,"template":"","format":"standard","meta":{"footnotes":""},"categories":[7],"tags":[],"class_list":["entry","author-adminparafiibesko","post-1536","post","type-post","status-publish","format-standard","has-post-thumbnail","category-ogloszenia-parafialne"],"_links":{"self":[{"href":"https:\/\/parafiabesko.pl\/index.php?rest_route=\/wp\/v2\/posts\/1536","targetHints":{"allow":["GET"]}}],"collection":[{"href":"https:\/\/parafiabesko.pl\/index.php?rest_route=\/wp\/v2\/posts"}],"about":[{"href":"https:\/\/parafiabesko.pl\/index.php?rest_route=\/wp\/v2\/types\/post"}],"author":[{"embeddable":true,"href":"https:\/\/parafiabesko.pl\/index.php?rest_route=\/wp\/v2\/users\/1"}],"replies":[{"embeddable":true,"href":"https:\/\/parafiabesko.pl\/index.php?rest_route=%2Fwp%2Fv2%2Fcomments&post=1536"}],"version-history":[{"count":0,"href":"https:\/\/parafiabesko.pl\/index.php?rest_route=\/wp\/v2\/posts\/1536\/revisions"}],"wp:featuredmedia":[{"embeddable":true,"href":"https:\/\/parafiabesko.pl\/index.php?rest_route=\/"}],"wp:attachment":[{"href":"https:\/\/parafiabesko.pl\/index.php?rest_route=%2Fwp%2Fv2%2Fmedia&parent=1536"}],"wp:term":[{"taxonomy":"category","embeddable":true,"href":"https:\/\/parafiabesko.pl\/index.php?rest_route=%2Fwp%2Fv2%2Fcategories&post=1536"},{"taxonomy":"post_tag","embeddable":true,"href":"https:\/\/parafiabesko.pl\/index.php?rest_route=%2Fwp%2Fv2%2Ftags&post=1536"}],"curies":[{"name":"wp","href":"https:\/\/api.w.org\/{rel}","templated":true}]}}