{"id":1519,"date":"2014-02-11T14:08:15","date_gmt":"2014-02-11T14:08:15","guid":{"rendered":"http:\/\/parafiabesko.pl\/?p=1519"},"modified":"2014-02-11T14:08:15","modified_gmt":"2014-02-11T14:08:15","slug":"potrzeba-milosiernych-samarytan","status":"publish","type":"post","link":"https:\/\/parafiabesko.pl\/?p=1519","title":{"rendered":"Potrzeba mi\u0142osiernych samarytan"},"content":{"rendered":"<p style=\"text-align: justify;\">\n\t<strong>Papieskie Or\u0119dzie na \u015awiatowy Dzie\u0144 Chorego 2014.<\/strong>\n<\/p>\n<p><!--more--><\/p>\n<div>\n<p style=\"text-align: justify;\">\n\t\tDrodzy bracia i siostry ,<\/p>\n<p>\t\t1. Z okazji XXII \u015awiatowego Dnia Chorego, kt&oacute;rego temat w tym roku brzmi &quot;Wiara i mi\u0142osierdzie: &laquo;My tak\u017ce winni\u015bmy odda\u0107 \u017cycie za braci&raquo; (1 J 3,16), zwracam si\u0119 szczeg&oacute;lnie do chorych i tych wszystkich, kt&oacute;rzy zapewniaj\u0105 ich opiek\u0119 i leczenie. Ko\u015bci&oacute;\u0142 widzi w was, drodzy chorzy szczeg&oacute;ln\u0105 obecno\u015b\u0107 cierpi\u0105cego Chrystusa. Tak si\u0119 dzieje: obok, a w rzeczywisto\u015bci w obr\u0119bie naszego cierpienia jest cierpienie Chrystusa, kt&oacute;ry wraz z nami niesie jego ci\u0119\u017car i objawia jego sens. Kiedy Syn Bo\u017cy wst\u0105pi\u0142 na krzy\u017c, zniszczy\u0142 samotno\u015b\u0107 cierpienia i o\u015bwieci\u0142 jego ciemno\u015bci. W ten spos&oacute;b stajemy przed tajemnic\u0105 mi\u0142o\u015bci Boga wzgl\u0119dem nas, kt&oacute;ra nape\u0142nia nas nadziej\u0105 i odwag\u0105: nadziej\u0105, poniewa\u017c w Bo\u017cym planie mi\u0142o\u015bci, tak\u017ce noc cierpienia otwiera si\u0119 na \u015bwiat\u0142o paschalne; a odwag\u0105, by stawia\u0107 czo\u0142o wszelkim przeciwno\u015bciom w Jego towarzystwie, zjednoczeni z Nim.<\/p>\n<p>\t\t2. Syn Bo\u017cy, kt&oacute;ry sta\u0142 si\u0119 cz\u0142owiekiem nie usun\u0105\u0142 z ludzkiego do\u015bwiadczenia choroby i cierpienia, ale przyjmuj\u0105c je w sobie, przekszta\u0142ci\u0142 je i przywr&oacute;ci\u0142 im w\u0142a\u015bciwym wymiar. W\u0142a\u015bciwy wymiar, poniewa\u017c, nie maj\u0105 ju\u017c one ostatniego s\u0142owa, kt&oacute;rym od tej pory jest nowe \u017cycie w pe\u0142ni; przekszta\u0142ci\u0142, bo w jedno\u015bci z Chrystusem z negatywnych mog\u0105 sta\u0107 si\u0119 pozytywnymi. Jezus jest drog\u0105, i wspierani Jego Duchem mo\u017cemy Go na\u015bladowa\u0107. Tak jak Ojciec da\u0142 Syna z mi\u0142o\u015bci, a Syn odda\u0142 siebie z tej samej mi\u0142o\u015bci, podobnie i my mo\u017cemy mi\u0142owa\u0107 innych tak, jak B&oacute;g nas umi\u0142owa\u0142, daj\u0105c swoje \u017cycie za braci. Wiara w dobrego Boga staje si\u0119 skuteczno\u015bci\u0105, wiara w Chrystusa Ukrzy\u017cowanego staje si\u0119 si\u0142\u0105 mi\u0142o\u015bci a\u017c do ko\u0144ca, i to nawet naszych nieprzyjaci&oacute;\u0142. Dowodem prawdziwej wiary w Chrystusa jest dar z samego siebie, pokrywaj\u0105cy si\u0119 z mi\u0142o\u015bci\u0105 bli\u017aniego, zw\u0142aszcza tych, kt&oacute;rzy na ni\u0105 nie zas\u0142uguj\u0105, os&oacute;b cierpi\u0105cych, czy usuni\u0119tych na margines.<\/p>\n<p>\n\t\t3. Na mocy chrztu i bierzmowania jeste\u015bmy powo\u0142ani, by upodabnia\u0107 si\u0119 do Chrystusa, Mi\u0142osiernego Samarytanina wszystkich cierpi\u0105cych. &quot;Po tym poznali\u015bmy mi\u0142o\u015b\u0107, \u017ce On odda\u0142 za nas \u017cycie swoje. My tak\u017ce winni\u015bmy odda\u0107 \u017cycie za braci&quot; (1 J 3,16). Kiedy z czu\u0142o\u015bci\u0105 podchodzimy do os&oacute;b potrzebuj\u0105cych leczenia, to niesiemy nadziej\u0119 i u\u015bmiech Boga w przeciwie\u0144stwa \u015bwiata. Kiedy stylem naszego dzia\u0142ania staje si\u0119 wielkoduszne po\u015bwi\u0119cenie dla innych, to tworzymy przestrze\u0144 dla Serca Chrystusa i jeste\u015bmy nim rozpaleni, wnosz\u0105c w ten spos&oacute;b nasz wk\u0142ad do przyj\u015bcia Kr&oacute;lestwa Bo\u017cego.<\/p>\n<p>\t\t4. Naszemu rozwojowi w czu\u0142o\u015bci, w mi\u0142osierdziu naznaczonym szacunkiem i delikatno\u015bci\u0105, pomaga wz&oacute;r chrze\u015bcija\u0144ski, ku kt&oacute;remu pewnie trzeba kierowa\u0107 nasze spojrzenie. Jest to Matka Jezusa i nasza Matka, bacznie ws\u0142uchuj\u0105ca si\u0119 w g\u0142os Boga oraz potrzeby i trudno\u015bci swych dzieci. Maryja, pobudzona Bo\u017cym mi\u0142osierdziem, kt&oacute;re w niej staje si\u0119 cia\u0142em, zapomina o sobie i pospiesznie wyrusza w drog\u0119 z Galilei do Judei, aby zobaczy\u0107 si\u0119 z swoj\u0105 krewn\u0105 El\u017cbiet\u0105, wstawia si\u0119 u swego Syna na weselu w Kanie, gdy widzi, \u017ce brakuje wina na godach, niesie w swoim sercu przez ca\u0142\u0105 swoj\u0105 pielgrzymk\u0119 \u017cyciow\u0105 s\u0142owa starca Symeona, kt&oacute;ry zapowiedzia\u0142, \u017ce miecz przeniknie Jej dusz\u0105 i m\u0119\u017cnie trwa u st&oacute;p Jezusowego krzy\u017ca. Ona wie, jak pokonuje si\u0119 t\u0119 drog\u0119 i dlatego jest Matk\u0105 wszystkich chorych i cierpi\u0105cych. Ufnie mo\u017cemy si\u0119 do Niej ucieka\u0107 z synowskim oddaniem, b\u0119d\u0105c pewnymi \u017ce b\u0119dzie nam pomaga\u0107, wspiera\u0107 nas i \u017ce nas nie opu\u015bci. Ona jest Matk\u0105 Chrystusa zmartwychwsta\u0142ego: trwa przy naszych krzy\u017cach i towarzyszy nam na naszej drodze ku zmartwychwstaniu i \u017cyciu w pe\u0142ni.<\/p>\n<p>\t\t5. \u015awi\u0119ty Jan, ucze\u0144, kt&oacute;ry wraz z Maryj\u0105 sta\u0142 u st&oacute;p krzy\u017ca, prowadzi nas z powrotem do \u017ar&oacute;de\u0142 wiary i mi\u0142o\u015bci, do serca Boga, kt&oacute;ry &quot;jest mi\u0142o\u015bci\u0105&quot; (1 J 4,8.16), i przypomina nam, \u017ce nie mo\u017cemy kocha\u0107 Boga je\u015bli nie mi\u0142ujemy braci. Kto stoi pod krzy\u017cem z Maryj\u0105, uczy si\u0119 kocha\u0107 tak, jak Jezus. Krzy\u017c jest &quot;pewno\u015bci\u0105 wiernej mi\u0142o\u015bci Boga do nas. Mi\u0142o\u015bci tak wielkiej, \u017ce wchodzi w nasz grzech i go przebacza, wchodzi w nasze cierpienie i daje nam si\u0142\u0119, aby je znosi\u0107, wchodzi tak\u017ce w \u015bmier\u0107, aby j\u0105 zwyci\u0119\u017cy\u0107 i nas zbawi\u0107&#8230;.Krzy\u017c Chrystusa zach\u0119ca tak\u017ce, aby\u015bmy dali si\u0119 zarazi\u0107 t\u0105 mi\u0142o\u015bci\u0105, uczy nas zatem patrze\u0107 na bli\u017aniego zawsze z mi\u0142osierdziem i mi\u0142o\u015bci\u0105, zw\u0142aszcza na tych, kt&oacute;rzy cierpi\u0105, kt&oacute;rzy potrzebuj\u0105 pomocy&quot; (Droga Krzy\u017cowa z m\u0142odzie\u017c\u0105, Rio de Janeiro, 26 lipca 2013 r.).<\/p>\n<p>\t\tZawierzam ten XXII \u015awiatowy Dzie\u0144 Chorego wstawiennictwu Maryi, aby pomog\u0142a ludziom chorym prze\u017cywa\u0107 swoje cierpienie w jedno\u015bci z Jezusem Chrystusem i wspiera\u0142a tych, kt&oacute;rzy si\u0119 nimi opiekuj\u0105. Wszystkim chorym, pracownikom s\u0142u\u017cby zdrowia i wolontariuszom z serca udzielam Apostolskiego B\u0142ogos\u0142awie\u0144stwa.<\/p>\n<p>\t\tFRANCISZEK<\/p>\n<p>\t\tWatykan, 6 grudnia 2013 roku\n\t<\/p>\n<\/div>\n","protected":false},"excerpt":{"rendered":"<p>Papieskie Or\u0119dzie na \u015awiatowy Dzie\u0144 Chorego 2014.<span class=\"more-link\"><a href=\"https:\/\/parafiabesko.pl\/?p=1519\">Czytaj wi\u0119cej<\/a><\/span><\/p>\n","protected":false},"author":1,"featured_media":733,"comment_status":"closed","ping_status":"open","sticky":false,"template":"","format":"standard","meta":{"footnotes":""},"categories":[6],"tags":[],"class_list":["entry","author-adminparafiibesko","has-more-link","post-1519","post","type-post","status-publish","format-standard","has-post-thumbnail","category-uncategorized"],"_links":{"self":[{"href":"https:\/\/parafiabesko.pl\/index.php?rest_route=\/wp\/v2\/posts\/1519","targetHints":{"allow":["GET"]}}],"collection":[{"href":"https:\/\/parafiabesko.pl\/index.php?rest_route=\/wp\/v2\/posts"}],"about":[{"href":"https:\/\/parafiabesko.pl\/index.php?rest_route=\/wp\/v2\/types\/post"}],"author":[{"embeddable":true,"href":"https:\/\/parafiabesko.pl\/index.php?rest_route=\/wp\/v2\/users\/1"}],"replies":[{"embeddable":true,"href":"https:\/\/parafiabesko.pl\/index.php?rest_route=%2Fwp%2Fv2%2Fcomments&post=1519"}],"version-history":[{"count":0,"href":"https:\/\/parafiabesko.pl\/index.php?rest_route=\/wp\/v2\/posts\/1519\/revisions"}],"wp:featuredmedia":[{"embeddable":true,"href":"https:\/\/parafiabesko.pl\/index.php?rest_route=\/"}],"wp:attachment":[{"href":"https:\/\/parafiabesko.pl\/index.php?rest_route=%2Fwp%2Fv2%2Fmedia&parent=1519"}],"wp:term":[{"taxonomy":"category","embeddable":true,"href":"https:\/\/parafiabesko.pl\/index.php?rest_route=%2Fwp%2Fv2%2Fcategories&post=1519"},{"taxonomy":"post_tag","embeddable":true,"href":"https:\/\/parafiabesko.pl\/index.php?rest_route=%2Fwp%2Fv2%2Ftags&post=1519"}],"curies":[{"name":"wp","href":"https:\/\/api.w.org\/{rel}","templated":true}]}}