{"id":1517,"date":"2014-02-09T07:18:33","date_gmt":"2014-02-09T07:18:33","guid":{"rendered":"http:\/\/parafiabesko.pl\/?p=1517"},"modified":"2014-02-09T07:18:33","modified_gmt":"2014-02-09T07:18:33","slug":"ogloszenia-09-02-2014","status":"publish","type":"post","link":"https:\/\/parafiabesko.pl\/?p=1517","title":{"rendered":"Og\u0142oszenia 09.02.2014"},"content":{"rendered":"<p>\n\t1. &nbsp;We wtorek&nbsp; 11 lutego, wspomnienie NMP z Loures . Jest to &nbsp;\u015awiatowy Dzie\u0144 Chorego. Zapraszamy chorych na godzin\u0119 16.00&nbsp; do ko\u015bcio\u0142a, b\u0119dzie okazja do spowiedzi, nast\u0119pnie adoracja Naj\u015bwi\u0119tszego Sakramentu, b\u0142ogos\u0142awie\u0144stwo i udzielenie Sakramentu Chorych o godzinie 17.00 Msza \u015bwi\u0119ta.\n<\/p>\n<p><!--more--><\/p>\n<p>\n\t2. We \u015brod\u0119 o &nbsp;godzinie 17.00 Nowenna do Matki Bo\u017cej Nieustaj\u0105cej Pomocy.\n<\/p>\n<p>\n\t3. W pi\u0105tek 14 lutego &ndash; \u015bwi\u0119to \u015bwi\u0119tych Cyryla i Metodego patron&oacute;w Europy.<\/p>\n","protected":false},"excerpt":{"rendered":"<p>1. &nbsp;We wtorek&nbsp; 11 lutego, wspomnienie NMP z Loures . Jest to &nbsp;\u015awiatowy Dzie\u0144 Chorego. Zapraszamy chorych na godzin\u0119 16.00&nbsp; do ko\u015bcio\u0142a, b\u0119dzie okazja do spowiedzi, nast\u0119pnie adoracja Naj\u015bwi\u0119tszego Sakramentu, b\u0142ogos\u0142awie\u0144stwo i udzielenie Sakramentu Chorych o godzinie 17.00 Msza \u015bwi\u0119ta.<span class=\"more-link\"><a href=\"https:\/\/parafiabesko.pl\/?p=1517\">Czytaj wi\u0119cej<\/a><\/span><\/p>\n","protected":false},"author":1,"featured_media":1059,"comment_status":"closed","ping_status":"open","sticky":false,"template":"","format":"standard","meta":{"footnotes":""},"categories":[7],"tags":[],"class_list":["entry","author-adminparafiibesko","has-more-link","post-1517","post","type-post","status-publish","format-standard","has-post-thumbnail","category-ogloszenia-parafialne"],"_links":{"self":[{"href":"https:\/\/parafiabesko.pl\/index.php?rest_route=\/wp\/v2\/posts\/1517","targetHints":{"allow":["GET"]}}],"collection":[{"href":"https:\/\/parafiabesko.pl\/index.php?rest_route=\/wp\/v2\/posts"}],"about":[{"href":"https:\/\/parafiabesko.pl\/index.php?rest_route=\/wp\/v2\/types\/post"}],"author":[{"embeddable":true,"href":"https:\/\/parafiabesko.pl\/index.php?rest_route=\/wp\/v2\/users\/1"}],"replies":[{"embeddable":true,"href":"https:\/\/parafiabesko.pl\/index.php?rest_route=%2Fwp%2Fv2%2Fcomments&post=1517"}],"version-history":[{"count":0,"href":"https:\/\/parafiabesko.pl\/index.php?rest_route=\/wp\/v2\/posts\/1517\/revisions"}],"wp:featuredmedia":[{"embeddable":true,"href":"https:\/\/parafiabesko.pl\/index.php?rest_route=\/"}],"wp:attachment":[{"href":"https:\/\/parafiabesko.pl\/index.php?rest_route=%2Fwp%2Fv2%2Fmedia&parent=1517"}],"wp:term":[{"taxonomy":"category","embeddable":true,"href":"https:\/\/parafiabesko.pl\/index.php?rest_route=%2Fwp%2Fv2%2Fcategories&post=1517"},{"taxonomy":"post_tag","embeddable":true,"href":"https:\/\/parafiabesko.pl\/index.php?rest_route=%2Fwp%2Fv2%2Ftags&post=1517"}],"curies":[{"name":"wp","href":"https:\/\/api.w.org\/{rel}","templated":true}]}}