{"id":1511,"date":"2014-02-02T20:36:45","date_gmt":"2014-02-02T20:36:45","guid":{"rendered":"http:\/\/parafiabesko.pl\/?p=1511"},"modified":"2014-02-02T20:36:45","modified_gmt":"2014-02-02T20:36:45","slug":"ogloszenia-02-02-2014","status":"publish","type":"post","link":"https:\/\/parafiabesko.pl\/?p=1511","title":{"rendered":"Og\u0142oszenia 02.02.2014"},"content":{"rendered":"<p style=\"text-align: justify;\">\n\t1. Dzisiaj \u015bwi\u0119to Ofiarowania Pa\u0144skiego &ndash; Matki Bo\u017cej Gromnicznej. Po\u015bwi\u0119cenie gromnic na ka\u017cdej Mszy \u015bwi\u0119tej.&nbsp; Jest to r&oacute;wnie\u017c Dzie\u0144 \u017bycia Konsekrowanego&nbsp; &#8211; modlimy si\u0119 za osoby konsekrowane: siostry zakonne, zakonnik&oacute;w. W naszej Parafii jest to Niedziela Adoracyjna &ndash; od godziny 12.00 do 16.00 prywatna adoracja rodzin. O godzinie 16.00 nabo\u017ce\u0144stwo r&oacute;\u017ca\u0144cowe i zmiana tajemnic &ndash; adoruje r&oacute;\u017ca Mroczkowskiej Janiny.\n<\/p>\n<p><!--more--><\/p>\n<p style=\"text-align: justify;\">\n\t2. Taca z dzisiejszej niedzieli przeznaczona jest w po\u0142owie na Seminarium Duchowne, a w po\u0142owie na zakony klauzurowe.\n<\/p>\n<p style=\"text-align: justify;\">\n\t3.&nbsp; Dzisiaj po Mszach \u015bwi\u0119tych zg\u0142aszanie dzieci do Chrztu \u015bwi\u0119tego na przysz\u0142\u0105 niedziel\u0119. Konferencja dla rodzic&oacute;w i chrzestnych we czwartek o godzinie 16.00.\n<\/p>\n<p style=\"text-align: justify;\">\n\t4. &nbsp;Spowied\u017a przed pierwszym pi\u0105tkiem miesi\u0105ca od poniedzia\u0142ku rano i wieczorem przed Msz\u0105 \u015bwi\u0119t\u0105. Dzieci i m\u0142odzie\u017c do spowiedzi zapraszamy we \u015brod\u0119 od godziny 16.00\n<\/p>\n<p style=\"text-align: justify;\">\n\t5. &nbsp;We wtorek o godzinie 17.00 Nabo\u017ce\u0144stwo do Bo\u017cego Mi\u0142osierdzia.\n<\/p>\n<p style=\"text-align: justify;\">\n\t6. We \u015brod\u0119 wspomnienie \u015bwi\u0119tej Agaty &ndash; po Mszach \u015bwi\u0119tych b\u0142ogos\u0142awie\u0144stwo&nbsp; wody i chleba.&nbsp; O godzinie 17.00 Nowenna do Matki Bo\u017cej Nieustaj\u0105cej Pomocy.\n<\/p>\n<p style=\"text-align: justify;\">\n\t7. I &nbsp;&nbsp;czwartek miesi\u0105ca o godzinie 17.00 Godzina \u015bwi\u0119ta.\n<\/p>\n<p style=\"text-align: justify;\">\n\t8. I &nbsp;pi\u0105tek miesi\u0105ca o godzinie 7.00 Msza \u015bwi\u0119ta i adoracja adoruje r&oacute;\u017ca Pa\u0144czuk Anny.&nbsp; Wieczorem o godzinie 17.00 Msza \u015bwi\u0119ta i adoracja. W ko\u015bcio\u0142ach filialnych Mymoniu i w Por\u0119bach &ndash; adoracja, spowied\u017a i Msza \u015bwi\u0119ta o godzinie 15.30. &nbsp;Odwiedziny chorych od godziny 8.00.<\/p>\n","protected":false},"excerpt":{"rendered":"<p>1. Dzisiaj \u015bwi\u0119to Ofiarowania Pa\u0144skiego &ndash; Matki Bo\u017cej Gromnicznej. Po\u015bwi\u0119cenie gromnic na ka\u017cdej Mszy \u015bwi\u0119tej.&nbsp; Jest to r&oacute;wnie\u017c Dzie\u0144 \u017bycia Konsekrowanego&nbsp; &#8211; modlimy si\u0119 za osoby konsekrowane: siostry zakonne, zakonnik&oacute;w. W naszej Parafii jest to Niedziela Adoracyjna &ndash; od godziny 12.00 do 16.00 prywatna adoracja rodzin. O godzinie 16.00 nabo\u017ce\u0144stwo<span class=\"more-link\"><a href=\"https:\/\/parafiabesko.pl\/?p=1511\">Czytaj wi\u0119cej<\/a><\/span><\/p>\n","protected":false},"author":1,"featured_media":1059,"comment_status":"closed","ping_status":"open","sticky":false,"template":"","format":"standard","meta":{"footnotes":""},"categories":[7],"tags":[],"class_list":["entry","author-adminparafiibesko","has-more-link","post-1511","post","type-post","status-publish","format-standard","has-post-thumbnail","category-ogloszenia-parafialne"],"_links":{"self":[{"href":"https:\/\/parafiabesko.pl\/index.php?rest_route=\/wp\/v2\/posts\/1511","targetHints":{"allow":["GET"]}}],"collection":[{"href":"https:\/\/parafiabesko.pl\/index.php?rest_route=\/wp\/v2\/posts"}],"about":[{"href":"https:\/\/parafiabesko.pl\/index.php?rest_route=\/wp\/v2\/types\/post"}],"author":[{"embeddable":true,"href":"https:\/\/parafiabesko.pl\/index.php?rest_route=\/wp\/v2\/users\/1"}],"replies":[{"embeddable":true,"href":"https:\/\/parafiabesko.pl\/index.php?rest_route=%2Fwp%2Fv2%2Fcomments&post=1511"}],"version-history":[{"count":0,"href":"https:\/\/parafiabesko.pl\/index.php?rest_route=\/wp\/v2\/posts\/1511\/revisions"}],"wp:featuredmedia":[{"embeddable":true,"href":"https:\/\/parafiabesko.pl\/index.php?rest_route=\/"}],"wp:attachment":[{"href":"https:\/\/parafiabesko.pl\/index.php?rest_route=%2Fwp%2Fv2%2Fmedia&parent=1511"}],"wp:term":[{"taxonomy":"category","embeddable":true,"href":"https:\/\/parafiabesko.pl\/index.php?rest_route=%2Fwp%2Fv2%2Fcategories&post=1511"},{"taxonomy":"post_tag","embeddable":true,"href":"https:\/\/parafiabesko.pl\/index.php?rest_route=%2Fwp%2Fv2%2Ftags&post=1511"}],"curies":[{"name":"wp","href":"https:\/\/api.w.org\/{rel}","templated":true}]}}