{"id":1508,"date":"2014-02-02T12:09:26","date_gmt":"2014-02-02T12:09:26","guid":{"rendered":"http:\/\/parafiabesko.pl\/?p=1508"},"modified":"2014-02-02T12:09:26","modified_gmt":"2014-02-02T12:09:26","slug":"swiatlo-zycia-konsekrowanego","status":"publish","type":"post","link":"https:\/\/parafiabesko.pl\/?p=1508","title":{"rendered":"\u015awiat\u0142o \u017cycia konsekrowanego"},"content":{"rendered":"<p style=\"text-align: justify;\">\n\t<strong>List pasterski Episkopatu Polski na Dzie<\/strong><strong>\u0144 \u017bycia Konsekrowanego<\/strong>\n<\/p>\n<p style=\"text-align: justify;\">\n\t<strong>2 lutego 2014 roku<\/strong>\n<\/p>\n<p><!--more--><\/p>\n<p style=\"text-align: justify;\">\n\tDrodzy Bracia i Siostry!\n<\/p>\n<p style=\"text-align: justify;\">\n\tLiturgia Ko\u015bcio\u0142a pozwala nam wci\u0105\u017c cieszy\u0107 si\u0119 tajemnic\u0105 Narodzenia i Objawienia si\u0119 \u015bwiatu Jezusa Chrystusa. Tak\u017ce dzisiaj wprowadza nas ona w jeszcze g\u0142\u0119bsze poznanie Syna Bo\u017cego, kt&oacute;ry w pe\u0142ni czas&oacute;w sta\u0142 si\u0119 cz\u0142owiekiem, \u017cy\u0142 w\u015br&oacute;d nas i przez swoj\u0105 m\u0119k\u0119, \u015bmier\u0107 i zmartwychwstanie nas odkupi\u0142. Wys\u0142uchana dzi\u015b Ewangelia przypomina nam wydarzenie, kt&oacute;re mia\u0142o miejsce 40 dni po narodzeniu Jezusa. Wtedy to, zgodnie z \u017cydowskim prawem, J&oacute;zef i Maryja udali si\u0119 do \u015bwi\u0105tyni jerozolimskiej, aby przedstawi\u0107 i ofiarowa\u0107 Bogu Jezusa oraz dokona\u0107 oczyszczenia Matki. Wydarzenie to wykroczy\u0142o poza zwyczajne wype\u0142nienie prawa. Sam B&oacute;g bowiem przedstawi\u0142 swojego Syna \u015bwiatu. Uczyni\u0142 to poprzez usta starca Symeona i prorokini Anny, kt&oacute;rzy rozpoznali w Dzieci\u0119ciu \u015bwiat\u0142o na o\u015bwiecenie pogan i chwa\u0142\u0119 Izraela (por. \u0141k 2,32). Ponadto, Symeon zobaczy\u0142 w ma\u0142ym Jezusie znak sprzeciwu oraz Tego, kt&oacute;ry ods\u0142oni zamys\u0142y serc wielu (por. \u0141k 2,34-35). Zrozumia\u0142, \u017ce odt\u0105d o losie ka\u017cdego cz\u0142owieka zadecyduje to, jak\u0105 on przyjmie postaw\u0119 wobec Jezusa &ndash; \u015awiat\u0142o\u015bci \u015awiata.\n<\/p>\n<p style=\"text-align: justify;\">\n\t\u015awiat\u0142o Jezusa Chrystusa po raz pierwszy rozb\u0142ys\u0142o w ka\u017cdym z nas w momencie naszego chrztu. Wtedy to stali\u015bmy si\u0119 dzie\u0107mi \u015awiat\u0142o\u015bci; wtedy B&oacute;g, kt&oacute;ry &bdquo;rozkaza\u0142 ciemno\u015bciom, by zaja\u015bnia\u0142y \u015bwiat\u0142em, zab\u0142ysn\u0105\u0142 w&nbsp;naszych sercach, by ol\u015bni\u0107 nas jasno\u015bci\u0105 poznania chwa\u0142y Bo\u017cej na obliczu Jezusa Chrystusa&rdquo; (2 Kor 4,6). By\u0142 to moment, w kt&oacute;rym nasi rodzicie i chrzestni przedstawili nas i ofiarowali Panu. Odt\u0105d ka\u017cdy z nas jest w\u0142asno\u015bci\u0105 Boga i posiada wyci\u015bni\u0119te niezatarte znami\u0119 przynale\u017cno\u015bci do Chrystusa. Co wi\u0119cej, przez obecno\u015b\u0107 Ducha \u015awi\u0119tego jest w nas Jego \u017cycie. W ten spos&oacute;b zostali\u015bmy <em>konsekrowani<\/em>, to znaczy po\u015bwi\u0119ceni i przeznaczeni dla Boga. On sam, poprzez pos\u0142ug\u0119 Ko\u015bcio\u0142a, w sakramencie chrztu \u015bwi\u0119tego wyrwa\u0142 nas z ciemno\u015bci i uczyni\u0142 nas wybranym plemieniem, kr&oacute;lewskim kap\u0142a\u0144stwem, narodem \u015bwi\u0119tym, ludem Bogu na w\u0142asno\u015b\u0107 przeznaczonym, aby\u015bmy og\u0142aszali chwalebne dzie\u0142a Tego, kt&oacute;ry nas wezwa\u0142 z ciemno\u015bci do przedziwnego swojego \u015bwiat\u0142a (por. 1 P 2,9). T\u0119 podstawow\u0105 prawd\u0119 cz\u0119sto przypomina nam liturgia Ko\u015bcio\u0142a, aby budzi\u0107 w nas coraz wi\u0119ksz\u0105 \u015bwiadomo\u015b\u0107 naszej to\u017csamo\u015bci &ndash; tego, kim jeste\u015bmy, i by uczy\u0107 nas prze\u017cywa\u0107 w\u0142asn\u0105 <em>konsekracj\u0119<\/em> <em>chrzcieln\u0105 <\/em>z dum\u0105 i rado\u015bci\u0105. &bdquo;Zostali\u015bmy nazwani dzie\u0107mi Bo\u017cymi i rzeczywi\u015bcie nimi jeste\u015bmy!&rdquo; (1 J 3,1).\n<\/p>\n<p style=\"text-align: justify;\">\n\tTa prawda pokazuje, \u017ce nasz\u0105 misj\u0105 w \u015bwiecie jest promieniowanie tym \u015awiat\u0142em, kt&oacute;rym jest Osoba Jezusa Chrystusa. Przypomina nam o tym p\u0142on\u0105ca \u015bwieca. Dziel\u0105c si\u0119 p\u0142omieniem zapalonej \u015bwiecy z innymi, niczego nie tracimy. &bdquo;Podzielone&rdquo; \u015bwiat\u0142o jest w stanie rozproszy\u0107 ciemno\u015bci i wype\u0142ni\u0107 ca\u0142e pomieszczenie nowym blaskiem bij\u0105cym ju\u017c nie tylko od jednej, ale od wielu \u015bwiec. Podobnie jest z mi\u0142o\u015bci\u0105. Dawanie siebie drugiemu sprawia, \u017ce nic tak naprawd\u0119 nie tracimy, ale stajemy si\u0119 coraz bogatsi i coraz bardziej rozumiemy siebie. Jeste\u015bmy bowiem stworzeni z mi\u0142o\u015bci i realizujemy si\u0119 w bezinteresownym darze z samego siebie. Dokonuje si\u0119 to w zupe\u0142nie zwyczajnych i prostych sytuacjach \u017cyciowych, kiedy potrafimy ze wzgl\u0119du na Chrystusa podzieli\u0107 si\u0119 z innymi swoim czasem i chlebem, \u017cyczliwo\u015bci\u0105 i zainteresowaniem, mi\u0142osierdziem i przebaczeniem. W\u0142a\u015bnie takie postawy, postawy Chrystusowe, \u015bwiadcz\u0105 o tym, \u017ce nasza <em>konsekracja chrzcielna<\/em> nie jest tylko czym\u015b zewn\u0119trznym; nie jest teori\u0105, ale rzeczywistym dzia\u0142aniem Boga we wn\u0119trzu cz\u0142owieka, kt&oacute;re owocuje g\u0142\u0119bok\u0105 przemian\u0105 naszej u\u0142omnej natury, czyni\u0105c j\u0105 zdoln\u0105 do bezinteresownej mi\u0142o\u015bci.\n<\/p>\n<p style=\"text-align: justify;\">\n\tDrodzy Bracia i Siostry! Od wielu lat Ko\u015bci&oacute;\u0142 \u0142\u0105czy dzisiejsze \u015awi\u0119to Ofiarowania Pa\u0144skiego z dniem po\u015bwi\u0119conym osobom konsekrowanym. Opr&oacute;cz powszechnej <em>konsekracji<\/em> <em>chrzcielnej<\/em>, w kt&oacute;rej uczestnicz\u0105 wszyscy ochrzczeni, istniej\u0105 ponadto w Ko\u015bciele osoby: m\u0119\u017cczy\u017ani i kobiety, kt&oacute;rzy przez \u015blubowanie rad ewangelicznych pos\u0142usze\u0144stwa, ub&oacute;stwa i czysto\u015bci s\u0105 w spos&oacute;b szczeg&oacute;lny po\u015bwi\u0119ceni Bogu. Nie jest to osobna, jakby dodatkowa <em>konsekracja<\/em>, ale bardziej radykalna realizacja zobowi\u0105za\u0144 p\u0142yn\u0105cych z chrztu \u015bwi\u0119tego.\n<\/p>\n<p style=\"text-align: justify;\">\n\tMo\u017ce pojawi\u0107 si\u0119 tutaj pytanie: dlaczego i po co istnieje w Ko\u015bciele taka forma \u017cycia, skoro wszyscy s\u0105 ju\u017c konsekrowani poprzez chrzest? Odpowied\u017a na to pytanie mo\u017cemy znale\u017a\u0107 w dzisiejszej Ewangelii. Opowiada nam ona o spotkaniu Jezusa ze swoim ludem. Tak\u017ce \u017cycie konsekrowane bierze sw&oacute;j pocz\u0105tek ze spotkania. To sam B&oacute;g w Chrystusie wychodzi na spotkanie tych, kt&oacute;rych wzywa do szczeg&oacute;lnej komunii z Nim i pozwala im do\u015bwiadcza\u0107 Jego blisko\u015bci. Pierwsze \u015bwiadectwo, jakie daj\u0105 \u015bwiatu osoby konsekrowane, to \u015bwiadectwo \u017cycia w zjednoczeniu z Bogiem, w g\u0142\u0119bokiej za\u017cy\u0142o\u015bci i przyja\u017ani z Nim. Obrazem tej szczeg&oacute;lnej relacji mo\u017ce by\u0107 reakcja starca Symeona, kt&oacute;ry bierze Dzieci\u0105tko w obj\u0119cia, tuli Je do siebie i b\u0142ogos\u0142awi Boga (por. \u0141k 2,28). Ten pi\u0119kny gest uzmys\u0142awia nam prawd\u0119 o pokorze i mi\u0142o\u015bci Boga, kt&oacute;ry chce si\u0119 odda\u0107 ca\u0142kowicie cz\u0142owiekowi powo\u0142anemu. Pokorna mi\u0142o\u015b\u0107 Boga objawiona w Chrystusie nieustannie poci\u0105ga rzesze m\u0119\u017cczyzn i kobiet do dawania Mu radykalnej odpowiedzi. Nie mo\u017ce by\u0107 ona niczym innym jak tylko mi\u0142o\u015bci\u0105, obejmuj\u0105c\u0105 ca\u0142ego cz\u0142owieka. Na tym w\u0142a\u015bnie polega radykalizm \u017cycia konsekrowanego, \u017ce ca\u0142y cz\u0142owiek oddaje si\u0119 do dyspozycji Temu, kt&oacute;ry ukocha\u0142 go a\u017c do ko\u0144ca. Ta wzajemna mi\u0142o\u015b\u0107 zaowocowa\u0142a r&oacute;\u017cnorodnymi formami \u017cycia konsekrowanego, kt&oacute;re Duch \u015awi\u0119ty wzbudzi\u0142 w Ko\u015bciele. Cz\u0119sto w\u0142a\u015bnie osoby konsekrowane, nie tyle poprzez dzia\u0142alno\u015b\u0107 zewn\u0119trzn\u0105, ile przez g\u0142\u0119bok\u0105 komuni\u0119 z Bogiem, pokazuj\u0105 \u015bwiatu sk\u0105d czerpa\u0107 si\u0142\u0119 i nadziej\u0119 na przysz\u0142o\u015b\u0107 oraz jak budowa\u0107 wzajemne relacje w oparciu o przebaczenie i mi\u0142o\u015b\u0107.\n<\/p>\n<p style=\"text-align: justify;\">\n\tPrzepi\u0119kne \u015bwiadectwo tak prze\u017cywanego \u017cycia konsekrowanego da\u0142o siedmiu braci trapist&oacute;w ze wsp&oacute;lnoty Tibhirine w Algierii, kt&oacute;rzy wiosn\u0105 1996 roku zostali uprowadzeni przez muzu\u0142ma\u0144skich fundamentalist&oacute;w i zamordowani. Nim jednak do tego dosz\u0142o zakonnicy ci przez kilka lat \u015bwiadomie dojrzewali do tego, do czego &ndash; jak przypuszczali &ndash; B&oacute;g mo\u017ce ich wezwa\u0107: do m\u0119cze\u0144stwa. Co prawda mogli ratowa\u0107 swoje \u017cycie wyje\u017cd\u017caj\u0105c z kraju dotkni\u0119tego przemoc\u0105, jednak\u017ce odkryli, \u017ce ich obecno\u015b\u0107 po\u015br&oacute;d tamtejszego ubogiego ludu ma warto\u015b\u0107 znacznie wi\u0119ksz\u0105 ni\u017c ich \u017cycie. W \u015bwiecie ogarni\u0119tym nienawi\u015bci\u0105 zgodzili si\u0119 na to, by sta\u0107 si\u0119 <em>znakiem sprzeciwu<\/em>. Dlatego podj\u0119li wsp&oacute;lnie decyzj\u0119, aby pozosta\u0107 w Algierii. \u017bycie w komunii z Chrystusem, \u017cycie Jego \u017cyciem wyda\u0142o w nich wspania\u0142y owoc mi\u0142o\u015bci do braci, a tak\u017ce do nieprzyjaci&oacute;\u0142, co potwierdzili m\u0119cze\u0144sk\u0105 \u015bmierci\u0105. Jeden z nich, na kr&oacute;tko przed porwaniem, zapisa\u0142 w swoim dzienniku duchowym: &bdquo;Mo\u017cemy istnie\u0107 jako ludzie tylko w&oacute;wczas, je\u015bli zgodzimy si\u0119 uczyni\u0107 z siebie obraz Mi\u0142o\u015bci &ndash; takiej, jak\u0105 przedstawia si\u0119 ona w Chrystusie&rdquo;.\n<\/p>\n<p style=\"text-align: justify;\">\n\tDzisiejszy dzie\u0144 jest okazj\u0105 do wdzi\u0119czniej pami\u0119ci przed Bogiem o tych naszych braciach i siostrach, kt&oacute;rzy na ca\u0142ym \u015bwiecie daj\u0105 \u015bwiadectwo \u017cycia dla Boga, nawet je\u015bli to oznacza dla nich bycie <em>znakiem sprzeciwu<\/em> wobec tych, kt&oacute;rzy nie znaj\u0105 Chrystusa, jak i tych, kt&oacute;rzy \u015bwiadomie odrzucaj\u0105 Jego \u015bwiat\u0142o.\n<\/p>\n<p style=\"text-align: justify;\">\n\tPragniemy skierowa\u0107 jeszcze kilka s\u0142&oacute;w do m\u0142odzie\u017cy, do dziewcz\u0105t i ch\u0142opc&oacute;w. Drogi M\u0142ody Przyjacielu! Nie my\u015bl, \u017ce \u017cycie konsekrowane jest czym\u015b nudnym, bezbarwnym, niedzisiejszym, przeznaczonym dla tych, kt&oacute;rzy nie s\u0105 w stanie poradzi\u0107 sobie w \u017cyciu. Nie ulegaj przewrotnej mentalno\u015bci \u015bwiata, wedle kt&oacute;rej sensem \u017cycia jest bogactwo i przyjemno\u015b\u0107. Je\u015bli s\u0142yszysz g\u0142os Mistrza, kt&oacute;ry Ci\u0119 wzywa &ndash; odpowiedz hojnie i wielkodusznie, z rado\u015bci\u0105 i entuzjazmem. \u017bycie konsekrowane jest pi\u0119kn\u0105 przygod\u0105, kt&oacute;rej bohaterem jest On sam, Jezus Chrystus, Tw&oacute;j Zbawiciel. Tylko z Nim \u017cycie mo\u017ce by\u0107 naprawd\u0119 spe\u0142nione. Je\u015bli Pan Ci\u0119 wzywa, nie oci\u0105gaj si\u0119, ale wyrusz w drog\u0119! To On zabierze Ci\u0119 ze sob\u0105, poprowadzi za r\u0119k\u0119 i pozwoli wyp\u0142yn\u0105\u0107 na g\u0142\u0119bi\u0119.\n<\/p>\n<p style=\"text-align: justify;\">\n\tDrodzy Bracia i Siostry! Niech Maryja, kt&oacute;ra wyda\u0142a na \u015bwiat Jezusa &ndash; \u015awiat\u0142o\u015b\u0107 \u015awiata, pomo\u017ce nam ka\u017cdego dnia rozpoznawa\u0107 to \u015awiat\u0142o i pod\u0105\u017ca\u0107 za Nim, aby\u015bmy po\u015br&oacute;d mrok&oacute;w codzienno\u015bci potrafili odnajdywa\u0107 w\u0142a\u015bciw\u0105 drog\u0119 oraz sami stawali si\u0119 \u015bwiat\u0142em dla innych.\n<\/p>\n<p style=\"text-align: justify;\">\n\tWszystkim Wam, Bracia i Siostry, a zw\u0142aszcza osobom konsekrowanym, z serca udzielamy pasterskiego b\u0142ogos\u0142awie\u0144stwa\n<\/p>\n<p style=\"text-align: justify;\">\n\t&nbsp;\n<\/p>\n<p style=\"text-align: justify;\">\n\tPodpisali: Kardyna\u0142owie, Arcybiskupi i Biskupi\n<\/p>\n<p style=\"text-align: justify;\">\n\tobecni na 363. Zebraniu Plenarnym\n<\/p>\n<p style=\"text-align: justify;\">\n\tKonferencji Episkopatu Polski w Warszawie\n<\/p>\n<p style=\"text-align: justify;\">\n\tw dniu 8 pa\u017adziernika 2013 r.<\/p>\n","protected":false},"excerpt":{"rendered":"<p>List pasterski Episkopatu Polski na Dzie\u0144 \u017bycia Konsekrowanego 2 lutego 2014 roku<span class=\"more-link\"><a href=\"https:\/\/parafiabesko.pl\/?p=1508\">Czytaj wi\u0119cej<\/a><\/span><\/p>\n","protected":false},"author":1,"featured_media":668,"comment_status":"closed","ping_status":"open","sticky":false,"template":"","format":"standard","meta":{"footnotes":""},"categories":[6],"tags":[],"class_list":["entry","author-adminparafiibesko","has-more-link","post-1508","post","type-post","status-publish","format-standard","has-post-thumbnail","category-uncategorized"],"_links":{"self":[{"href":"https:\/\/parafiabesko.pl\/index.php?rest_route=\/wp\/v2\/posts\/1508","targetHints":{"allow":["GET"]}}],"collection":[{"href":"https:\/\/parafiabesko.pl\/index.php?rest_route=\/wp\/v2\/posts"}],"about":[{"href":"https:\/\/parafiabesko.pl\/index.php?rest_route=\/wp\/v2\/types\/post"}],"author":[{"embeddable":true,"href":"https:\/\/parafiabesko.pl\/index.php?rest_route=\/wp\/v2\/users\/1"}],"replies":[{"embeddable":true,"href":"https:\/\/parafiabesko.pl\/index.php?rest_route=%2Fwp%2Fv2%2Fcomments&post=1508"}],"version-history":[{"count":0,"href":"https:\/\/parafiabesko.pl\/index.php?rest_route=\/wp\/v2\/posts\/1508\/revisions"}],"wp:featuredmedia":[{"embeddable":true,"href":"https:\/\/parafiabesko.pl\/index.php?rest_route=\/"}],"wp:attachment":[{"href":"https:\/\/parafiabesko.pl\/index.php?rest_route=%2Fwp%2Fv2%2Fmedia&parent=1508"}],"wp:term":[{"taxonomy":"category","embeddable":true,"href":"https:\/\/parafiabesko.pl\/index.php?rest_route=%2Fwp%2Fv2%2Fcategories&post=1508"},{"taxonomy":"post_tag","embeddable":true,"href":"https:\/\/parafiabesko.pl\/index.php?rest_route=%2Fwp%2Fv2%2Ftags&post=1508"}],"curies":[{"name":"wp","href":"https:\/\/api.w.org\/{rel}","templated":true}]}}