{"id":1506,"date":"2014-02-02T12:07:40","date_gmt":"2014-02-02T12:07:40","guid":{"rendered":"http:\/\/parafiabesko.pl\/?p=1506"},"modified":"2014-02-02T12:07:40","modified_gmt":"2014-02-02T12:07:40","slug":"intencje-mszalne-03-02-2014-09-02-2014","status":"publish","type":"post","link":"https:\/\/parafiabesko.pl\/?p=1506","title":{"rendered":"Intencje mszalne 03.02.2014-09.02.2014"},"content":{"rendered":"<p>\n\tW najbli\u017cszym tygodniu zostan\u0105 odprawione nast\u0119puj\u0105ce intencje mszalne:\n<\/p>\n<p>\n\t<!--more-->\n<\/p>\n<table border=\"1\" cellpadding=\"1\" cellspacing=\"1\" style=\"width: 500px\">\n<tbody>\n<tr>\n<td style=\"text-align: center\">\n\t\t\t\t<strong>Dzie\u0144 tygodnia<\/strong>\n\t\t\t<\/td>\n<td style=\"text-align: center\">\n\t\t\t\t<strong>godzina<\/strong>\n\t\t\t<\/td>\n<td style=\"text-align: center\">\n\t\t\t\t&nbsp;\n\t\t\t<\/td>\n<\/tr>\n<tr>\n<td colspan=\"1\" rowspan=\"2\">\n\t\t\t\tPoniedzia\u0142ek\n\t\t\t<\/td>\n<td>\n\t\t\t\t7.00\n\t\t\t<\/td>\n<td>\n\t\t\t\t+Jan Smole\u0144, Natalia i Jan\n\t\t\t<\/td>\n<\/tr>\n<tr>\n<td>\n\t\t\t\t17.00\n\t\t\t<\/td>\n<td>\n<p>\n\t\t\t\t\t1.+Irena Mermer <em>(of. rodzina Szyndler)<\/em>\n\t\t\t\t<\/p>\n<p>\t\t\t\t2.+Eugeniusz Rymarowicz <em>(of. rodzina Suwa\u0142&oacute;w)<\/em>\n\t\t\t<\/td>\n<\/tr>\n<tr>\n<td colspan=\"1\" rowspan=\"2\">\n\t\t\t\tWtorek\n\t\t\t<\/td>\n<td>\n\t\t\t\t7.00\n\t\t\t<\/td>\n<td>\n\t\t\t\t+Stanis\u0142aw, Stanis\u0142awa i Michalina\n\t\t\t<\/td>\n<\/tr>\n<tr>\n<td>\n\t\t\t\t17.00\n\t\t\t<\/td>\n<td>\n<p>\n\t\t\t\t\t1.+\u0141ukasz Chyna\u0142\n\t\t\t\t<\/p>\n<p>\t\t\t\t2.+Stefania Kortyna <em>(of. od syna Zbigniewa z rodzin\u0105)<\/em>\n\t\t\t<\/td>\n<\/tr>\n<tr>\n<td colspan=\"1\" rowspan=\"2\">\n\t\t\t\t\u015aroda\n\t\t\t<\/td>\n<td>\n\t\t\t\t7.00\n\t\t\t<\/td>\n<td>\n\t\t\t\t+Maria Krupianik\n\t\t\t<\/td>\n<\/tr>\n<tr>\n<td>\n\t\t\t\t17.00\n\t\t\t<\/td>\n<td>\n<p>\n\t\t\t\t\t1.+J&oacute;zef Roman w 8r.\u015bm.\n\t\t\t\t<\/p>\n<p>\t\t\t\t2.O zdrowie i Bo\u017c\u0105 opiek\u0119 dla Agaty\n\t\t\t<\/td>\n<\/tr>\n<tr>\n<td colspan=\"1\" rowspan=\"2\">\n\t\t\t\tCzwartek\n\t\t\t<\/td>\n<td>\n\t\t\t\t7.00\n\t\t\t<\/td>\n<td>\n\t\t\t\t+Marian Dulewski\n\t\t\t<\/td>\n<\/tr>\n<tr>\n<td>\n\t\t\t\t17.00\n\t\t\t<\/td>\n<td>\n<p>\n\t\t\t\t\t1.+\u0141ukasz Chyna\u0142\n\t\t\t\t<\/p>\n<p>\t\t\t\t2.+Marek, Stanis\u0142awa, Stanis\u0142aw Mermer\n\t\t\t<\/td>\n<\/tr>\n<tr>\n<td colspan=\"1\" rowspan=\"2\">\n\t\t\t\tPi\u0105tek\n\t\t\t<\/td>\n<td>\n\t\t\t\t7.00\n\t\t\t<\/td>\n<td>\n\t\t\t\t+Zofia Kielar <em>(of. kole\u017canki i koledzy z pracy)<\/em>\n\t\t\t<\/td>\n<\/tr>\n<tr>\n<td>\n\t\t\t\t17.00\n\t\t\t<\/td>\n<td>\n\t\t\t\t+\u0141ukasz Nowak i \u0141ukasz Chyna\u0142 <em>(of. s\u0105siedzi z ul. S\u0142onecznej)<\/em>\n\t\t\t<\/td>\n<\/tr>\n<tr>\n<td colspan=\"1\" rowspan=\"2\">\n\t\t\t\tSobota\n\t\t\t<\/td>\n<td>\n\t\t\t\t7.00\n\t\t\t<\/td>\n<td>\n\t\t\t\t+Bronis\u0142aw, Helena, Jan i Les\u0142aw\n\t\t\t<\/td>\n<\/tr>\n<tr>\n<td>\n\t\t\t\t17.00\n\t\t\t<\/td>\n<td>\n<p>\n\t\t\t\t\t1.+Maria Betlej w 3r.\u015bm.\n\t\t\t\t<\/p>\n<p>\t\t\t\t2.+Maria i Wawrzyniec Michnowicz\n\t\t\t<\/td>\n<\/tr>\n<tr>\n<td colspan=\"1\" rowspan=\"4\">\n\t\t\t\tNiedziela\n\t\t\t<\/td>\n<td>\n\t\t\t\t7.30\n\t\t\t<\/td>\n<td>\n\t\t\t\t+Irena \u015aliwka w 5r.\u015bm.\n\t\t\t<\/td>\n<\/tr>\n<tr>\n<td>\n\t\t\t\t9.15\n\t\t\t<\/td>\n<td>\n\t\t\t\t+Stanis\u0142aw Pola\u0144ski\n\t\t\t<\/td>\n<\/tr>\n<tr>\n<td>\n\t\t\t\t11.00\n\t\t\t<\/td>\n<td>\n\t\t\t\tW intencji parafian\n\t\t\t<\/td>\n<\/tr>\n<tr>\n<td>\n\t\t\t\t16.30\n\t\t\t<\/td>\n<td>\n<p>\n\t\t\t\t\t+Barbara Migda\u0142 w 3r.\u015bm.<em>(of. c&oacute;rki i m\u0105\u017c)<\/em>\n\t\t\t\t<\/p>\n<\/td>\n<\/tr>\n<\/tbody>\n<\/table>\n","protected":false},"excerpt":{"rendered":"<p>W najbli\u017cszym tygodniu zostan\u0105 odprawione nast\u0119puj\u0105ce intencje mszalne:<span class=\"more-link\"><a href=\"https:\/\/parafiabesko.pl\/?p=1506\">Czytaj wi\u0119cej<\/a><\/span><\/p>\n","protected":false},"author":1,"featured_media":1055,"comment_status":"closed","ping_status":"open","sticky":false,"template":"","format":"standard","meta":{"footnotes":""},"categories":[7],"tags":[],"class_list":["entry","author-adminparafiibesko","has-more-link","post-1506","post","type-post","status-publish","format-standard","has-post-thumbnail","category-ogloszenia-parafialne"],"_links":{"self":[{"href":"https:\/\/parafiabesko.pl\/index.php?rest_route=\/wp\/v2\/posts\/1506","targetHints":{"allow":["GET"]}}],"collection":[{"href":"https:\/\/parafiabesko.pl\/index.php?rest_route=\/wp\/v2\/posts"}],"about":[{"href":"https:\/\/parafiabesko.pl\/index.php?rest_route=\/wp\/v2\/types\/post"}],"author":[{"embeddable":true,"href":"https:\/\/parafiabesko.pl\/index.php?rest_route=\/wp\/v2\/users\/1"}],"replies":[{"embeddable":true,"href":"https:\/\/parafiabesko.pl\/index.php?rest_route=%2Fwp%2Fv2%2Fcomments&post=1506"}],"version-history":[{"count":0,"href":"https:\/\/parafiabesko.pl\/index.php?rest_route=\/wp\/v2\/posts\/1506\/revisions"}],"wp:featuredmedia":[{"embeddable":true,"href":"https:\/\/parafiabesko.pl\/index.php?rest_route=\/"}],"wp:attachment":[{"href":"https:\/\/parafiabesko.pl\/index.php?rest_route=%2Fwp%2Fv2%2Fmedia&parent=1506"}],"wp:term":[{"taxonomy":"category","embeddable":true,"href":"https:\/\/parafiabesko.pl\/index.php?rest_route=%2Fwp%2Fv2%2Fcategories&post=1506"},{"taxonomy":"post_tag","embeddable":true,"href":"https:\/\/parafiabesko.pl\/index.php?rest_route=%2Fwp%2Fv2%2Ftags&post=1506"}],"curies":[{"name":"wp","href":"https:\/\/api.w.org\/{rel}","templated":true}]}}