{"id":1492,"date":"2014-01-26T13:21:12","date_gmt":"2014-01-26T13:21:12","guid":{"rendered":"http:\/\/parafiabesko.pl\/?p=1492"},"modified":"2014-01-26T13:21:12","modified_gmt":"2014-01-26T13:21:12","slug":"uczynmy-eucharystie-zaczynem-wiary-i-ewangelizacji","status":"publish","type":"post","link":"https:\/\/parafiabesko.pl\/?p=1492","title":{"rendered":"Uczy\u0144my Eucharysti\u0119 zaczynem wiary i ewangelizacji"},"content":{"rendered":"<p style=\"text-align: justify;\">\n\tDrodzy Diecezjanie\n<\/p>\n<p style=\"text-align: justify;\">\n\t&nbsp;&nbsp;&nbsp;&nbsp;&nbsp;&nbsp;&nbsp;&nbsp;&nbsp;&nbsp;&nbsp; Rok duszpasterski, kt&oacute;ry prze\u017cywamy koncentruje nasz\u0105 uwag\u0119 na najwa\u017cniejszej dla chrze\u015bcijan Osobie. To Jezus Chrystus, Bo\u017cy Syn, kt&oacute;remu daje \u015bwiadectwo Jan w&nbsp;swojej ewangelii (J1,34), a kt&oacute;ry sta\u0142 si\u0119 cz\u0142owiekiem z Naj\u015bwi\u0119tszej Maryi Dziewicy i&nbsp;urodzi\u0142 si\u0119 w Betlejem. Dobrze, \u017ce do 2 lutego w naszych ko\u015bcio\u0142ach \u015bpiewamy kol\u0119dy, bo w ten spos&oacute;b, wsp&oacute;lnie wielbimy Tajemnic\u0119 Bo\u017cego Narodzenia. A te proste wydarzenia zwi\u0105zane z ub&oacute;stwem narodzin Zbawiciela m&oacute;wi\u0105 nam bardzo wiele o mi\u0142o\u015bci Boga do ludzi, o Jego uni\u017ceniu i pe\u0142nym wej\u015bciu w uwarunkowania historyczne i ludzkie. W&nbsp;Betlejem widzieli\u015bmy \u017cyczliwo\u015b\u0107 biednych pasterzy, ho\u0142d trzech M\u0119drc&oacute;w &ndash; kr&oacute;l&oacute;w ze Wschodu, ale te\u017c zazdro\u015b\u0107 i okrucie\u0144stwo Heroda.&nbsp;&nbsp;&nbsp;&nbsp;&nbsp; Zdumiewaj\u0105ce \u015bwiadectwo wiary i&nbsp;troski o Jezusa dali Maryja i J&oacute;zef i jeste\u015bmy im wdzi\u0119czni, \u017ce z mi\u0142o\u015bci\u0105 zatroszczyli si\u0119 o&nbsp;Niego i dla nas uratowali Bo\u017cy plan zbawienia.\n<\/p>\n<p><!--more--><\/p>\n<p style=\"text-align: justify;\">\n\t&nbsp;&nbsp;&nbsp;&nbsp;&nbsp;&nbsp;&nbsp;&nbsp;&nbsp;&nbsp;&nbsp; Ten rok duszpasterski w naszej archidiecezji po\u015bwi\u0119cony jest \u015bw. Janowi z Dukli, ale b\u0119dzie te\u017c ubogacony przez kanonizacj\u0119 b\u0142ogos\u0142awionego Jana Paw\u0142a II, kt&oacute;rego tak wszyscy kochamy, chlubimy si\u0119 nim i z szacunkiem wspominamy. To On kanonizowa\u0142 w&nbsp;1997 roku naszego Patrona \u015bw. Jana a uczyni\u0142 to w Kro\u015bnie, bo bardzo chcia\u0142 przyby\u0107 do nas, raz jeszcze odwiedzi\u0107 nasz\u0105 przemysk\u0105 diecezj\u0119, przej\u015b\u0107 po Bieszczadach, zobaczy\u0107 Cergow\u0105, Ustrzyki i Pastwiska. Niestety, nie pozwolono mu na to, pewnie w trosce o jego zdrowie, kt&oacute;re ju\u017c wtedy nie by\u0142o najlepsze. Ale ci, kt&oacute;rzy byli bli\u017cej widzieli jego wzruszenie w Kro\u015bnie i Dukli, kt&oacute;rego nawet nie pr&oacute;bowa\u0142 ukrywa\u0107. On kocha\u0142 prostych ludzi, ich wiar\u0105 krzepi\u0142 swe serce. W czasie tych masowych nabo\u017ce\u0144stw doznawa\u0142 dodatkowych prze\u017cy\u0107 i w ekstazie mi\u0142o\u015bci ni&oacute;s\u0142 nasze wsp&oacute;lne modlitwy razem z Chrystu&shy;sem do Ojca.\n<\/p>\n<p style=\"text-align: justify;\">\n\t&nbsp;&nbsp;&nbsp;&nbsp;&nbsp;&nbsp;&nbsp;&nbsp;&nbsp;&nbsp;&nbsp; Wsz\u0119dzie, gdzie udawa\u0142 si\u0119 nasz \u015bwi\u0119ty Papie\u017c sprawowa\u0142 Msz\u0119 \u015bwi\u0119t\u0105, przygotowywa\u0142 si\u0119 do niej a potem w ciszy odprawia\u0142 d\u0142ugie dzi\u0119kczynienie, kontynuowa\u0142 kontemplacj\u0119 Jezusa, kt&oacute;ry nieustannie staje si\u0119 \u015bwi\u0119t\u0105 \u017bertw\u0105 ofiarn\u0105. Mo\u017ce warto postawi\u0107 pytanie czy my wszyscy, a zw\u0142aszcza ksi\u0119\u017ca nale\u017cycie pami\u0119tamy o przygoto&shy;waniu si\u0119 i dzi\u0119kczynieniu po Komunii \u015bwi\u0119tej?\n<\/p>\n<p style=\"text-align: justify;\">\n\t<strong>W Naj\u015bwi\u0119tszym Sakramencie szukamy umocnienia<\/strong>\n<\/p>\n<p style=\"text-align: justify;\">\n\t&nbsp;&nbsp;&nbsp;&nbsp;&nbsp;&nbsp;&nbsp;&nbsp;&nbsp;&nbsp;&nbsp; Chcia\u0142bym, aby\u015bmy w tym roku spr&oacute;bowali g\u0142\u0119biej przypatrze\u0107 si\u0119 duchowej drodze \u015bw. Jana z Dukli i Jana Paw\u0142a II, i na miar\u0119 naszej wiary skorzystali z ich sposobu d\u0105\u017cenia do \u015bwi\u0119to\u015bci. Jestem g\u0142\u0119boko przekonany, \u017ce takim szczeg&oacute;lnym centrum, gdzie koncentruje si\u0119 \u017ar&oacute;d\u0142o \u015bwi\u0119to\u015bci dla kap\u0142an&oacute;w i chrze\u015bcijan jest Naj\u015bwi\u0119tsza Eucharystia.\n<\/p>\n<p style=\"text-align: justify;\">\n\t&nbsp;&nbsp;&nbsp;&nbsp;&nbsp;&nbsp;&nbsp;&nbsp;&nbsp;&nbsp;&nbsp; Eucharystia jest sakramentem obecno\u015bci Tego, kt&oacute;ry powiedzia\u0142: <em>Ja jestem z wami przez wszystkie dni, a\u017c do sko\u0144czenia \u015bwiata<\/em> (Mt 28,20). Tu tkwi si\u0142a Ko\u015bcio\u0142a, tu r&oacute;wnie\u017c nale\u017cy szuka\u0107 umocnienia naszej wiary, kt&oacute;ra w obecno\u015bci Pana Jezusa ma zdrowe i bez&shy;pieczne \u017ar&oacute;d\u0142o. Jest tyle zagro\u017ce\u0144 wok&oacute;\u0142 ka\u017cdego z nas, jest tyle wrogo\u015bci i nienawi\u015bci, a tu, w Naj\u015bwi\u0119tszym Sakramencie \u017cyje pot\u0119ga mi\u0142o\u015bci. Czy potrafimy j\u0105 zauwa\u017cy\u0107, czy umiemy z niej skorzysta\u0107?\n<\/p>\n<p style=\"text-align: justify;\">\n\t&nbsp;&nbsp;&nbsp;&nbsp;&nbsp;&nbsp;&nbsp;&nbsp;&nbsp;&nbsp;&nbsp; Jan Pawe\u0142 II w swojej ostatniej encyklice napisa\u0142, \u017ce Ko\u015bci&oacute;\u0142 \u017cyje dzi\u0119ki Eucharystii, gdzie sam Chrystus nieustannie o\u017cywia nasz\u0105 wiar\u0119. Ka\u017cdy z nas pami\u0119ta s\u0142owa Pana Jezusa: <em>Zaprawd\u0119, zaprawd\u0119 powiadam wam: Je\u017celi nie b\u0119dziecie jedli Cia\u0142a Syna Cz\u0142owie&shy;czego ani pili Krwi Jego, nie b\u0119dziecie mieli \u017cycia w sobie <\/em>(J 6, 53). Ilekro\u0107 przyjmujemy Cia\u0142o Pa\u0144skie w Komunii \u015bwi\u0119tej otrzymujemy tak\u017ce Ducha \u015awi\u0119tego. Wed\u0142ug \u015bw. Efrema kiedy Pan Jezus: <em>nazwa\u0142 chleb swoim \u017cyj\u0105cym cia\u0142em, nape\u0142ni\u0142 go sob\u0105 samym i swoim Duchem &hellip; a kto Go z wiar\u0105 spo\u017cywa, spo\u017cywa Ogie\u0144 i Ducha. <\/em>(cyt. za JP II, E. de E., 17).\n<\/p>\n<p style=\"text-align: justify;\">\n\t&nbsp;&nbsp;&nbsp;&nbsp;&nbsp;&nbsp;&nbsp;&nbsp;&nbsp;&nbsp;&nbsp; Realizm wiary jest nieustannym szukaniem, t\u0119sknot\u0105 i pokojem, kt&oacute;ry jest w Bogu a&nbsp;nie w nas. I to dzi\u0119ki Niemu ten dar przychodzi do mnie, bo wiara jest Boskim wymiarem w nas, dzi\u0119ki niej staje si\u0119 \u017cywy, odczuwalny, osobowy nasz kontakt z Bogiem, kt&oacute;ry si\u0119 objawia a jednocze\u015bnie ukrywa i <em>znalezienie Boga polega na szukaniu Go nieustannie<\/em> (\u015bw.&nbsp;Grzegorz z Nyssy).\n<\/p>\n<p style=\"text-align: justify;\">\n\t&nbsp;&nbsp;&nbsp;&nbsp;&nbsp;&nbsp;&nbsp;&nbsp;&nbsp;&nbsp;&nbsp; Przewodnikiem, kt&oacute;ry najlepiej, najpe\u0142niej i najbezpieczniej wprowadza w Tajemnic\u0119 Eucharystii jest sam Jezus. Trzeba skorzysta\u0107 z Jego pomocy, aby lepiej zrozumie\u0107, przybli\u017cy\u0107 si\u0119 do Niego, a nawet wi\u0119cej: odnale\u017a\u0107 si\u0119 w Nim. Przez Niego i z Nim oddawa\u0107 chwa\u0142\u0119, uwielbia\u0107, przeprasza\u0107, wynagradza\u0107 i b\u0142aga\u0107 Boga, aby przymno\u017cy\u0142 nam wiary. W&nbsp;Eucharystii On ci\u0105gle jest i dzia\u0142a nieustannie. Pozw&oacute;lmy si\u0119 prowadzi\u0107 Jezusowi, aby B&oacute;g by\u0142 w centrum naszego \u017cycia a nie tylko na marginesie naszych my\u015bli i zdarze\u0144.\n<\/p>\n<p style=\"text-align: justify;\">\n\t&nbsp;&nbsp;&nbsp;&nbsp;&nbsp;&nbsp;&nbsp;&nbsp;&nbsp;&nbsp;&nbsp; Eucharystia jest dowodem, \u017ce B&oacute;g zakocha\u0142 si\u0119 w cz\u0142owieku a\u017c do ca\u0142kowitego oddania si\u0119 nam. Czy rozumiemy, czy pr&oacute;bujemy zrozumie\u0107 ten realizm mi\u0142o\u015bci Zmar&shy;twychwsta\u0142ego Chrystusa? Od przej\u0119cia si\u0119 t\u0105 prawd\u0105 wszystko si\u0119 mo\u017ce zmieni\u0107 w naszym \u017cyciu na lepsze. Wiara jest jedna podczas modlitwy i w codzienno\u015bci naszego \u017cycia. Umocniona na modlitwie pomaga wed\u0142ug niej \u017cy\u0107 a tak\u017ce przenika i uszlachetnia nas jako ludzi. Bez Boga \u017cycie cz\u0142owieka jest zubo\u017cone o najwa\u017cniejszy punkt odniesienia.\n<\/p>\n<p style=\"text-align: justify;\">\n\t&nbsp;&nbsp;&nbsp;&nbsp;&nbsp;&nbsp;&nbsp;&nbsp;&nbsp;&nbsp;&nbsp; Jezus obecny w Eucharystii jest w stanie umocni\u0107 nasz\u0105 wiar\u0119, znale\u017a\u0107 odpowied\u017a na najwa\u017cniejsze pytania. Przed Jezusem w tabernakulum trzeba jednak tak d\u0142ugo trwa\u0107, a\u017c b\u0119d\u0119 m&oacute;g\u0142 niemal odczu\u0107 bicie Jego serca. Zach\u0119cam do tego trwania zw\u0142aszcza kap\u0142an&oacute;w i&nbsp;tych \u015bwieckich, kt&oacute;rzy pragn\u0105 codzienno\u015bci\u0105 \u017cycia g\u0142osi\u0107 ewangeli\u0119, dawa\u0107 \u015bwiadectwo wiary. Poprzez Eucharysti\u0119 wszystko wygl\u0105da inaczej bez zmiany miejsca mego pobytu. To dzi\u0119ki Eucharystii staj\u0119 si\u0119 pokorniejszy i bardziej wsp&oacute;\u0142czesny Jezusowi a poprzez zjednoczenie z Nim ucz\u0119 si\u0119 bardziej prawdziwie patrze\u0107 na swoje miejsce przed Bogiem i&nbsp;wpo\u015br&oacute;d ludzi. Przechodz\u0105c od modlitwy do \u017cycia \u0142atwiej mi b\u0119dzie opanowa\u0107 z\u0142e instynkty i post\u0119powa\u0107 uczciwie, \u0142atwiej przyjdzie zerwa\u0107 znajomo\u015b\u0107 prowadz\u0105c\u0105 do grzechu czy wynagrodzi\u0107 krzywd\u0119.\n<\/p>\n<p style=\"text-align: justify;\">\n\t&nbsp;&nbsp;&nbsp;&nbsp;&nbsp;&nbsp;&nbsp;&nbsp;&nbsp;&nbsp;&nbsp; Adoracja Naj\u015bwi\u0119tszego Sakramentu jest wa\u017cnym warunkiem w\u0142a\u015bciwego prze\u017cywania Eucharystycznej ofiary Chrystusa, bo we Mszy \u015bwi\u0119tej dotykamy samej g\u0142\u0119bi Tajemnicy Tr&oacute;jcy \u015awi\u0119tej. Wchodzimy w relacj\u0119 mi\u0142o\u015bci Syna Bo\u017cego do Ojca, mi\u0142o\u015bci, kt&oacute;ra jest nieroz\u0142\u0105czna z mi\u0142o\u015bci\u0105 do ludzi. Jezus jako B&oacute;g &#8211; Cz\u0142owiek realizuje na krzy\u017cu plan zbawczy ca\u0142ej Tr&oacute;jcy \u015awi\u0119tej, a na o\u0142tarzu podczas Mszy \u015bwi\u0119tej uobecnia t\u0119 sam\u0105 ofiar\u0119 Golgoty. Tylko z wiar\u0105 mo\u017cna godnie prze\u017cywa\u0107 Msz\u0119 \u015bwi\u0119t\u0105 i tylko szczer\u0105 mi\u0142o\u015bci\u0105 godzi si\u0119 odpowiedzie\u0107 na t\u0119 zbawcz\u0105 mi\u0142o\u015b\u0107 Boga. To dlatego z najwi\u0119kszym szacunkiem podchodzimy do Mszy \u015bwi\u0119tej. Tu ka\u017cdy gest i ka\u017cde s\u0142owo i ka\u017cde zachowanie staje si\u0119 \u015bwiadectwem wiary. Nasze przykl\u0119kni\u0119cie przed Naj\u015bwi\u0119tszym Sakramentem, nasz skromny, godny ubi&oacute;r i nasz udzia\u0142 w \u015bwi\u0119tej liturgii jest wa\u017cny nie ze wzgl\u0119du na ludzi, ale ze wzgl\u0119du na Tego, kt&oacute;rego przychodzimy uczci\u0107 w ko\u015bciele.\n<\/p>\n<p style=\"text-align: justify;\">\n\t&nbsp;&nbsp;&nbsp;&nbsp;&nbsp;&nbsp;&nbsp;&nbsp;&nbsp;&nbsp;&nbsp; Warto\u015b\u0107 Mszy \u015bwi\u0119tej jako modlitewnej ofiary Jezusa jest niesko\u0144czona, najbardziej mi\u0142a Bogu i najbardziej skuteczna, bo tu nasze intencje, podzi\u0119kowania i pro\u015bby razem z&nbsp;Maryj\u0105 i \u015bwi\u0119tymi w\u0142\u0105czamy w modlitw\u0119 Jezusa, kt&oacute;ry zbawia \u015bwiat i modli si\u0119 o to, co najwa\u017cniejsze dla naszego zbawienia. Nie ma pi\u0119kniejszego daru jaki mo\u017cemy ofiarowa\u0107 Bogu lub naszym bliskim \u017cyj\u0105cym czy zmar\u0142ym, jak Msza \u015bwi\u0119ta i Komunia \u015bwi\u0119ta, ale pami\u0119tajmy, aby przyst\u0119powa\u0107 do niej tylko czystym sercem.\n<\/p>\n<p style=\"text-align: justify;\">\n\t<strong>Troszczmy si\u0119 o zdrowe, czyste sumienie<\/strong>\n<\/p>\n<p style=\"text-align: justify;\">\n\t&nbsp;&nbsp;&nbsp;&nbsp;&nbsp;&nbsp;&nbsp;&nbsp;&nbsp;&nbsp;&nbsp; Na warunek czystego serca zwraca\u0142 ju\u017c uwag\u0119 \u015bw. Pawe\u0142 (1 Kor 11,28), a \u015bw. Jan Chryzostom z ca\u0142\u0105 moc\u0105 swojej elokwencji nawo\u0142ywa\u0142 wiernych: <em>R&oacute;wnie\u017c ja podnosz\u0119 g\u0142os, prosz\u0119, b\u0142agam i zaklinam, aby nie zbli\u017ca\u0107 si\u0119 do tego \u015bwi\u0119tego Sto\u0142u z nieczystym i ska\u017co&shy;nym sumieniem. Takie post\u0119powanie, nawet je\u015bli tysi\u0105c razy dotykamy Cia\u0142a Pana, nigdy nie b\u0119dzie mog\u0142o si\u0119 nazywa\u0107 komuni\u0105, lecz wyrokiem, niepokojem i powi\u0119kszeniem kary <\/em>(Vidi Dominum, hom. 6,3).\n<\/p>\n<p style=\"text-align: justify;\">\n\t&nbsp;&nbsp;&nbsp;&nbsp;&nbsp;&nbsp;&nbsp;&nbsp;&nbsp;&nbsp;&nbsp; Z wielkim b&oacute;lem przyjmujemy informacj\u0119 o \u015bwi\u0119tokradztwach i zniewa\u017ceniach obecnego w Naj\u015bwi\u0119tszej Eucharystii Chrystusa, kt&oacute;ry przez zwielokrotnione cudowne znaki krwawi\u0105cych hostii, w wielu miejscach Polski wskazuje na swoj\u0105 realn\u0105 obecno\u015b\u0107 pod postaci\u0105 chleba i pobudza serca wierz\u0105cych do wi\u0119kszego szacunku i modlitwy wynagradzaj\u0105cej.\n<\/p>\n<p style=\"text-align: justify;\">\n\t&nbsp;&nbsp;&nbsp;&nbsp;&nbsp;&nbsp;&nbsp;&nbsp;&nbsp;&nbsp;&nbsp; Na zako\u0144czenie chcia\u0142bym stwierdzi\u0107, \u017ce wypada, aby\u015bmy ten rok duszpasterski po\u015bwi\u0119cony Chrystusowi &ndash; Synowi Bo\u017cemu uczcili zwr&oacute;ceniem uwagi jak prawd\u0119 o Jego obecno\u015bci w Naj\u015bwi\u0119tszym Sakramencie prze\u017cywali nasi \u015bwi\u0119ci. Jan z Dukli po stracie wzroku ca\u0142e godziny sp\u0119dza\u0142 na adoracji Chrystusa i Jego moc\u0105 pomaga\u0142 ludziom, a&nbsp;procesj\u0105 eucharystyczn\u0105 zdo\u0142a\u0142 obudzi\u0107 m\u0119stwo mieszka\u0144c&oacute;w Lwowa i obroni\u0107 miasto przed tatarskim obl\u0119\u017ceniem. Jan Pawe\u0142 II codziennie wiele czasu ofiarowywa\u0142 Chrystusowi obecnemu w Naj\u015bwi\u0119tszym Sakramencie, za\u015b w ka\u017cdy czwartek, nawet w czas podr&oacute;\u017cy mimo dodatkowych zaj\u0119\u0107, dodawa\u0142 jeszcze godzin\u0119 adoracji, aby &ndash; jak to okre\u015bla\u0142: <em>czuwa\u0107 z&nbsp;Jezusem w Ogrojcu. <\/em>\n<\/p>\n<p style=\"text-align: justify;\">\n\t&nbsp;&nbsp;&nbsp;&nbsp;&nbsp;&nbsp;&nbsp;&nbsp;&nbsp;&nbsp;&nbsp; Zalecam zatem aby w ramach przygotowa\u0144 a potem dzi\u0119kczynienia za kanonizacj\u0119 Jana Paw\u0142a II, w nadziei na pog\u0142\u0119bienie wiary oraz w poczuciu obowi\u0105zku wynagradzania za grzechy ludzi promuj\u0105cych blu\u017anierstwa, zniewagi i rozk\u0142ad moralny w\u015br&oacute;d dzieci, m\u0142odzie\u017cy i starszych, poczynaj\u0105c od Wielkiego Postu podj\u0105\u0107 w ka\u017cdy czwartek adoracj\u0119 Naj\u015bwi\u0119tszego Sakramentu w naszych ko\u015bcio\u0142ach i kaplicach. Czas jej trwania niech wyznaczy gorliwo\u015b\u0107 kap\u0142ana i wiernych, ale niech to nie b\u0119dzie chwila zdawkowa, zw\u0142aszcza \u017ce przynajmniej kilkana\u015bcie minut nale\u017cy pozostawi\u0107 na duchow\u0105 rozmow\u0119, w&nbsp;milczeniu prowadzon\u0105 z Panem Jezusem.\n<\/p>\n<p style=\"text-align: justify;\">\n\t&nbsp;&nbsp;&nbsp;&nbsp;&nbsp;&nbsp;&nbsp;&nbsp;&nbsp;&nbsp;&nbsp; Poprawna, z wiar\u0105 spe\u0142niana modlitwa zawsze prowadzi do czyn&oacute;w, bo mi\u0142o\u015b\u0107 Boga nierozerwalnie \u0142\u0105czy si\u0119 z mi\u0142o\u015bci\u0105 bli\u017aniego. Papie\u017c Franciszek zach\u0119ca: <em>Dobrze jest zezwoli\u0107, aby On powr&oacute;ci\u0142 i dotkn\u0105\u0142 naszej egzystencji i pos\u0142a\u0142 nas, by\u015bmy g\u0142osili Jego nowe \u017cycie <\/em>(Ewangelii gaudium, 264). Zatem pozw&oacute;lmy niech mi\u0142o\u015b\u0107 otwiera nasze oczy, aby\u015bmy zauwa\u017cyli najbardziej potrzebuj\u0105cego w naszym pobli\u017cu, zw\u0142aszcza dziecko krzywdzone brakiem mi\u0142o\u015bci lub grzechem, samotnego starca lub mo\u017ce wi\u0119\u017ania, kt&oacute;remu nie ma kto pom&oacute;c, aby zrozumia\u0142 sw&oacute;j b\u0142\u0105d i potrzeb\u0119 jego naprawienia. Warto w\u0142\u0105czy\u0107 si\u0119 do bractwa pomocy uwi\u0119zionym lub grupy <em>Caritas<\/em> i w jedno\u015bci z innymi promowa\u0107 w\u015br&oacute;d ludzi ewangeli\u0119 \u017cycia. Niech dobra modlitwa daje nam skuteczne natchnienia do dobrych czyn&oacute;w.\n<\/p>\n<p style=\"text-align: justify;\">\n\tMatce Bo\u017cej i \u015bw. J&oacute;zefowi polecam Was Drodzy Diecezjanie i b\u0142ogos\u0142awi\u0119\n<\/p>\n<p style=\"margin-left: 106.2pt; text-align: justify;\">\n\tWasz Arcybiskup\n<\/p>\n<p style=\"margin-left: 106.2pt; text-align: justify;\">\n\t+ J&oacute;zef MICHALIK\n<\/p>\n<p style=\"text-align: justify;\">\n\tPrzemy\u015bl, 1 stycznia 2014 roku.<\/p>\n","protected":false},"excerpt":{"rendered":"<p>Drodzy Diecezjanie &nbsp;&nbsp;&nbsp;&nbsp;&nbsp;&nbsp;&nbsp;&nbsp;&nbsp;&nbsp;&nbsp; Rok duszpasterski, kt&oacute;ry prze\u017cywamy koncentruje nasz\u0105 uwag\u0119 na najwa\u017cniejszej dla chrze\u015bcijan Osobie. To Jezus Chrystus, Bo\u017cy Syn, kt&oacute;remu daje \u015bwiadectwo Jan w&nbsp;swojej ewangelii (J1,34), a kt&oacute;ry sta\u0142 si\u0119 cz\u0142owiekiem z Naj\u015bwi\u0119tszej Maryi Dziewicy i&nbsp;urodzi\u0142 si\u0119 w Betlejem. Dobrze, \u017ce do 2 lutego w naszych ko\u015bcio\u0142ach \u015bpiewamy kol\u0119dy,<span class=\"more-link\"><a href=\"https:\/\/parafiabesko.pl\/?p=1492\">Czytaj wi\u0119cej<\/a><\/span><\/p>\n","protected":false},"author":1,"featured_media":685,"comment_status":"closed","ping_status":"open","sticky":false,"template":"","format":"standard","meta":{"footnotes":""},"categories":[6],"tags":[],"class_list":["entry","author-adminparafiibesko","has-more-link","post-1492","post","type-post","status-publish","format-standard","has-post-thumbnail","category-uncategorized"],"_links":{"self":[{"href":"https:\/\/parafiabesko.pl\/index.php?rest_route=\/wp\/v2\/posts\/1492","targetHints":{"allow":["GET"]}}],"collection":[{"href":"https:\/\/parafiabesko.pl\/index.php?rest_route=\/wp\/v2\/posts"}],"about":[{"href":"https:\/\/parafiabesko.pl\/index.php?rest_route=\/wp\/v2\/types\/post"}],"author":[{"embeddable":true,"href":"https:\/\/parafiabesko.pl\/index.php?rest_route=\/wp\/v2\/users\/1"}],"replies":[{"embeddable":true,"href":"https:\/\/parafiabesko.pl\/index.php?rest_route=%2Fwp%2Fv2%2Fcomments&post=1492"}],"version-history":[{"count":0,"href":"https:\/\/parafiabesko.pl\/index.php?rest_route=\/wp\/v2\/posts\/1492\/revisions"}],"wp:featuredmedia":[{"embeddable":true,"href":"https:\/\/parafiabesko.pl\/index.php?rest_route=\/"}],"wp:attachment":[{"href":"https:\/\/parafiabesko.pl\/index.php?rest_route=%2Fwp%2Fv2%2Fmedia&parent=1492"}],"wp:term":[{"taxonomy":"category","embeddable":true,"href":"https:\/\/parafiabesko.pl\/index.php?rest_route=%2Fwp%2Fv2%2Fcategories&post=1492"},{"taxonomy":"post_tag","embeddable":true,"href":"https:\/\/parafiabesko.pl\/index.php?rest_route=%2Fwp%2Fv2%2Ftags&post=1492"}],"curies":[{"name":"wp","href":"https:\/\/api.w.org\/{rel}","templated":true}]}}