{"id":1485,"date":"2014-01-20T08:56:23","date_gmt":"2014-01-20T08:56:23","guid":{"rendered":"http:\/\/parafiabesko.pl\/?p=1485"},"modified":"2014-01-20T08:56:23","modified_gmt":"2014-01-20T08:56:23","slug":"ojciec-w-raju-rekolekcje-galeria","status":"publish","type":"post","link":"https:\/\/parafiabesko.pl\/?p=1485","title":{"rendered":"Ojciec w Raju &#8211; Rekolekcje"},"content":{"rendered":"<p>\n\tRekolekcje kt&oacute;re w naszej parafii wyg\u0142osi\u0142 w dniach 17-19 stycznia 2014 o. Adam Szustak OP.\n<\/p>\n<p>\n\t<a href=\"https:\/\/parafiabesko.pl\/ojciec-w-raju-rekolekcje\/\">Szczeg&oacute;\u0142y i nagrania<\/a>\n<\/p>\n<p>\n\t<!--more-->\n<\/p>\n<p>\n\t&nbsp;\n<\/p>\n<p>\n\t&nbsp;\n<\/p>\n\n","protected":false},"excerpt":{"rendered":"<p>Rekolekcje kt&oacute;re w naszej parafii wyg\u0142osi\u0142 w dniach 17-19 stycznia 2014 o. Adam Szustak OP. Szczeg&oacute;\u0142y i nagrania<span class=\"more-link\"><a href=\"https:\/\/parafiabesko.pl\/?p=1485\">Czytaj wi\u0119cej<\/a><\/span><\/p>\n","protected":false},"author":1,"featured_media":1486,"comment_status":"closed","ping_status":"open","sticky":false,"template":"","format":"standard","meta":{"footnotes":""},"categories":[3],"tags":[],"class_list":["entry","author-adminparafiibesko","has-more-link","post-1485","post","type-post","status-publish","format-standard","has-post-thumbnail","category-galeria"],"_links":{"self":[{"href":"https:\/\/parafiabesko.pl\/index.php?rest_route=\/wp\/v2\/posts\/1485","targetHints":{"allow":["GET"]}}],"collection":[{"href":"https:\/\/parafiabesko.pl\/index.php?rest_route=\/wp\/v2\/posts"}],"about":[{"href":"https:\/\/parafiabesko.pl\/index.php?rest_route=\/wp\/v2\/types\/post"}],"author":[{"embeddable":true,"href":"https:\/\/parafiabesko.pl\/index.php?rest_route=\/wp\/v2\/users\/1"}],"replies":[{"embeddable":true,"href":"https:\/\/parafiabesko.pl\/index.php?rest_route=%2Fwp%2Fv2%2Fcomments&post=1485"}],"version-history":[{"count":0,"href":"https:\/\/parafiabesko.pl\/index.php?rest_route=\/wp\/v2\/posts\/1485\/revisions"}],"wp:featuredmedia":[{"embeddable":true,"href":"https:\/\/parafiabesko.pl\/index.php?rest_route=\/"}],"wp:attachment":[{"href":"https:\/\/parafiabesko.pl\/index.php?rest_route=%2Fwp%2Fv2%2Fmedia&parent=1485"}],"wp:term":[{"taxonomy":"category","embeddable":true,"href":"https:\/\/parafiabesko.pl\/index.php?rest_route=%2Fwp%2Fv2%2Fcategories&post=1485"},{"taxonomy":"post_tag","embeddable":true,"href":"https:\/\/parafiabesko.pl\/index.php?rest_route=%2Fwp%2Fv2%2Ftags&post=1485"}],"curies":[{"name":"wp","href":"https:\/\/api.w.org\/{rel}","templated":true}]}}