{"id":1482,"date":"2014-01-19T20:54:39","date_gmt":"2014-01-19T20:54:39","guid":{"rendered":"http:\/\/parafiabesko.pl\/?p=1482"},"modified":"2014-01-19T20:54:39","modified_gmt":"2014-01-19T20:54:39","slug":"ogloszenia-19-01-2014","status":"publish","type":"post","link":"https:\/\/parafiabesko.pl\/?p=1482","title":{"rendered":"Og\u0142oszenia 19.01.2014"},"content":{"rendered":"<p>\n\t1. &nbsp;Dzisiaj trzeci dzie\u0144 rekolekcji,&nbsp; kt&oacute;re wyg\u0142osi w naszej parafii o. Adam Szustak &ndash; dominikanin:\n<\/p>\n<p><!--more--><\/p>\n<p>\n\t<strong>Program:<\/strong>\n<\/p>\n<p>\n\t<strong>19.01 &ndash; Niedziela<\/strong> &ndash; Msze \u015bw. &ndash; 7.30, 9.15, 11.00, 16.30 z homili\u0105,<br \/>\n\tok. godz. 17.30 III konferencja na sali w GOK w Besku.\n<\/p>\n<p>\n\t2. Dzisiaj przed sum\u0105 o godzinie 10.45 koncert kol\u0119d, kt&oacute;ry odb\u0119dzie si\u0119 w naszym ko\u015bciele w wykonaniu orkiestry OSP z Beska.\n<\/p>\n<p>\n\t3, We wtorek o godzinie 17.00 Nabo\u017ce\u0144stwo do Bo\u017cego Mi\u0142osierdzia.\n<\/p>\n<p>\n\t4. &nbsp;W \u015brod\u0119 o godzinie 17.00 Nowenna do Matki Bo\u017cej Nieustaj\u0105cej Pomocy.\n<\/p>\n<p>\n\t5. &nbsp;W ubieg\u0142\u0105 sobot\u0119 &nbsp;rozpocz\u0105\u0142 si\u0119 Tydzie\u0144 Modlitwy o Jedno\u015b\u0107 Chrze\u015bcijan.\n<\/p>\n<p>\n\t6. &nbsp;Zako\u0144czy\u0142a si\u0119 wizyta duszpasterska, serdecznie dzi\u0119kujemy Parafianom &nbsp;za \u017cyczliwo\u015b\u0107, religijn\u0105 atmosfer\u0119 i z\u0142o\u017cone ofiary. B&oacute;g zap\u0142a\u0107!.\n<\/p>\n<p>\n\t7.&nbsp; Dzisiaj po Mszy \u015bwi\u0119tej wieczorowej spotkanie Akcji Katolickiej.<\/p>\n","protected":false},"excerpt":{"rendered":"<p>1. &nbsp;Dzisiaj trzeci dzie\u0144 rekolekcji,&nbsp; kt&oacute;re wyg\u0142osi w naszej parafii o. Adam Szustak &ndash; dominikanin:<span class=\"more-link\"><a href=\"https:\/\/parafiabesko.pl\/?p=1482\">Czytaj wi\u0119cej<\/a><\/span><\/p>\n","protected":false},"author":1,"featured_media":1059,"comment_status":"closed","ping_status":"open","sticky":false,"template":"","format":"standard","meta":{"footnotes":""},"categories":[7],"tags":[],"class_list":["entry","author-adminparafiibesko","has-more-link","post-1482","post","type-post","status-publish","format-standard","has-post-thumbnail","category-ogloszenia-parafialne"],"_links":{"self":[{"href":"https:\/\/parafiabesko.pl\/index.php?rest_route=\/wp\/v2\/posts\/1482","targetHints":{"allow":["GET"]}}],"collection":[{"href":"https:\/\/parafiabesko.pl\/index.php?rest_route=\/wp\/v2\/posts"}],"about":[{"href":"https:\/\/parafiabesko.pl\/index.php?rest_route=\/wp\/v2\/types\/post"}],"author":[{"embeddable":true,"href":"https:\/\/parafiabesko.pl\/index.php?rest_route=\/wp\/v2\/users\/1"}],"replies":[{"embeddable":true,"href":"https:\/\/parafiabesko.pl\/index.php?rest_route=%2Fwp%2Fv2%2Fcomments&post=1482"}],"version-history":[{"count":0,"href":"https:\/\/parafiabesko.pl\/index.php?rest_route=\/wp\/v2\/posts\/1482\/revisions"}],"wp:featuredmedia":[{"embeddable":true,"href":"https:\/\/parafiabesko.pl\/index.php?rest_route=\/"}],"wp:attachment":[{"href":"https:\/\/parafiabesko.pl\/index.php?rest_route=%2Fwp%2Fv2%2Fmedia&parent=1482"}],"wp:term":[{"taxonomy":"category","embeddable":true,"href":"https:\/\/parafiabesko.pl\/index.php?rest_route=%2Fwp%2Fv2%2Fcategories&post=1482"},{"taxonomy":"post_tag","embeddable":true,"href":"https:\/\/parafiabesko.pl\/index.php?rest_route=%2Fwp%2Fv2%2Ftags&post=1482"}],"curies":[{"name":"wp","href":"https:\/\/api.w.org\/{rel}","templated":true}]}}